{"id":13940,"date":"2021-02-15T11:59:49","date_gmt":"2021-02-15T10:59:49","guid":{"rendered":"http:\/\/www.pr-neu.de\/newsroom\/?p=13940"},"modified":"2021-02-15T12:00:47","modified_gmt":"2021-02-15T11:00:47","slug":"einfach-glatte-waende","status":"publish","type":"post","link":"https:\/\/www.pr-neu.de\/newsroom\/einfach-glatte-waende\/","title":{"rendered":"Einfach glatte W\u00e4nde"},"content":{"rendered":"<p><u>Silikat-Spachtel: Ideal f\u00fcr DIY\u2018ler<\/u><\/p>\n<p>&nbsp;<\/p>\n<p><strong>Mit den richtigen Baustoffen wird das Heimwerken einfacher und bringt bessere Ergebnisse. F\u00fcr glatte Innenw\u00e4nde sind Fertigspachtel wie der \u201eVeroBoard Rapid Silikat-Spachtel\u201c optimal: Verarbeitungsfertig im Eimer l\u00e4sst sich die homogene Masse einfach und sauber auftragen. Schimmelhemmend und schadstofffrei sorgt sie f\u00fcr Wohlf\u00fchlklima im Zuhause. Hier zeigen wir Schritt f\u00fcr Schritt, wie einfach glatte W\u00e4nde entstehen.<\/strong><\/p>\n<p>&nbsp;<\/p>\n<p>Voraussetzung: Eine fertig beplankte Wand (oder Decke). Hier im Beispiel ist es eine Innenwand mit der Bl\u00e4hglas-Granulatplatte \u201eVeroBoard Rapid\u201c. Als Vorarbeit sind alle Fugen mit einem Gewebeband zu kaschieren, dann ist der Spachtel gut aufzur\u00fchren. Das gen\u00fcgt schon: Kein Anmischen, kein Verd\u00fcnnen, der Spachtel wird direkt aus dem Eimer verarbeitet!<\/p>\n<p>&nbsp;<\/p>\n<p>Der erste Arbeitsschritt: Mit dem Spachtel das Gewebeband auf den Sto\u00dffugen fixieren, Fehlstellen (z.B. bei zu tief versenkten Schrauben) auff\u00fcllen und scharf abziehen. Trocknen lassen, anschlie\u00dfend grobe Partikel mit Kelle oder Schleifpapier entfernen. Nun folgt das Spachteln der Ecken und Kanten. Tipp: Au\u00dfenecken mit einem Winkelprofil verst\u00e4rken. Dazu einfach die Kante dick mit dem Spachtel belegen, Profil fest auf die Ecke dr\u00fccken und noch einmal mit Spachtel \u00fcberziehen. Und schon geht\u2019s in die Fl\u00e4che \u2013 hier haben Heimwerker die Wahl zwischen Kelle, Rolle oder Airless-Ger\u00e4t. Generell gilt es, eine Schichtst\u00e4rke von 1 bis 2 Millimetern aufzutragen.<\/p>\n<p>&nbsp;<\/p>\n<p>Anschlie\u00dfend wird die noch feuchte Spachtelschicht mit einem Fl\u00e4chengl\u00e4tter (\u201eSchmetterling\u201c) gegl\u00e4ttet. Um Spachtelkanten zu vermeiden, die Ecken des Werkzeugs leicht nach oben biegen. Das Gl\u00e4tten erfolgt z\u00fcgig im flachen Winkel. Trocknen lassen \u2013 und auf den Wunsch-Gl\u00e4ttegrad schleifen. Fertig ist die glatte Wand \u2013 jetzt kann gestrichen, tapeziert oder mit feinem Putz strukturiert werden.<\/p>\n<p>&nbsp;<\/p>\n<p><strong>Hinweise<\/strong><\/p>\n<ul>\n<li>H\u00f6here Schichtdicken sind durch mehrfaches Auftragen problemlos m\u00f6glich.<\/li>\n<li>Schleifen ist bis zur Qualit\u00e4tsstufe Q4 m\u00f6glich.<\/li>\n<li>Dieses Vorgehen funktioniert analog auf Untergr\u00fcnden wie Gipsbauplatten*, Gipskarton* oder verputztem Mauerwerk. *Unter Ber\u00fccksichtigung der Herstellerangaben<\/li>\n<\/ul>\n<p>&nbsp;<\/p>\n<hr \/>\n<p>&nbsp;<\/p>\n<p><a href=\"http:\/\/www.pr-neu.de\/newsroom\/wordpress\/wp-content\/uploads\/2021\/02\/21-01_Silikat-Spachtel_1_K.jpg\" target=\"_blank\" rel=\"noopener noreferrer\"><img loading=\"lazy\" decoding=\"async\" class=\"aligncenter wp-image-13941 size-medium\" src=\"http:\/\/www.pr-neu.de\/newsroom\/wordpress\/wp-content\/uploads\/2021\/02\/21-01_Silikat-Spachtel_1_K-300x222.jpg\" alt=\"\" width=\"300\" height=\"222\" srcset=\"https:\/\/www.pr-neu.de\/newsroom\/wordpress\/wp-content\/uploads\/2021\/02\/21-01_Silikat-Spachtel_1_K-300x222.jpg 300w, https:\/\/www.pr-neu.de\/newsroom\/wordpress\/wp-content\/uploads\/2021\/02\/21-01_Silikat-Spachtel_1_K-1024x757.jpg 1024w, https:\/\/www.pr-neu.de\/newsroom\/wordpress\/wp-content\/uploads\/2021\/02\/21-01_Silikat-Spachtel_1_K-768x568.jpg 768w, https:\/\/www.pr-neu.de\/newsroom\/wordpress\/wp-content\/uploads\/2021\/02\/21-01_Silikat-Spachtel_1_K-1536x1135.jpg 1536w, https:\/\/www.pr-neu.de\/newsroom\/wordpress\/wp-content\/uploads\/2021\/02\/21-01_Silikat-Spachtel_1_K-2048x1514.jpg 2048w, https:\/\/www.pr-neu.de\/newsroom\/wordpress\/wp-content\/uploads\/2021\/02\/21-01_Silikat-Spachtel_1_K-110x81.jpg 110w, https:\/\/www.pr-neu.de\/newsroom\/wordpress\/wp-content\/uploads\/2021\/02\/21-01_Silikat-Spachtel_1_K-420x310.jpg 420w, https:\/\/www.pr-neu.de\/newsroom\/wordpress\/wp-content\/uploads\/2021\/02\/21-01_Silikat-Spachtel_1_K-582x430.jpg 582w\" sizes=\"auto, (max-width: 300px) 100vw, 300px\" \/><\/a><\/p>\n<p style=\"text-align: center;\">1 Fugen abkleben, Fehlstellen vorspachteln, Fugenband fixieren.<\/p>\n<p>&nbsp;<\/p>\n<p><a href=\"http:\/\/www.pr-neu.de\/newsroom\/wordpress\/wp-content\/uploads\/2021\/02\/21-01_Silikat-Spachtel_2_K.jpg\" target=\"_blank\" rel=\"noopener noreferrer\"><img loading=\"lazy\" decoding=\"async\" class=\"aligncenter wp-image-13942 size-medium\" src=\"http:\/\/www.pr-neu.de\/newsroom\/wordpress\/wp-content\/uploads\/2021\/02\/21-01_Silikat-Spachtel_2_K-300x222.jpg\" alt=\"\" width=\"300\" height=\"222\" srcset=\"https:\/\/www.pr-neu.de\/newsroom\/wordpress\/wp-content\/uploads\/2021\/02\/21-01_Silikat-Spachtel_2_K-300x222.jpg 300w, https:\/\/www.pr-neu.de\/newsroom\/wordpress\/wp-content\/uploads\/2021\/02\/21-01_Silikat-Spachtel_2_K-1024x757.jpg 1024w, https:\/\/www.pr-neu.de\/newsroom\/wordpress\/wp-content\/uploads\/2021\/02\/21-01_Silikat-Spachtel_2_K-768x568.jpg 768w, https:\/\/www.pr-neu.de\/newsroom\/wordpress\/wp-content\/uploads\/2021\/02\/21-01_Silikat-Spachtel_2_K-1536x1135.jpg 1536w, https:\/\/www.pr-neu.de\/newsroom\/wordpress\/wp-content\/uploads\/2021\/02\/21-01_Silikat-Spachtel_2_K-2048x1514.jpg 2048w, https:\/\/www.pr-neu.de\/newsroom\/wordpress\/wp-content\/uploads\/2021\/02\/21-01_Silikat-Spachtel_2_K-110x81.jpg 110w, https:\/\/www.pr-neu.de\/newsroom\/wordpress\/wp-content\/uploads\/2021\/02\/21-01_Silikat-Spachtel_2_K-420x310.jpg 420w, https:\/\/www.pr-neu.de\/newsroom\/wordpress\/wp-content\/uploads\/2021\/02\/21-01_Silikat-Spachtel_2_K-582x430.jpg 582w\" sizes=\"auto, (max-width: 300px) 100vw, 300px\" \/><\/a><\/p>\n<p style=\"text-align: center;\">2 Au\u00dfenkanten mit Eckprofil einspachteln.<\/p>\n<p>&nbsp;<\/p>\n<p><a href=\"http:\/\/www.pr-neu.de\/newsroom\/wordpress\/wp-content\/uploads\/2021\/02\/21-01_Silikat-Spachtel_3_K.jpg\" target=\"_blank\" rel=\"noopener noreferrer\"><img loading=\"lazy\" decoding=\"async\" class=\"aligncenter wp-image-13943 size-medium\" src=\"http:\/\/www.pr-neu.de\/newsroom\/wordpress\/wp-content\/uploads\/2021\/02\/21-01_Silikat-Spachtel_3_K-300x222.jpg\" alt=\"\" width=\"300\" height=\"222\" srcset=\"https:\/\/www.pr-neu.de\/newsroom\/wordpress\/wp-content\/uploads\/2021\/02\/21-01_Silikat-Spachtel_3_K-300x222.jpg 300w, https:\/\/www.pr-neu.de\/newsroom\/wordpress\/wp-content\/uploads\/2021\/02\/21-01_Silikat-Spachtel_3_K-1024x757.jpg 1024w, https:\/\/www.pr-neu.de\/newsroom\/wordpress\/wp-content\/uploads\/2021\/02\/21-01_Silikat-Spachtel_3_K-768x568.jpg 768w, https:\/\/www.pr-neu.de\/newsroom\/wordpress\/wp-content\/uploads\/2021\/02\/21-01_Silikat-Spachtel_3_K-1536x1135.jpg 1536w, https:\/\/www.pr-neu.de\/newsroom\/wordpress\/wp-content\/uploads\/2021\/02\/21-01_Silikat-Spachtel_3_K-2048x1514.jpg 2048w, https:\/\/www.pr-neu.de\/newsroom\/wordpress\/wp-content\/uploads\/2021\/02\/21-01_Silikat-Spachtel_3_K-110x81.jpg 110w, https:\/\/www.pr-neu.de\/newsroom\/wordpress\/wp-content\/uploads\/2021\/02\/21-01_Silikat-Spachtel_3_K-420x310.jpg 420w, https:\/\/www.pr-neu.de\/newsroom\/wordpress\/wp-content\/uploads\/2021\/02\/21-01_Silikat-Spachtel_3_K-582x430.jpg 582w\" sizes=\"auto, (max-width: 300px) 100vw, 300px\" \/><\/a><\/p>\n<p style=\"text-align: center;\">3 Nach dem Abtrocknen Grate und grobe Partikel entfernen.<\/p>\n<p>&nbsp;<\/p>\n<p><a href=\"http:\/\/www.pr-neu.de\/newsroom\/wordpress\/wp-content\/uploads\/2021\/02\/21-01_Silikat-Spachtel_4_K.jpg\" target=\"_blank\" rel=\"noopener noreferrer\"><img loading=\"lazy\" decoding=\"async\" class=\"aligncenter wp-image-13944 size-large\" src=\"http:\/\/www.pr-neu.de\/newsroom\/wordpress\/wp-content\/uploads\/2021\/02\/21-01_Silikat-Spachtel_4_K-1024x340.jpg\" alt=\"\" width=\"640\" height=\"213\" srcset=\"https:\/\/www.pr-neu.de\/newsroom\/wordpress\/wp-content\/uploads\/2021\/02\/21-01_Silikat-Spachtel_4_K-1024x340.jpg 1024w, https:\/\/www.pr-neu.de\/newsroom\/wordpress\/wp-content\/uploads\/2021\/02\/21-01_Silikat-Spachtel_4_K-300x100.jpg 300w, https:\/\/www.pr-neu.de\/newsroom\/wordpress\/wp-content\/uploads\/2021\/02\/21-01_Silikat-Spachtel_4_K-768x255.jpg 768w, https:\/\/www.pr-neu.de\/newsroom\/wordpress\/wp-content\/uploads\/2021\/02\/21-01_Silikat-Spachtel_4_K-1536x509.jpg 1536w, https:\/\/www.pr-neu.de\/newsroom\/wordpress\/wp-content\/uploads\/2021\/02\/21-01_Silikat-Spachtel_4_K-2048x679.jpg 2048w, https:\/\/www.pr-neu.de\/newsroom\/wordpress\/wp-content\/uploads\/2021\/02\/21-01_Silikat-Spachtel_4_K-110x36.jpg 110w, https:\/\/www.pr-neu.de\/newsroom\/wordpress\/wp-content\/uploads\/2021\/02\/21-01_Silikat-Spachtel_4_K-420x139.jpg 420w, https:\/\/www.pr-neu.de\/newsroom\/wordpress\/wp-content\/uploads\/2021\/02\/21-01_Silikat-Spachtel_4_K-770x255.jpg 770w\" sizes=\"auto, (max-width: 640px) 100vw, 640px\" \/><\/a><\/p>\n<p style=\"text-align: center;\">4 Spachteln der Fl\u00e4che: Geht mit Kelle, kurzfloriger Rolle oder Airlessger\u00e4t. Nach dem Spachteln wird die noch feuchte Masse zun\u00e4chst mit dem Fl\u00e4chenspachtel gegl\u00e4ttet.<\/p>\n<p>&nbsp;<\/p>\n<p><a href=\"http:\/\/www.pr-neu.de\/newsroom\/wordpress\/wp-content\/uploads\/2021\/02\/21-01_Silikat-Spachtel_5_K.jpg\" target=\"_blank\" rel=\"noopener noreferrer\"><img loading=\"lazy\" decoding=\"async\" class=\"aligncenter wp-image-13945 size-medium\" src=\"http:\/\/www.pr-neu.de\/newsroom\/wordpress\/wp-content\/uploads\/2021\/02\/21-01_Silikat-Spachtel_5_K-300x222.jpg\" alt=\"\" width=\"300\" height=\"222\" srcset=\"https:\/\/www.pr-neu.de\/newsroom\/wordpress\/wp-content\/uploads\/2021\/02\/21-01_Silikat-Spachtel_5_K-300x222.jpg 300w, https:\/\/www.pr-neu.de\/newsroom\/wordpress\/wp-content\/uploads\/2021\/02\/21-01_Silikat-Spachtel_5_K-1024x757.jpg 1024w, https:\/\/www.pr-neu.de\/newsroom\/wordpress\/wp-content\/uploads\/2021\/02\/21-01_Silikat-Spachtel_5_K-768x568.jpg 768w, https:\/\/www.pr-neu.de\/newsroom\/wordpress\/wp-content\/uploads\/2021\/02\/21-01_Silikat-Spachtel_5_K-1536x1135.jpg 1536w, https:\/\/www.pr-neu.de\/newsroom\/wordpress\/wp-content\/uploads\/2021\/02\/21-01_Silikat-Spachtel_5_K-2048x1514.jpg 2048w, https:\/\/www.pr-neu.de\/newsroom\/wordpress\/wp-content\/uploads\/2021\/02\/21-01_Silikat-Spachtel_5_K-110x81.jpg 110w, https:\/\/www.pr-neu.de\/newsroom\/wordpress\/wp-content\/uploads\/2021\/02\/21-01_Silikat-Spachtel_5_K-420x310.jpg 420w, https:\/\/www.pr-neu.de\/newsroom\/wordpress\/wp-content\/uploads\/2021\/02\/21-01_Silikat-Spachtel_5_K-582x430.jpg 582w\" sizes=\"auto, (max-width: 300px) 100vw, 300px\" \/><\/a><\/p>\n<p style=\"text-align: center;\">5 Nach dem Trocknen die Fl\u00e4che bis zum gew\u00fcnschten Gl\u00e4ttegrad schleifen.<\/p>\n<p style=\"text-align: center;\">Bilder: Verotec<\/p>\n<p>&nbsp;<\/p>\n<hr \/>\n<p>&nbsp;<\/p>\n<p><strong>Hintergrund:<\/strong><\/p>\n<p><strong>Verotec<\/strong> (Lauingen\/Donau), bekannt als Hersteller von Systemen f\u00fcr vorgeh\u00e4ngte, hinterl\u00fcftete Fassaden und Akustik, ist Teil der Sto Group, agiert seit 2014 eigenst\u00e4ndig \u2013 mit eigenem Vertrieb, in neuen M\u00e4rkten. Die hochwertigen Leichtbauplatten aus Bl\u00e4hglas sind ausschlie\u00dflich \u00fcber den Fach- und Einzelhandel erh\u00e4ltlich. Weitere Verotec-Produkte und Infos \u00fcber Verotec unter www.verotec.de.<\/p>\n<p><strong>VeroBoard<\/strong><sup>\u00ae<\/sup><strong> Rapid<\/strong> ist die Verotec-Eigenmarke f\u00fcr Leichtbauprodukte im DIY. Sie basiert auf der dimensionsstabilen Leichtbauplatte, die mehr kann als herk\u00f6mmliche Bauplatten in Trockenbausystemen: Sie ist besonders leicht (5 kg\/m\u00b2), schnell und einfach zu verarbeiten, in Innenr\u00e4umen, Feuchtr\u00e4umen und auch au\u00dfen einsetzbar und deshalb besonders bei Heimwerkern beliebt. Schadstofffrei und diffusionsoffen tr\u00e4gt sie zu einem guten Wohlf\u00fchlklima im Raum bei. Zudem ist sie ein umwelt\u00adfreundliches Recycling-Produkt: VeroBoard<sup>\u00ae<\/sup> Rapid besteht zu 96 Pro\u00adzent aus Altglas (Bl\u00e4hglas). Formate: Handliche 80 x 120 cm, f\u00fcr den gro\u00df\u00adfl\u00e4chigen Einsatz 120 x 240 cm. Als Erg\u00e4nzungsprodukt unterst\u00fctzt der mineralische und schadstoffarme Silikat-Spachtel das Raumklima in sensiblen Wohnumgebungen, hemmt die Bildung von Schimmel und ist ideal zum Gl\u00e4tten von Untergr\u00fcnden f\u00fcr VeroBoard Rapid Leichtbaukonstruktionen.<\/p>\n<p><a href=\"http:\/\/www.veroboard-rapid.de\">www.veroboard-rapid.de<\/a><\/p>\n<p>&nbsp;<\/p>\n<p>Abdruck honorarfrei, Belegexemplar erbeten.<\/p>\n","protected":false},"excerpt":{"rendered":"<p>Silikat-Spachtel: Ideal f\u00fcr DIY\u2018ler &nbsp; Mit den richtigen Baustoffen wird das Heimwerken einfacher und bringt bessere Ergebnisse. F\u00fcr glatte Innenw\u00e4nde sind Fertigspachtel wie der \u201eVeroBoard Rapid Silikat-Spachtel\u201c optimal: Verarbeitungsfertig im Eimer l\u00e4sst sich die homogene Masse einfach und sauber auftragen. Schimmelhemmend und schadstofffrei sorgt sie f\u00fcr Wohlf\u00fchlklima im Zuhause. Hier zeigen wir Schritt f\u00fcr Schritt, [&hellip;]<\/p>\n","protected":false},"author":6,"featured_media":13943,"comment_status":"closed","ping_status":"open","sticky":false,"template":"","format":"standard","meta":{"footnotes":""},"categories":[22],"tags":[],"class_list":["post-13940","post","type-post","status-publish","format-standard","has-post-thumbnail","hentry","category-verotec"],"_links":{"self":[{"href":"https:\/\/www.pr-neu.de\/newsroom\/wp-json\/wp\/v2\/posts\/13940","targetHints":{"allow":["GET"]}}],"collection":[{"href":"https:\/\/www.pr-neu.de\/newsroom\/wp-json\/wp\/v2\/posts"}],"about":[{"href":"https:\/\/www.pr-neu.de\/newsroom\/wp-json\/wp\/v2\/types\/post"}],"author":[{"embeddable":true,"href":"https:\/\/www.pr-neu.de\/newsroom\/wp-json\/wp\/v2\/users\/6"}],"replies":[{"embeddable":true,"href":"https:\/\/www.pr-neu.de\/newsroom\/wp-json\/wp\/v2\/comments?post=13940"}],"version-history":[{"count":5,"href":"https:\/\/www.pr-neu.de\/newsroom\/wp-json\/wp\/v2\/posts\/13940\/revisions"}],"predecessor-version":[{"id":17426,"href":"https:\/\/www.pr-neu.de\/newsroom\/wp-json\/wp\/v2\/posts\/13940\/revisions\/17426"}],"wp:featuredmedia":[{"embeddable":true,"href":"https:\/\/www.pr-neu.de\/newsroom\/wp-json\/wp\/v2\/media\/13943"}],"wp:attachment":[{"href":"https:\/\/www.pr-neu.de\/newsroom\/wp-json\/wp\/v2\/media?parent=13940"}],"wp:term":[{"taxonomy":"category","embeddable":true,"href":"https:\/\/www.pr-neu.de\/newsroom\/wp-json\/wp\/v2\/categories?post=13940"},{"taxonomy":"post_tag","embeddable":true,"href":"https:\/\/www.pr-neu.de\/newsroom\/wp-json\/wp\/v2\/tags?post=13940"}],"curies":[{"name":"wp","href":"https:\/\/api.w.org\/{rel}","templated":true}]}}