{"id":13936,"date":"2021-02-11T13:26:19","date_gmt":"2021-02-11T12:26:19","guid":{"rendered":"http:\/\/www.pr-neu.de\/newsroom\/?p=13936"},"modified":"2021-12-22T12:20:54","modified_gmt":"2021-12-22T11:20:54","slug":"gut-bemessen-im-wintergartenbau","status":"publish","type":"post","link":"https:\/\/www.pr-neu.de\/newsroom\/gut-bemessen-im-wintergartenbau\/","title":{"rendered":"Gut (be)messen im Wintergartenbau"},"content":{"rendered":"<p><u>Statik-Webinare von TS-Aluminium \u2013 praxisnah und anschaulich<\/u><\/p>\n<p>&nbsp;<\/p>\n<p>Sichere Winterg\u00e4rten und Terrassend\u00e4cher mit optimaler Statik: In den Online-Seminaren (25. \/ 26. Februar 21) erkl\u00e4ren Experten von TS-Aluminium sicherheitsrelevante Aspekte f\u00fcr zuverl\u00e4ssige und langlebige Konstruktionen. Ob Schneelasten, Wind- und Eigengewichte \u2013 schwierige Sachverhalte werden anhand anschaulicher Praxisbeispiele erl\u00e4utert. Die 30-min\u00fctigen Schulungen sind kostenlos. Anmeldung unter: <a href=\"http:\/\/www.ts-alu.de\/servicebereich\/seminare\/210-anmeldung-ts-webinare.html\">www.ts-alu.de\/servicebereich\/seminare\/210-anmeldung-ts-webinare.html<\/a><\/p>\n<p>&nbsp;<\/p>\n<hr \/>\n<p>&nbsp;<\/p>\n<p><strong>Online-Seminare von TS-Aluminium Februar 2021<\/strong><\/p>\n<p><strong>Schneelastermittlung<\/strong> im Wintergarten- und Terrassendachbau<br \/>\nDonnerstag, 25.02.21, 15:00 bis 15:30 Uhr<\/p>\n<p><strong>Statik<\/strong> im Wintergarten- und Terrassendachbau, Teil 1: Grundlagen<br \/>\nDonnerstag, 25.02.21, 16:00 bis 16:30 Uhr<\/p>\n<p><strong>Statik<\/strong> im Wintergarten- und Terrassendachbau, Teil 2: Anwendung<br \/>\nFreitag, 26.02.21, 13:00 bis 13:30 Uhr<\/p>\n<p><strong>Befestigungstechnik<\/strong> im Wintergarten- und Terrassendachbau<br \/>\nFreitag, 26.02.21, 14:00 bis 14:30 Uhr<\/p>\n<p>&nbsp;<\/p>\n<hr \/>\n<p>&nbsp;<\/p>\n<p>Abdruck honorarfrei, Belegexemplar erbeten.<\/p>\n","protected":false},"excerpt":{"rendered":"<p>Statik-Webinare von TS-Aluminium \u2013 praxisnah und anschaulich &nbsp; Sichere Winterg\u00e4rten und Terrassend\u00e4cher mit optimaler Statik: In den Online-Seminaren (25. \/ 26. Februar 21) erkl\u00e4ren Experten von TS-Aluminium sicherheitsrelevante Aspekte f\u00fcr zuverl\u00e4ssige und langlebige Konstruktionen. Ob Schneelasten, Wind- und Eigengewichte \u2013 schwierige Sachverhalte werden anhand anschaulicher Praxisbeispiele erl\u00e4utert. Die 30-min\u00fctigen Schulungen sind kostenlos. Anmeldung unter: www.ts-alu.de\/servicebereich\/seminare\/210-anmeldung-ts-webinare.html [&hellip;]<\/p>\n","protected":false},"author":6,"featured_media":13939,"comment_status":"closed","ping_status":"open","sticky":false,"template":"","format":"standard","meta":{"footnotes":""},"categories":[1761],"tags":[],"class_list":["post-13936","post","type-post","status-publish","format-standard","has-post-thumbnail","hentry","category-ts-aluminium"],"_links":{"self":[{"href":"https:\/\/www.pr-neu.de\/newsroom\/wp-json\/wp\/v2\/posts\/13936","targetHints":{"allow":["GET"]}}],"collection":[{"href":"https:\/\/www.pr-neu.de\/newsroom\/wp-json\/wp\/v2\/posts"}],"about":[{"href":"https:\/\/www.pr-neu.de\/newsroom\/wp-json\/wp\/v2\/types\/post"}],"author":[{"embeddable":true,"href":"https:\/\/www.pr-neu.de\/newsroom\/wp-json\/wp\/v2\/users\/6"}],"replies":[{"embeddable":true,"href":"https:\/\/www.pr-neu.de\/newsroom\/wp-json\/wp\/v2\/comments?post=13936"}],"version-history":[{"count":2,"href":"https:\/\/www.pr-neu.de\/newsroom\/wp-json\/wp\/v2\/posts\/13936\/revisions"}],"predecessor-version":[{"id":13938,"href":"https:\/\/www.pr-neu.de\/newsroom\/wp-json\/wp\/v2\/posts\/13936\/revisions\/13938"}],"wp:featuredmedia":[{"embeddable":true,"href":"https:\/\/www.pr-neu.de\/newsroom\/wp-json\/wp\/v2\/media\/13939"}],"wp:attachment":[{"href":"https:\/\/www.pr-neu.de\/newsroom\/wp-json\/wp\/v2\/media?parent=13936"}],"wp:term":[{"taxonomy":"category","embeddable":true,"href":"https:\/\/www.pr-neu.de\/newsroom\/wp-json\/wp\/v2\/categories?post=13936"},{"taxonomy":"post_tag","embeddable":true,"href":"https:\/\/www.pr-neu.de\/newsroom\/wp-json\/wp\/v2\/tags?post=13936"}],"curies":[{"name":"wp","href":"https:\/\/api.w.org\/{rel}","templated":true}]}}