{"id":13908,"date":"2021-01-19T08:00:57","date_gmt":"2021-01-19T07:00:57","guid":{"rendered":"http:\/\/www.pr-neu.de\/newsroom\/?p=13908"},"modified":"2021-01-18T14:26:16","modified_gmt":"2021-01-18T13:26:16","slug":"dicht-mit-system","status":"publish","type":"post","link":"https:\/\/www.pr-neu.de\/newsroom\/dicht-mit-system\/","title":{"rendered":"Dicht mit System"},"content":{"rendered":"<p><u>BAU Online 2021: Hanno mit \u201edichter Bandbreite\u201c<\/u><\/p>\n<p>&nbsp;<\/p>\n<p><strong>Der Dicht- und D\u00e4mmspezialist Hanno pr\u00e4sentierte auf der BAU Online 2021 den innovativen \u201eHanno-Injektionsklotz\u201c f\u00fcr das einfache Verklotzen von Fenster- und T\u00fcrrahmen. Auf dem eigenen virtuellen Messestand stellte das Unternehmen zudem das breite Portfolio an Dicht- und D\u00e4mml\u00f6sungen vor.<\/strong><\/p>\n<p>&nbsp;<\/p>\n<p>Nah, n\u00e4her, digital: Auch 2021 war Hanno mit interaktivem Messestand Teil der BAU. Im modernen Design zeigte sich der Dicht- und D\u00e4mmspezialist dem Fachpublikum. Nur wenige Klicks f\u00fchrten Besucher zu Produkten, Referenzen und digitalen Angeboten.<\/p>\n<p>&nbsp;<\/p>\n<p><strong>Die volle Bandbreite<\/strong><\/p>\n<p>&nbsp;<\/p>\n<p>Highlight war der \u201eHanno-Injektionsklotz\u201c: \u201eMit diesem bietet Hanno eine schnelle und leistungsf\u00e4hige L\u00f6sung f\u00fcr die sachgem\u00e4\u00dfe Fenster- und T\u00fcrmontage mit Multifunktionsb\u00e4ndern\u201c, beschreibt Oliver Troska, Leiter der Anwendungstechnik, den Nutzen. \u201eDas PU-Injektionsharz wird direkt in die Fugendichtungsb\u00e4nder gespritzt, h\u00e4rtet vollst\u00e4ndig aus und verklotzt den Rahmen. Das Dichtband muss nicht ausgeklinkt werden, die sonst \u00fcblichen Einschnitte f\u00fcr mechanische Kl\u00f6tze entfallen\u201c, so Troska.<\/p>\n<p>&nbsp;<\/p>\n<p>Mit 125 Jahren Erfahrung entwickelt das Laatzener Unternehmen hochleistungsf\u00e4hige Bauprodukte f\u00fcr dichte Fugen sowie schall- und w\u00e4rmeged\u00e4mmte Bauteilanschl\u00fcsse. \u201eZum Motto \u201eSich nicht auf Erreichtem ausruhen\u201c geh\u00f6rt f\u00fcr uns der Dialog mit Verarbeitern, Handel und Planern als Inspiration dazu. Daher war die BAU schon immer ein Pflichttermin f\u00fcr uns. Mit dem digitalen Konzept haben die Veranstalter eine ganz neue Plattform geschaffen\u201c, sagt Prokurist und Vertriebsleiter Markus Fehrmann, \u201ewir freuen uns, dass dadurch die Branche auch 2021 zusammenkam\u201c.<\/p>\n<p>&nbsp;<\/p>\n<hr \/>\n<p>&nbsp;<\/p>\n<p><a href=\"http:\/\/www.pr-neu.de\/newsroom\/wordpress\/wp-content\/uploads\/2021\/01\/21-05_Hanno-Messestand_K-scaled.jpg\" target=\"_blank\" rel=\"noopener noreferrer\"><img loading=\"lazy\" decoding=\"async\" class=\"aligncenter wp-image-13909 size-medium\" src=\"http:\/\/www.pr-neu.de\/newsroom\/wordpress\/wp-content\/uploads\/2021\/01\/21-05_Hanno-Messestand_K-300x148.jpg\" alt=\"\" width=\"300\" height=\"148\" srcset=\"https:\/\/www.pr-neu.de\/newsroom\/wordpress\/wp-content\/uploads\/2021\/01\/21-05_Hanno-Messestand_K-300x148.jpg 300w, https:\/\/www.pr-neu.de\/newsroom\/wordpress\/wp-content\/uploads\/2021\/01\/21-05_Hanno-Messestand_K-1024x505.jpg 1024w, https:\/\/www.pr-neu.de\/newsroom\/wordpress\/wp-content\/uploads\/2021\/01\/21-05_Hanno-Messestand_K-768x379.jpg 768w, https:\/\/www.pr-neu.de\/newsroom\/wordpress\/wp-content\/uploads\/2021\/01\/21-05_Hanno-Messestand_K-1536x757.jpg 1536w, https:\/\/www.pr-neu.de\/newsroom\/wordpress\/wp-content\/uploads\/2021\/01\/21-05_Hanno-Messestand_K-2048x1010.jpg 2048w, https:\/\/www.pr-neu.de\/newsroom\/wordpress\/wp-content\/uploads\/2021\/01\/21-05_Hanno-Messestand_K-110x54.jpg 110w, https:\/\/www.pr-neu.de\/newsroom\/wordpress\/wp-content\/uploads\/2021\/01\/21-05_Hanno-Messestand_K-420x207.jpg 420w, https:\/\/www.pr-neu.de\/newsroom\/wordpress\/wp-content\/uploads\/2021\/01\/21-05_Hanno-Messestand_K-770x380.jpg 770w\" sizes=\"auto, (max-width: 300px) 100vw, 300px\" \/><\/a><\/p>\n<p style=\"text-align: center;\">In modernem und digitalem Design pr\u00e4sentierte Hanno seine Dicht- und D\u00e4mml\u00f6sungen auf der BAU Online 2021.<br \/>\nBild: Hanno Werk GmbH &amp; Co. KG<\/p>\n<p>&nbsp;<\/p>\n<hr \/>\n<p>&nbsp;<\/p>\n<p>Abdruck honorarfrei, Belegexemplar erbeten<\/p>\n","protected":false},"excerpt":{"rendered":"<p>BAU Online 2021: Hanno mit \u201edichter Bandbreite\u201c &nbsp; Der Dicht- und D\u00e4mmspezialist Hanno pr\u00e4sentierte auf der BAU Online 2021 den innovativen \u201eHanno-Injektionsklotz\u201c f\u00fcr das einfache Verklotzen von Fenster- und T\u00fcrrahmen. Auf dem eigenen virtuellen Messestand stellte das Unternehmen zudem das breite Portfolio an Dicht- und D\u00e4mml\u00f6sungen vor. &nbsp; Nah, n\u00e4her, digital: Auch 2021 war Hanno [&hellip;]<\/p>\n","protected":false},"author":6,"featured_media":13909,"comment_status":"closed","ping_status":"open","sticky":false,"template":"","format":"standard","meta":{"footnotes":""},"categories":[655],"tags":[],"class_list":["post-13908","post","type-post","status-publish","format-standard","has-post-thumbnail","hentry","category-hanno"],"_links":{"self":[{"href":"https:\/\/www.pr-neu.de\/newsroom\/wp-json\/wp\/v2\/posts\/13908","targetHints":{"allow":["GET"]}}],"collection":[{"href":"https:\/\/www.pr-neu.de\/newsroom\/wp-json\/wp\/v2\/posts"}],"about":[{"href":"https:\/\/www.pr-neu.de\/newsroom\/wp-json\/wp\/v2\/types\/post"}],"author":[{"embeddable":true,"href":"https:\/\/www.pr-neu.de\/newsroom\/wp-json\/wp\/v2\/users\/6"}],"replies":[{"embeddable":true,"href":"https:\/\/www.pr-neu.de\/newsroom\/wp-json\/wp\/v2\/comments?post=13908"}],"version-history":[{"count":2,"href":"https:\/\/www.pr-neu.de\/newsroom\/wp-json\/wp\/v2\/posts\/13908\/revisions"}],"predecessor-version":[{"id":13911,"href":"https:\/\/www.pr-neu.de\/newsroom\/wp-json\/wp\/v2\/posts\/13908\/revisions\/13911"}],"wp:featuredmedia":[{"embeddable":true,"href":"https:\/\/www.pr-neu.de\/newsroom\/wp-json\/wp\/v2\/media\/13909"}],"wp:attachment":[{"href":"https:\/\/www.pr-neu.de\/newsroom\/wp-json\/wp\/v2\/media?parent=13908"}],"wp:term":[{"taxonomy":"category","embeddable":true,"href":"https:\/\/www.pr-neu.de\/newsroom\/wp-json\/wp\/v2\/categories?post=13908"},{"taxonomy":"post_tag","embeddable":true,"href":"https:\/\/www.pr-neu.de\/newsroom\/wp-json\/wp\/v2\/tags?post=13908"}],"curies":[{"name":"wp","href":"https:\/\/api.w.org\/{rel}","templated":true}]}}