{"id":13902,"date":"2021-01-12T08:00:07","date_gmt":"2021-01-12T07:00:07","guid":{"rendered":"http:\/\/www.pr-neu.de\/newsroom\/?p=13902"},"modified":"2021-01-11T14:20:24","modified_gmt":"2021-01-11T13:20:24","slug":"runde-sache","status":"publish","type":"post","link":"https:\/\/www.pr-neu.de\/newsroom\/runde-sache\/","title":{"rendered":"Runde Sache"},"content":{"rendered":"<p><u>GDA-Preis f\u00fcr Wohnanlage \u201eFolkart Hills\u201c in \u00c7e\u015fme\/T\u00fcrkei<\/u><\/p>\n<p>&nbsp;<\/p>\n<p><strong>Wohn- und Wohlbefinden bietet der neue Geb\u00e4udekomplex Folkart Hills in \u00c7e\u015fme (T\u00fcrkei). Die Architektur mit geschwungenen Linien und elliptischer Fassadenf\u00fchrung schafft eine dynamische Optik und greift die Topographie der Halbinsel auf. F\u00fcr die dauerhaft funktionsf\u00e4hige und fugenlose Fassade w\u00e4hlten die Planer ein VHF-System (StoVentec R). Die anspruchsvolle Architektur \u00fcberzeugte auch die Jury des German Design Awards des Rats f\u00fcr Formgebung \u2013 und zeichnete Folkart Hills mit einer \u201eSpecial Mention \u2013 excellent architecture 2021\u201c aus.<\/strong><\/p>\n<p>&nbsp;<\/p>\n<p>F\u00fcr den Urlaubsort \u00c7e\u015fme westlich von Izmir am \u00c4g\u00e4ischen Meer entwarfen Dilek\u00e7i Architects ein Projekt mit starkem Symbolcharakter, das als Hotel und Wohnanlage genutzt wird. Neben dem exklusiven Standort auf der Halbinsel und individuellem Design zeichnet sich die Anlage vor allem durch ihren unverbaubaren Blick aufs Meer aus.<\/p>\n<p>&nbsp;<\/p>\n<p>F\u00fcr das prestigetr\u00e4chtige Projekt legte die Investorengruppe gro\u00dfen Wert auf innovative Ans\u00e4tze. Die Wohnanlage besteht aus 40 Zimmern, 18 Suiten und 12 speziellen Einheiten, au\u00dferdem beherbergt sie Einrichtungen f\u00fcr Sport und Gesundheit sowie Aufenthaltsr\u00e4ume. Nicht nur der Hang auf dem Projektgel\u00e4nde, der in \u00f6stlicher Richtung senkrecht zum Meer abf\u00e4llt, auch die N\u00e4he zum Hafen stellte die Architekten vor gestalterische Herausforderungen \u2013 denn eine Geb\u00e4udekonstruktion, bei der alle Einheiten dem Meer zugewandt sind, verlangt nach besonderen L\u00f6sungen. Als Hauptinspiration diente die Topographie mit ihrer h\u00fcgeligen Landschaft. Mit der Geometrie von drei getrennten H\u00fcgelmassen, die auf verschiedenen Ebenen sitzen, wurde die hohe Massendichte der gro\u00dfen Baufl\u00e4che aufgelockert. Die nordw\u00e4rts gerichtete Positionierung wird durch die elliptische Geometrie entsch\u00e4rft. Durch die Formensprache inspiriert, erhielt das Projekt seinen Namen \u201eFolkart Hills\u201c. Das Design nutzt die k\u00fchlenden Effekte der n\u00f6rdlichen Winde, au\u00dferdem dienen die schattigen Zonen, die durch weite Terrassengeschaffen wurden, auch als passive klimatische Ma\u00dfnahmen.<\/p>\n<p>&nbsp;<\/p>\n<p><strong>Ausgezeichnete Architektur<\/strong><\/p>\n<p>&nbsp;<\/p>\n<p>Folkart Hills \u00fcberzeugte auch Fachwelt: Der Komplex erhielt jetzt beim \u201eGerman Design Award 2021\u201c die Auszeichnung \u201eExcellent architecture \u2013 special mention\u201c. Besonders preisw\u00fcrdig fand die Jury die Vision, Landschaft und Architektur zu vereinen, wie dies in \u00c7e\u015fme ausgezeichnet gelungen ist.<\/p>\n<p>&nbsp;<\/p>\n<hr \/>\n<p>&nbsp;<\/p>\n<p><a href=\"http:\/\/www.pr-neu.de\/newsroom\/wordpress\/wp-content\/uploads\/2021\/01\/21_02_Folkart-Hills_01_K.jpg\" target=\"_blank\" rel=\"noopener noreferrer\"><img loading=\"lazy\" decoding=\"async\" class=\"aligncenter wp-image-13903 size-medium\" src=\"http:\/\/www.pr-neu.de\/newsroom\/wordpress\/wp-content\/uploads\/2021\/01\/21_02_Folkart-Hills_01_K-300x200.jpg\" alt=\"\" width=\"300\" height=\"200\" srcset=\"https:\/\/www.pr-neu.de\/newsroom\/wordpress\/wp-content\/uploads\/2021\/01\/21_02_Folkart-Hills_01_K-300x200.jpg 300w, https:\/\/www.pr-neu.de\/newsroom\/wordpress\/wp-content\/uploads\/2021\/01\/21_02_Folkart-Hills_01_K-1024x683.jpg 1024w, https:\/\/www.pr-neu.de\/newsroom\/wordpress\/wp-content\/uploads\/2021\/01\/21_02_Folkart-Hills_01_K-768x512.jpg 768w, https:\/\/www.pr-neu.de\/newsroom\/wordpress\/wp-content\/uploads\/2021\/01\/21_02_Folkart-Hills_01_K-1536x1024.jpg 1536w, https:\/\/www.pr-neu.de\/newsroom\/wordpress\/wp-content\/uploads\/2021\/01\/21_02_Folkart-Hills_01_K-2048x1365.jpg 2048w, https:\/\/www.pr-neu.de\/newsroom\/wordpress\/wp-content\/uploads\/2021\/01\/21_02_Folkart-Hills_01_K-110x73.jpg 110w, https:\/\/www.pr-neu.de\/newsroom\/wordpress\/wp-content\/uploads\/2021\/01\/21_02_Folkart-Hills_01_K-420x280.jpg 420w, https:\/\/www.pr-neu.de\/newsroom\/wordpress\/wp-content\/uploads\/2021\/01\/21_02_Folkart-Hills_01_K-645x430.jpg 645w\" sizes=\"auto, (max-width: 300px) 100vw, 300px\" \/><\/a><\/p>\n<p style=\"text-align: center;\">Ausgezeichnet beim German Design Awards des Rats f\u00fcr Formgebung mit einer \u201eSpecial mention \u2013 excellent architecture 2021\u201c: Der Geb\u00e4udekomplex \u201eFolkart Hills\u201c in Ce\u015fme, T\u00fcrkei.<\/p>\n<p>&nbsp;<\/p>\n<p><a href=\"http:\/\/www.pr-neu.de\/newsroom\/wordpress\/wp-content\/uploads\/2021\/01\/21_02_Folkart-Hills_02_K.jpg\" target=\"_blank\" rel=\"noopener noreferrer\"><img loading=\"lazy\" decoding=\"async\" class=\"aligncenter wp-image-13904 size-medium\" src=\"http:\/\/www.pr-neu.de\/newsroom\/wordpress\/wp-content\/uploads\/2021\/01\/21_02_Folkart-Hills_02_K-300x200.jpg\" alt=\"\" width=\"300\" height=\"200\" srcset=\"https:\/\/www.pr-neu.de\/newsroom\/wordpress\/wp-content\/uploads\/2021\/01\/21_02_Folkart-Hills_02_K-300x200.jpg 300w, https:\/\/www.pr-neu.de\/newsroom\/wordpress\/wp-content\/uploads\/2021\/01\/21_02_Folkart-Hills_02_K-1024x682.jpg 1024w, https:\/\/www.pr-neu.de\/newsroom\/wordpress\/wp-content\/uploads\/2021\/01\/21_02_Folkart-Hills_02_K-768x511.jpg 768w, https:\/\/www.pr-neu.de\/newsroom\/wordpress\/wp-content\/uploads\/2021\/01\/21_02_Folkart-Hills_02_K-1536x1023.jpg 1536w, https:\/\/www.pr-neu.de\/newsroom\/wordpress\/wp-content\/uploads\/2021\/01\/21_02_Folkart-Hills_02_K-2048x1364.jpg 2048w, https:\/\/www.pr-neu.de\/newsroom\/wordpress\/wp-content\/uploads\/2021\/01\/21_02_Folkart-Hills_02_K-110x73.jpg 110w, https:\/\/www.pr-neu.de\/newsroom\/wordpress\/wp-content\/uploads\/2021\/01\/21_02_Folkart-Hills_02_K-420x280.jpg 420w, https:\/\/www.pr-neu.de\/newsroom\/wordpress\/wp-content\/uploads\/2021\/01\/21_02_Folkart-Hills_02_K-646x430.jpg 646w\" sizes=\"auto, (max-width: 300px) 100vw, 300px\" \/><\/a><\/p>\n<p style=\"text-align: center;\">Die Architektursprache des Projekts zeichnet sich durch elliptische Fl\u00e4chen aus. Die Dachg\u00e4rten bieten Raum f\u00fcr Aktivit\u00e4ten und tragen zur Klimatisierung bei.<\/p>\n<p style=\"text-align: center;\">Fotos: YERCEKIM ARCHITECHTURAL PHOTOS\/ Fotograf: Orhan Koluk\u0131sa<\/p>\n<p>&nbsp;<\/p>\n<hr \/>\n<p>&nbsp;<\/p>\n<p>Abdruck honorarfrei, Belegexemplar erbeten.<\/p>\n","protected":false},"excerpt":{"rendered":"<p>GDA-Preis f\u00fcr Wohnanlage \u201eFolkart Hills\u201c in \u00c7e\u015fme\/T\u00fcrkei &nbsp; Wohn- und Wohlbefinden bietet der neue Geb\u00e4udekomplex Folkart Hills in \u00c7e\u015fme (T\u00fcrkei). Die Architektur mit geschwungenen Linien und elliptischer Fassadenf\u00fchrung schafft eine dynamische Optik und greift die Topographie der Halbinsel auf. F\u00fcr die dauerhaft funktionsf\u00e4hige und fugenlose Fassade w\u00e4hlten die Planer ein VHF-System (StoVentec R). Die anspruchsvolle [&hellip;]<\/p>\n","protected":false},"author":6,"featured_media":13904,"comment_status":"closed","ping_status":"open","sticky":false,"template":"","format":"standard","meta":{"footnotes":""},"categories":[15],"tags":[],"class_list":["post-13902","post","type-post","status-publish","format-standard","has-post-thumbnail","hentry","category-sto"],"_links":{"self":[{"href":"https:\/\/www.pr-neu.de\/newsroom\/wp-json\/wp\/v2\/posts\/13902","targetHints":{"allow":["GET"]}}],"collection":[{"href":"https:\/\/www.pr-neu.de\/newsroom\/wp-json\/wp\/v2\/posts"}],"about":[{"href":"https:\/\/www.pr-neu.de\/newsroom\/wp-json\/wp\/v2\/types\/post"}],"author":[{"embeddable":true,"href":"https:\/\/www.pr-neu.de\/newsroom\/wp-json\/wp\/v2\/users\/6"}],"replies":[{"embeddable":true,"href":"https:\/\/www.pr-neu.de\/newsroom\/wp-json\/wp\/v2\/comments?post=13902"}],"version-history":[{"count":2,"href":"https:\/\/www.pr-neu.de\/newsroom\/wp-json\/wp\/v2\/posts\/13902\/revisions"}],"predecessor-version":[{"id":13906,"href":"https:\/\/www.pr-neu.de\/newsroom\/wp-json\/wp\/v2\/posts\/13902\/revisions\/13906"}],"wp:featuredmedia":[{"embeddable":true,"href":"https:\/\/www.pr-neu.de\/newsroom\/wp-json\/wp\/v2\/media\/13904"}],"wp:attachment":[{"href":"https:\/\/www.pr-neu.de\/newsroom\/wp-json\/wp\/v2\/media?parent=13902"}],"wp:term":[{"taxonomy":"category","embeddable":true,"href":"https:\/\/www.pr-neu.de\/newsroom\/wp-json\/wp\/v2\/categories?post=13902"},{"taxonomy":"post_tag","embeddable":true,"href":"https:\/\/www.pr-neu.de\/newsroom\/wp-json\/wp\/v2\/tags?post=13902"}],"curies":[{"name":"wp","href":"https:\/\/api.w.org\/{rel}","templated":true}]}}