{"id":13868,"date":"2020-12-10T08:00:05","date_gmt":"2020-12-10T07:00:05","guid":{"rendered":"http:\/\/www.pr-neu.de\/newsroom\/?p=13868"},"modified":"2020-12-09T13:32:01","modified_gmt":"2020-12-09T12:32:01","slug":"mit-feinschliff","status":"publish","type":"post","link":"https:\/\/www.pr-neu.de\/newsroom\/mit-feinschliff\/","title":{"rendered":"Mit Feinschliff"},"content":{"rendered":"<p><u>Facettenreiches Spiel: Die Optik des Rillenglases<\/u><\/p>\n<p>&nbsp;<\/p>\n<p><strong>Gl\u00e4ser mit Rillenschliff schaffen eine dynamische Optik, die sich je nach Betrachtungswinkel und einfallendem Licht ver\u00e4ndert. sedak realisiert diese reizvolle Optik jetzt durch das Schleifen von Floatglas. Der Clou: Das neue Produktionsverfahren erlaubt zahlreiche Gestaltungsm\u00f6glichkeiten. Damit erhalten die Gl\u00e4ser gegen\u00fcber der konventionellen Guss- oder Pressglas-Produktion eine au\u00dfergew\u00f6hnliche Brillanz, zudem lassen sich diese lebendigen Gl\u00e4ser mit hochpr\u00e4ziser Struktur zu Isolier- und Sicherheitsglas weiterverarbeiten. Rillenglas mit seinem charakteristischen Look er\u00f6ffnet ein breites Anwendungsspektrum und wird zum optischen Highlight an Fassaden oder als effektvoller Raumteiler mit Sichtschutz.<\/strong><\/p>\n<p>&nbsp;<\/p>\n<p>Mit der neuen Fertigungskompetenz im Rillenschliff zeigt sedak erneut, wie facettenreich der Baustoff Glas ist. Das aus Floatglas geschliffene Rillenglas hat eine hohe Brillanz, die Rillen sind absolut pr\u00e4zise gefertigt \u2013 l\u00e4ngs, quer oder diagonal, in V- oder C-Form, mit frei w\u00e4hlbaren Abst\u00e4nden. Glas wird so zum optischen Highlight an der Fassade oder im Innenraum \u2013 bis zur Maximalgr\u00f6\u00dfe von 3,6 x 20 Meter. Das Glas ist vorspannbar, daher lassen sich in der neuen Optik auch Laminate, Isolier- und Sicherheitsgl\u00e4ser f\u00fcr Fassaden realisieren.<\/p>\n<p>&nbsp;<\/p>\n<p>Reizvolle Reflexionen entstehen, wenn sich Lichtstrahlen in den Rillen des Glases brechen, so zieht die nun dreidimensionale Glasfl\u00e4che den Betrachter in seinen Bann. Proportionen und Anordnungen der Rillen entwickeln ein spannungsvolles Spiel mit dem Licht und es kommt zu einer aufregenden Beziehung zwischen Blickwinkel, Tageslicht, Kunstlicht und Glas: Wie ein exakt geschliffener Diamant zeigt Glas mit Rillenschliff mal klares Licht, mal Farben oder Spiegelungen. Immer wieder wechselt die Optik und l\u00e4dt zum spielerischen Entdecken ein: Aus statischer Architektur wird lebendige, erlebbare Gestaltung.<\/p>\n<p>&nbsp;<\/p>\n<p>Erste Projekte mit \u00fcbergro\u00dfen Rillengl\u00e4sern realisiert sedak bereits in Kanada und im arabischen Raum.<\/p>\n<p>&nbsp;<\/p>\n<hr \/>\n<p>&nbsp;<\/p>\n<p><a href=\"http:\/\/www.pr-neu.de\/newsroom\/wordpress\/wp-content\/uploads\/2020\/12\/20-08_Rillenschliff_01_K-1.jpg\" target=\"_blank\" rel=\"noopener noreferrer\"><img loading=\"lazy\" decoding=\"async\" class=\"aligncenter wp-image-13891 size-medium\" src=\"http:\/\/www.pr-neu.de\/newsroom\/wordpress\/wp-content\/uploads\/2020\/12\/20-08_Rillenschliff_01_K-1-300x200.jpg\" alt=\"\" width=\"300\" height=\"200\" srcset=\"https:\/\/www.pr-neu.de\/newsroom\/wordpress\/wp-content\/uploads\/2020\/12\/20-08_Rillenschliff_01_K-1-300x200.jpg 300w, https:\/\/www.pr-neu.de\/newsroom\/wordpress\/wp-content\/uploads\/2020\/12\/20-08_Rillenschliff_01_K-1-1024x683.jpg 1024w, https:\/\/www.pr-neu.de\/newsroom\/wordpress\/wp-content\/uploads\/2020\/12\/20-08_Rillenschliff_01_K-1-768x512.jpg 768w, https:\/\/www.pr-neu.de\/newsroom\/wordpress\/wp-content\/uploads\/2020\/12\/20-08_Rillenschliff_01_K-1-1536x1024.jpg 1536w, https:\/\/www.pr-neu.de\/newsroom\/wordpress\/wp-content\/uploads\/2020\/12\/20-08_Rillenschliff_01_K-1-2048x1365.jpg 2048w, https:\/\/www.pr-neu.de\/newsroom\/wordpress\/wp-content\/uploads\/2020\/12\/20-08_Rillenschliff_01_K-1-110x73.jpg 110w, https:\/\/www.pr-neu.de\/newsroom\/wordpress\/wp-content\/uploads\/2020\/12\/20-08_Rillenschliff_01_K-1-420x280.jpg 420w, https:\/\/www.pr-neu.de\/newsroom\/wordpress\/wp-content\/uploads\/2020\/12\/20-08_Rillenschliff_01_K-1-645x430.jpg 645w\" sizes=\"auto, (max-width: 300px) 100vw, 300px\" \/><\/a><\/p>\n<p><a href=\"http:\/\/www.pr-neu.de\/newsroom\/wordpress\/wp-content\/uploads\/2020\/12\/20-08_Rillenschliff_02_K.jpg\" target=\"_blank\" rel=\"noopener noreferrer\"><img loading=\"lazy\" decoding=\"async\" class=\"aligncenter wp-image-13870 size-medium\" src=\"http:\/\/www.pr-neu.de\/newsroom\/wordpress\/wp-content\/uploads\/2020\/12\/20-08_Rillenschliff_02_K-300x225.jpg\" alt=\"\" width=\"300\" height=\"225\" srcset=\"https:\/\/www.pr-neu.de\/newsroom\/wordpress\/wp-content\/uploads\/2020\/12\/20-08_Rillenschliff_02_K-300x225.jpg 300w, https:\/\/www.pr-neu.de\/newsroom\/wordpress\/wp-content\/uploads\/2020\/12\/20-08_Rillenschliff_02_K-1024x768.jpg 1024w, https:\/\/www.pr-neu.de\/newsroom\/wordpress\/wp-content\/uploads\/2020\/12\/20-08_Rillenschliff_02_K-768x576.jpg 768w, https:\/\/www.pr-neu.de\/newsroom\/wordpress\/wp-content\/uploads\/2020\/12\/20-08_Rillenschliff_02_K-1536x1152.jpg 1536w, https:\/\/www.pr-neu.de\/newsroom\/wordpress\/wp-content\/uploads\/2020\/12\/20-08_Rillenschliff_02_K-2048x1536.jpg 2048w, https:\/\/www.pr-neu.de\/newsroom\/wordpress\/wp-content\/uploads\/2020\/12\/20-08_Rillenschliff_02_K-110x83.jpg 110w, https:\/\/www.pr-neu.de\/newsroom\/wordpress\/wp-content\/uploads\/2020\/12\/20-08_Rillenschliff_02_K-420x315.jpg 420w, https:\/\/www.pr-neu.de\/newsroom\/wordpress\/wp-content\/uploads\/2020\/12\/20-08_Rillenschliff_02_K-573x430.jpg 573w\" sizes=\"auto, (max-width: 300px) 100vw, 300px\" \/><\/a><\/p>\n<p style=\"text-align: center;\">L\u00e4ngs, quer oder diagonal, mit Rillen in V- oder C-Form \u2013 der Rillenschliff bietet immer eine facettenreiche Optik. Ein gl\u00e4sernes Zusammenspiel, das sich je nach Blickwinkel und Lichteinfall ver\u00e4ndert.<\/p>\n<p style=\"text-align: center;\">Bilder: sedak<\/p>\n<p>&nbsp;<\/p>\n<p><a href=\"http:\/\/www.pr-neu.de\/newsroom\/wordpress\/wp-content\/uploads\/2020\/12\/20-08_Rillenschliff_03_K.jpg\" target=\"_blank\" rel=\"noopener noreferrer\"><img loading=\"lazy\" decoding=\"async\" class=\"aligncenter wp-image-13871 size-medium\" src=\"http:\/\/www.pr-neu.de\/newsroom\/wordpress\/wp-content\/uploads\/2020\/12\/20-08_Rillenschliff_03_K-300x200.jpg\" alt=\"\" width=\"300\" height=\"200\" srcset=\"https:\/\/www.pr-neu.de\/newsroom\/wordpress\/wp-content\/uploads\/2020\/12\/20-08_Rillenschliff_03_K-300x200.jpg 300w, https:\/\/www.pr-neu.de\/newsroom\/wordpress\/wp-content\/uploads\/2020\/12\/20-08_Rillenschliff_03_K-1024x683.jpg 1024w, https:\/\/www.pr-neu.de\/newsroom\/wordpress\/wp-content\/uploads\/2020\/12\/20-08_Rillenschliff_03_K-768x512.jpg 768w, https:\/\/www.pr-neu.de\/newsroom\/wordpress\/wp-content\/uploads\/2020\/12\/20-08_Rillenschliff_03_K-1536x1024.jpg 1536w, https:\/\/www.pr-neu.de\/newsroom\/wordpress\/wp-content\/uploads\/2020\/12\/20-08_Rillenschliff_03_K-2048x1365.jpg 2048w, https:\/\/www.pr-neu.de\/newsroom\/wordpress\/wp-content\/uploads\/2020\/12\/20-08_Rillenschliff_03_K-110x73.jpg 110w, https:\/\/www.pr-neu.de\/newsroom\/wordpress\/wp-content\/uploads\/2020\/12\/20-08_Rillenschliff_03_K-420x280.jpg 420w, https:\/\/www.pr-neu.de\/newsroom\/wordpress\/wp-content\/uploads\/2020\/12\/20-08_Rillenschliff_03_K-645x430.jpg 645w\" sizes=\"auto, (max-width: 300px) 100vw, 300px\" \/><\/a><\/p>\n<p><a href=\"http:\/\/www.pr-neu.de\/newsroom\/wordpress\/wp-content\/uploads\/2020\/12\/20-08_Rillenschliff_04_K.jpg\" target=\"_blank\" rel=\"noopener noreferrer\"><img loading=\"lazy\" decoding=\"async\" class=\"aligncenter wp-image-13872 size-medium\" src=\"http:\/\/www.pr-neu.de\/newsroom\/wordpress\/wp-content\/uploads\/2020\/12\/20-08_Rillenschliff_04_K-300x200.jpg\" alt=\"\" width=\"300\" height=\"200\" srcset=\"https:\/\/www.pr-neu.de\/newsroom\/wordpress\/wp-content\/uploads\/2020\/12\/20-08_Rillenschliff_04_K-300x200.jpg 300w, https:\/\/www.pr-neu.de\/newsroom\/wordpress\/wp-content\/uploads\/2020\/12\/20-08_Rillenschliff_04_K-1024x683.jpg 1024w, https:\/\/www.pr-neu.de\/newsroom\/wordpress\/wp-content\/uploads\/2020\/12\/20-08_Rillenschliff_04_K-768x512.jpg 768w, https:\/\/www.pr-neu.de\/newsroom\/wordpress\/wp-content\/uploads\/2020\/12\/20-08_Rillenschliff_04_K-1536x1024.jpg 1536w, https:\/\/www.pr-neu.de\/newsroom\/wordpress\/wp-content\/uploads\/2020\/12\/20-08_Rillenschliff_04_K-2048x1365.jpg 2048w, https:\/\/www.pr-neu.de\/newsroom\/wordpress\/wp-content\/uploads\/2020\/12\/20-08_Rillenschliff_04_K-110x73.jpg 110w, https:\/\/www.pr-neu.de\/newsroom\/wordpress\/wp-content\/uploads\/2020\/12\/20-08_Rillenschliff_04_K-420x280.jpg 420w, https:\/\/www.pr-neu.de\/newsroom\/wordpress\/wp-content\/uploads\/2020\/12\/20-08_Rillenschliff_04_K-645x430.jpg 645w\" sizes=\"auto, (max-width: 300px) 100vw, 300px\" \/><\/a><\/p>\n<p style=\"text-align: center;\">Ob als Design-Highlight im Innenraum oder gro\u00dffl\u00e4chiges Fassadenglas \u2013 spielerisch brechen die Lichtstrahlen in den Rillen des Glases. \u00dcber diese anmutige Transparenz entsteht so eine Symbiose aus Licht, Schatten und Transluzenz. Auch gebogen ist das Rillenglas erh\u00e4ltlich.<\/p>\n<p style=\"text-align: center;\">Bilder: sedak<\/p>\n<p>&nbsp;<\/p>\n<p><a href=\"http:\/\/www.pr-neu.de\/newsroom\/wordpress\/wp-content\/uploads\/2020\/12\/20-08_Rillenschliff_05_K.jpg\" target=\"_blank\" rel=\"noopener noreferrer\"><img loading=\"lazy\" decoding=\"async\" class=\"aligncenter wp-image-13873 size-medium\" src=\"http:\/\/www.pr-neu.de\/newsroom\/wordpress\/wp-content\/uploads\/2020\/12\/20-08_Rillenschliff_05_K-300x200.jpg\" alt=\"\" width=\"300\" height=\"200\" srcset=\"https:\/\/www.pr-neu.de\/newsroom\/wordpress\/wp-content\/uploads\/2020\/12\/20-08_Rillenschliff_05_K-300x200.jpg 300w, https:\/\/www.pr-neu.de\/newsroom\/wordpress\/wp-content\/uploads\/2020\/12\/20-08_Rillenschliff_05_K-1024x683.jpg 1024w, https:\/\/www.pr-neu.de\/newsroom\/wordpress\/wp-content\/uploads\/2020\/12\/20-08_Rillenschliff_05_K-768x512.jpg 768w, https:\/\/www.pr-neu.de\/newsroom\/wordpress\/wp-content\/uploads\/2020\/12\/20-08_Rillenschliff_05_K-1536x1024.jpg 1536w, https:\/\/www.pr-neu.de\/newsroom\/wordpress\/wp-content\/uploads\/2020\/12\/20-08_Rillenschliff_05_K-2048x1365.jpg 2048w, https:\/\/www.pr-neu.de\/newsroom\/wordpress\/wp-content\/uploads\/2020\/12\/20-08_Rillenschliff_05_K-110x73.jpg 110w, https:\/\/www.pr-neu.de\/newsroom\/wordpress\/wp-content\/uploads\/2020\/12\/20-08_Rillenschliff_05_K-420x280.jpg 420w, https:\/\/www.pr-neu.de\/newsroom\/wordpress\/wp-content\/uploads\/2020\/12\/20-08_Rillenschliff_05_K-645x430.jpg 645w\" sizes=\"auto, (max-width: 300px) 100vw, 300px\" \/><\/a><\/p>\n<p style=\"text-align: center;\">Der pr\u00e4zise Rillenschliff verleiht Scheiben eine einzigartige Lebendigkeit, bei sedak in Maximalma\u00dfen bis 3,6 x 20 Meter.<\/p>\n<p style=\"text-align: center;\">Bild: sedak<\/p>\n<p>&nbsp;<\/p>\n<hr \/>\n<p>&nbsp;<\/p>\n<p><strong>R\u00fcckfragen beantwortet gern<\/strong><\/p>\n<table width=\"567\">\n<tbody>\n<tr>\n<td valign=\"top\" width=\"260\" height=\"25\"><strong>sedak GmbH &amp; Co. KG<br \/>\n<\/strong>Tatjana Vinkovic<br \/>\nTel.: +49(0)821\/2494-823<br \/>\nFax: +49(0)821\/2494-777<br \/>\nE-Mail: <a href=\"m&#97;&#105;&#x6c;&#x74;&#x6f;:&#116;&#97;&#x74;&#x6a;&#x61;na&#46;&#x76;&#x69;&#x6e;ko&#118;&#105;&#x63;&#x40;&#x73;e&#100;&#97;&#x6b;&#x2e;&#x63;o&#109;\">&#x74;&#x61;&#x74;&#106;&#97;na&#x2e;&#x76;&#x69;&#x6e;&#107;&#111;vi&#x63;&#x40;&#x73;&#101;&#100;&#97;k&#46;&#x63;&#x6f;&#x6d;<\/a><\/td>\n<td colspan=\"3\" valign=\"top\" width=\"260\" height=\"21\"><\/td>\n<\/tr>\n<\/tbody>\n<\/table>\n<p>Abdruck honorarfrei, Belegexemplar erbeten<\/p>\n<p>&nbsp;<\/p>\n<hr \/>\n<p>&nbsp;<\/p>\n<p><strong>sedak &#8211; leading glass<\/strong><\/p>\n<p>Mit Pioniergeist hat sich der Glasveredler sedak (Gersthofen) seit der Gr\u00fcndung 2007 zum Premiumhersteller f\u00fcr gro\u00dfformatige Isolier- und Sicherheitsgl\u00e4ser entwickelt und Glas als Baustoff f\u00fcr Ganzglasfassaden und -d\u00e4cher weitergedacht. Dank innovativer Produkte in h\u00f6chster Qualit\u00e4t werden ikonische Fassaden und Bauwerke mit einer bislang unerreichten Transparenz realisiert.<\/p>\n<p>Monogl\u00e4ser, Mehrfachgl\u00e4ser und Funktions-Isoliergl\u00e4ser in Formaten bis 3,6 x 20 Meter fertigt sedak hochautomatisiert und effizient. Auf einer Fertigungsfl\u00e4che von 35.000 Quadratmetern und mit einem einzigartigen Maschinenpark wird das Rohglas bearbeitet, vorgespannt, laminiert, bedruckt und laminationsgebogen und zu Isolierglas gebaut. Mit der Integration des Glasspezialisten f\u00fcr gebogenes Glas, Sunglass Industry srl (Italien), geh\u00f6rt nun auch das thermische Glasbiegen zu den Kernkompetenzen. Au\u00dfergew\u00f6hnliche L\u00f6sungen liefert der Spezialist zudem f\u00fcr Luxus-Jachten mit Gl\u00e4sern, optimiert f\u00fcr den Einsatz auf hoher See.<\/p>\n<p>Insbesondere bei Sonderkonstruktionen beweist der Glasveredler l\u00f6sungsorientierte Kompetenz. Mit Forschungs- und Entwicklungsgeist, neuen Technologien sowie der Expertise von 190 Mitarbeitern treibt sedak Innovationen der Glasveredelung stetig voran und versteht sich als Partner von Architekten, Bauherren, Fassaden- und Metallbauern. Als Spezialist f\u00fcr \u00fcbergro\u00dfe und extrem schwere Gl\u00e4ser entwickelt das Unternehmen zukunftsorientierte L\u00f6sungen, um Kundenvisionen flexibel zu verwirklichen. Vom Auftrag bis zur Lieferung agiert der Glasveredler dabei als Full-Service-Supplier. So leistet sedak schon heute einen Beitrag f\u00fcr die vision\u00e4re Architektur von morgen.<\/p>\n<p>Herausragende Referenzen belegen die eindrucksvolle Kompetenz. Dazu geh\u00f6ren u.a.: Lakhta Center, St. Petersburg \/ Haus der Europ\u00e4ischen Geschichte, Br\u00fcssel \/ medizinische Fakult\u00e4t, Montpellier \/ Torre Europa, Madrid \/ Iconsiam, Bangkok \/ Apple Park, Cupertino \/ Apple-Cube, New York \/ Experimenta, Heilbronn \/ zahlreiche Premium-Flagship-Stores.<\/p>\n<p>&nbsp;<\/p>\n<p><strong>Anwendungsgebiete <\/strong><\/p>\n<table>\n<tbody>\n<tr>\n<td width=\"251\">\u00b7\u00a0\u00a0\u00a0\u00a0\u00a0\u00a0\u00a0\u00a0 Glasfassaden<br \/>\n\u00b7\u00a0\u00a0\u00a0\u00a0\u00a0\u00a0\u00a0\u00a0 Glasd\u00e4cher<br \/>\n\u00b7\u00a0\u00a0\u00a0\u00a0\u00a0\u00a0\u00a0\u00a0 Glastreppen<br \/>\n\u00b7\u00a0\u00a0\u00a0\u00a0\u00a0\u00a0\u00a0\u00a0 Glasbr\u00fcstungen<br \/>\n\u00b7\u00a0\u00a0\u00a0\u00a0\u00a0\u00a0\u00a0\u00a0 Jachtverglasungen<\/td>\n<td width=\"251\">\u00b7\u00a0\u00a0\u00a0\u00a0\u00a0\u00a0\u00a0\u00a0 Poolverglasungen<br \/>\n\u00b7\u00a0\u00a0\u00a0\u00a0\u00a0\u00a0\u00a0\u00a0 Sicherheitsverglasungen<br \/>\n\u00b7\u00a0\u00a0\u00a0\u00a0\u00a0\u00a0\u00a0\u00a0 Ganzglaskonstruktionen<br \/>\n\u00b7\u00a0\u00a0\u00a0\u00a0\u00a0\u00a0\u00a0\u00a0 Innenarchitektur<br \/>\n\u00b7\u00a0\u00a0\u00a0\u00a0\u00a0\u00a0\u00a0\u00a0 Sonderanfertigung<\/td>\n<\/tr>\n<\/tbody>\n<\/table>\n<p>&nbsp;<\/p>\n","protected":false},"excerpt":{"rendered":"<p>Facettenreiches Spiel: Die Optik des Rillenglases &nbsp; Gl\u00e4ser mit Rillenschliff schaffen eine dynamische Optik, die sich je nach Betrachtungswinkel und einfallendem Licht ver\u00e4ndert. sedak realisiert diese reizvolle Optik jetzt durch das Schleifen von Floatglas. Der Clou: Das neue Produktionsverfahren erlaubt zahlreiche Gestaltungsm\u00f6glichkeiten. Damit erhalten die Gl\u00e4ser gegen\u00fcber der konventionellen Guss- oder Pressglas-Produktion eine au\u00dfergew\u00f6hnliche Brillanz, [&hellip;]<\/p>\n","protected":false},"author":6,"featured_media":13871,"comment_status":"closed","ping_status":"open","sticky":false,"template":"","format":"standard","meta":{"footnotes":""},"categories":[12],"tags":[],"class_list":["post-13868","post","type-post","status-publish","format-standard","has-post-thumbnail","hentry","category-sedak"],"_links":{"self":[{"href":"https:\/\/www.pr-neu.de\/newsroom\/wp-json\/wp\/v2\/posts\/13868","targetHints":{"allow":["GET"]}}],"collection":[{"href":"https:\/\/www.pr-neu.de\/newsroom\/wp-json\/wp\/v2\/posts"}],"about":[{"href":"https:\/\/www.pr-neu.de\/newsroom\/wp-json\/wp\/v2\/types\/post"}],"author":[{"embeddable":true,"href":"https:\/\/www.pr-neu.de\/newsroom\/wp-json\/wp\/v2\/users\/6"}],"replies":[{"embeddable":true,"href":"https:\/\/www.pr-neu.de\/newsroom\/wp-json\/wp\/v2\/comments?post=13868"}],"version-history":[{"count":7,"href":"https:\/\/www.pr-neu.de\/newsroom\/wp-json\/wp\/v2\/posts\/13868\/revisions"}],"predecessor-version":[{"id":13892,"href":"https:\/\/www.pr-neu.de\/newsroom\/wp-json\/wp\/v2\/posts\/13868\/revisions\/13892"}],"wp:featuredmedia":[{"embeddable":true,"href":"https:\/\/www.pr-neu.de\/newsroom\/wp-json\/wp\/v2\/media\/13871"}],"wp:attachment":[{"href":"https:\/\/www.pr-neu.de\/newsroom\/wp-json\/wp\/v2\/media?parent=13868"}],"wp:term":[{"taxonomy":"category","embeddable":true,"href":"https:\/\/www.pr-neu.de\/newsroom\/wp-json\/wp\/v2\/categories?post=13868"},{"taxonomy":"post_tag","embeddable":true,"href":"https:\/\/www.pr-neu.de\/newsroom\/wp-json\/wp\/v2\/tags?post=13868"}],"curies":[{"name":"wp","href":"https:\/\/api.w.org\/{rel}","templated":true}]}}