{"id":13860,"date":"2020-12-07T11:31:43","date_gmt":"2020-12-07T10:31:43","guid":{"rendered":"http:\/\/www.pr-neu.de\/newsroom\/?p=13860"},"modified":"2020-12-07T11:35:12","modified_gmt":"2020-12-07T10:35:12","slug":"teckentrup-seminare-2021","status":"publish","type":"post","link":"https:\/\/www.pr-neu.de\/newsroom\/teckentrup-seminare-2021\/","title":{"rendered":"Teckentrup Seminare 2021"},"content":{"rendered":"<p><u>Aktuelles Fachpartner-Programm<\/u><\/p>\n<p>&nbsp;<\/p>\n<p>Das Jahr 2020 ist f\u00fcr Seminaranbieter bedingt durch das Corona-Virus anders verlaufen als zu Beginn des Jahres geplant. Dies hat auch beim Verler T\u00fcr- und Torspezialisten Teckentrup zu einigen \u00c4nderungen im Seminarprogramm und in der Umsetzung gef\u00fchrt. Erstmals wurden Schulungen nicht vor Ort, sondern online durchgef\u00fchrt. Das Unternehmen hat damit gute Erfahrungen gesammelt und plant f\u00fcr 2021, Technik und Lern-Infrastruktur weiter auszubauen, um auch im Falle eines erneuten Lockdowns gut ger\u00fcstet zu sein.<\/p>\n<p>Nichtsdestotrotz hofft Teckentrup, die Seminare f\u00fcr Vertriebsmitarbeiter und Monteure 2021 wieder an den Seminarstandorten Verl, G\u00fctersloh, Gro\u00dfz\u00f6beritz und Kirchheim\/Teck durchf\u00fchren zu k\u00f6nnen. Ob umfassende Produktinformationen, effiziente Montagetechniken oder \u00fcberzeugende Verkaufsargumente \u2013 die erfahrenen Produkttrainer vermitteln relevantes Fachwissen f\u00fcr die effiziente Montage und den erfolgreichen Verkauf. Die Online-Schulungen bieten sogar einige Vorteile: Kurz und kompakt lassen sich hier vor allem Themen rund um das Produktwissen aufbereiten, lange Fahrtwege f\u00fcr die Teilnehmer entfallen. Daher bietet Teckentrup 2021 Pr\u00e4senz- und Online-Seminare parallel an. So kann flexibel gehandelt werden. Programm und Anmeldeformular stehen Fachpartnern ab sofort im Teckentrup Profi-Portal zur Verf\u00fcgung. Online-Anmeldungen: <a href=\"http:\/\/www.teckentrup.biz\/seminaranmeldung\/\">www.teckentrup.biz\/seminaranmeldung\/<\/a><\/p>\n<p>&nbsp;<\/p>\n<hr \/>\n<p>&nbsp;<\/p>\n<p><a href=\"http:\/\/www.pr-neu.de\/newsroom\/wordpress\/wp-content\/uploads\/2020\/12\/20-09-Broschuere-Seminare_K.jpg\" target=\"_blank\" rel=\"noopener noreferrer\"><img loading=\"lazy\" decoding=\"async\" class=\"aligncenter wp-image-13861 size-medium\" src=\"http:\/\/www.pr-neu.de\/newsroom\/wordpress\/wp-content\/uploads\/2020\/12\/20-09-Broschuere-Seminare_K-212x300.jpg\" alt=\"\" width=\"212\" height=\"300\" srcset=\"https:\/\/www.pr-neu.de\/newsroom\/wordpress\/wp-content\/uploads\/2020\/12\/20-09-Broschuere-Seminare_K-212x300.jpg 212w, https:\/\/www.pr-neu.de\/newsroom\/wordpress\/wp-content\/uploads\/2020\/12\/20-09-Broschuere-Seminare_K-724x1024.jpg 724w, https:\/\/www.pr-neu.de\/newsroom\/wordpress\/wp-content\/uploads\/2020\/12\/20-09-Broschuere-Seminare_K-768x1086.jpg 768w, https:\/\/www.pr-neu.de\/newsroom\/wordpress\/wp-content\/uploads\/2020\/12\/20-09-Broschuere-Seminare_K-1086x1536.jpg 1086w, https:\/\/www.pr-neu.de\/newsroom\/wordpress\/wp-content\/uploads\/2020\/12\/20-09-Broschuere-Seminare_K-1448x2048.jpg 1448w, https:\/\/www.pr-neu.de\/newsroom\/wordpress\/wp-content\/uploads\/2020\/12\/20-09-Broschuere-Seminare_K-78x110.jpg 78w, https:\/\/www.pr-neu.de\/newsroom\/wordpress\/wp-content\/uploads\/2020\/12\/20-09-Broschuere-Seminare_K-297x420.jpg 297w, https:\/\/www.pr-neu.de\/newsroom\/wordpress\/wp-content\/uploads\/2020\/12\/20-09-Broschuere-Seminare_K-304x430.jpg 304w, https:\/\/www.pr-neu.de\/newsroom\/wordpress\/wp-content\/uploads\/2020\/12\/20-09-Broschuere-Seminare_K.jpg 1697w\" sizes=\"auto, (max-width: 212px) 100vw, 212px\" \/><\/a><\/p>\n<p style=\"text-align: center;\">Die neue Seminar\u00fcbersicht von Teckentrup steht zum Download im Teckentrup-Profi-Portal, s. www.teckentrup.biz.<br \/>\nBild: Teckentrup<\/p>\n<p>&nbsp;<\/p>\n<hr \/>\n<p>&nbsp;<\/p>\n<p><strong>Termine 2021<\/strong><\/p>\n<p>&nbsp;<\/p>\n<table width=\"495\">\n<tbody>\n<tr>\n<td width=\"287\"><strong>Fachseminar<\/strong><\/td>\n<td width=\"101\"><strong>Ort<\/strong><\/td>\n<td width=\"108\"><strong>Datum<\/strong><\/td>\n<\/tr>\n<tr>\n<td width=\"287\">Montage Feuerschutz-Schiebetore<\/td>\n<td width=\"101\">G\u00fctersloh<\/td>\n<td width=\"108\">02.02.2021<\/td>\n<\/tr>\n<tr>\n<td width=\"287\">TTZ Feuer- und Rauchschutzt\u00fcren<\/td>\n<td width=\"101\">G\u00fctersloh<\/td>\n<td width=\"108\">03.02.2021<\/td>\n<\/tr>\n<tr>\n<td width=\"287\">Montage Funktionst\u00fcren<\/td>\n<td width=\"101\">G\u00fctersloh<\/td>\n<td width=\"108\">04.02.2021<\/td>\n<\/tr>\n<tr>\n<td width=\"287\">Vertrieb Funktionst\u00fcren<\/td>\n<td width=\"101\">G\u00fctersloh<\/td>\n<td width=\"108\">09.02.2021<\/td>\n<\/tr>\n<tr>\n<td width=\"287\">Montage Feuerschutz-Schiebetore<\/td>\n<td width=\"101\">Grossz\u00f6beritz<\/td>\n<td width=\"108\">09.02.2021<\/td>\n<\/tr>\n<tr>\n<td width=\"287\">Vertrieb Industrie-Sektionaltore \/ Rolltore<\/td>\n<td width=\"101\">G\u00fctersloh<\/td>\n<td width=\"108\">10.02.2021<\/td>\n<\/tr>\n<tr>\n<td width=\"287\">Montage Funktionst\u00fcren<\/td>\n<td width=\"101\">Grossz\u00f6beritz<\/td>\n<td width=\"108\">10.02.2021<\/td>\n<\/tr>\n<tr>\n<td width=\"287\">Vertrieb CarTeck Garagentore<\/td>\n<td width=\"101\">G\u00fctersloh<\/td>\n<td width=\"108\">11.02.2021<\/td>\n<\/tr>\n<tr>\n<td width=\"287\">TTZ Feuer- und Rauchschutzt\u00fcren<\/td>\n<td width=\"101\">Grossz\u00f6beritz<\/td>\n<td width=\"108\">11.02.2021<\/td>\n<\/tr>\n<tr>\n<td width=\"287\">Hekatron Feststellanlagen (Basis + Aufbau)<\/td>\n<td width=\"101\">Verl<\/td>\n<td width=\"108\">16.02.2021<\/td>\n<\/tr>\n<tr>\n<td width=\"287\">Vertrieb Funktionst\u00fcren<\/td>\n<td width=\"101\">Grossz\u00f6beritz<\/td>\n<td width=\"108\">23.02.2021<\/td>\n<\/tr>\n<tr>\n<td width=\"287\">Vertrieb CarTeck Garagentore<\/td>\n<td width=\"101\">Grossz\u00f6beritz<\/td>\n<td width=\"108\">24.02.2021<\/td>\n<\/tr>\n<tr>\n<td width=\"287\">Montage Falttore<\/td>\n<td width=\"101\">G\u00fctersloh<\/td>\n<td width=\"108\">25.02.2021<\/td>\n<\/tr>\n<tr>\n<td width=\"287\">Vertrieb Industrie-Sektionaltore \/ Rolltore<\/td>\n<td width=\"101\">Grossz\u00f6beritz<\/td>\n<td width=\"108\">25.02.2021<\/td>\n<\/tr>\n<tr>\n<td width=\"287\">TTZ Kraftbet\u00e4tigte Toranlagen<\/td>\n<td width=\"101\">G\u00fctersloh<\/td>\n<td width=\"108\">02.03.2021<\/td>\n<\/tr>\n<tr>\n<td width=\"287\">Montage Industrie-Sektionaltore<\/td>\n<td width=\"101\">G\u00fctersloh<\/td>\n<td width=\"108\">03.03.2021<\/td>\n<\/tr>\n<tr>\n<td width=\"287\">Montage CarTeck Garagentore<\/td>\n<td width=\"101\">Grossz\u00f6beritz<\/td>\n<td width=\"108\">03.03.2021<\/td>\n<\/tr>\n<tr>\n<td width=\"287\">dormakaba Feststellanlagen (Basis)<\/td>\n<td width=\"101\">Verl<\/td>\n<td width=\"108\">03.03.2021<\/td>\n<\/tr>\n<tr>\n<td width=\"287\">Montage Industrie-Rolltore<\/td>\n<td width=\"101\">G\u00fctersloh<\/td>\n<td width=\"108\">04.03.2021<\/td>\n<\/tr>\n<tr>\n<td width=\"287\">CarTeck DRIVE + SOMlink + SmartHome<\/td>\n<td width=\"101\">Grossz\u00f6beritz<\/td>\n<td width=\"108\">04.03.2021<\/td>\n<\/tr>\n<tr>\n<td width=\"287\">dormakaba Feststellanlagen (Aufbau)<\/td>\n<td width=\"101\">Verl<\/td>\n<td width=\"108\">04.03.2021<\/td>\n<\/tr>\n<tr>\n<td width=\"287\">Montage Funktionst\u00fcren<\/td>\n<td width=\"101\">Kirchheim<\/td>\n<td width=\"108\">09.03.2021<\/td>\n<\/tr>\n<tr>\n<td width=\"287\">GEZE Feststellanlagen (Basis) 2 Tage<\/td>\n<td width=\"101\">Grossz\u00f6beritz<\/td>\n<td width=\"108\">09 + 10.03.2021<\/td>\n<\/tr>\n<tr>\n<td width=\"287\">TTZ Feuer- und Rauchschutzt\u00fcren<\/td>\n<td width=\"101\">Kirchheim<\/td>\n<td width=\"108\">10.03.2021<\/td>\n<\/tr>\n<tr>\n<td width=\"287\">TTZ Kraftbet\u00e4tigte Toranlagen<\/td>\n<td width=\"101\">Kirchheim<\/td>\n<td width=\"108\">11.03.2021<\/td>\n<\/tr>\n<tr>\n<td width=\"287\">GEZE Feststellanlagen (Aufbau)<\/td>\n<td width=\"101\">Grossz\u00f6beritz<\/td>\n<td width=\"108\">11.03.2021<\/td>\n<\/tr>\n<tr>\n<td width=\"287\">Montage CarTeck Garagentore<\/td>\n<td width=\"101\">G\u00fctersloh<\/td>\n<td width=\"108\">16.03.2021<\/td>\n<\/tr>\n<tr>\n<td width=\"287\">Hekatron Feststellanlagen (Basis + Aufbau)<\/td>\n<td width=\"101\">Grossz\u00f6beritz<\/td>\n<td width=\"108\">16.03.2021<\/td>\n<\/tr>\n<tr>\n<td width=\"287\">CarTeck DRIVE + SOMlink + SmartHome<\/td>\n<td width=\"101\">G\u00fctersloh<\/td>\n<td width=\"108\">17.03.2021<\/td>\n<\/tr>\n<tr>\n<td width=\"287\">dormakaba Feststellanlagen (Basis)<\/td>\n<td width=\"101\">Grossz\u00f6beritz<\/td>\n<td width=\"108\">17.03.2021<\/td>\n<\/tr>\n<tr>\n<td width=\"287\">dormakaba Feststellanlagen (Aufbau)<\/td>\n<td width=\"101\">Grossz\u00f6beritz<\/td>\n<td width=\"108\">18.03.2021<\/td>\n<\/tr>\n<tr>\n<td width=\"287\">Vertrieb Funktionst\u00fcren<\/td>\n<td width=\"101\">Kirchheim<\/td>\n<td width=\"108\">23.03.2021<\/td>\n<\/tr>\n<tr>\n<td width=\"287\">Montage Industrie-Sektionaltore<\/td>\n<td width=\"101\">Grossz\u00f6beritz<\/td>\n<td width=\"108\">23.03.2021<\/td>\n<\/tr>\n<tr>\n<td width=\"287\">GEZE Feststellanlagen (Basis) 2 Tage<\/td>\n<td width=\"101\">Verl<\/td>\n<td width=\"108\">23 + 24.03.2021<\/td>\n<\/tr>\n<tr>\n<td width=\"287\">Montage CarTeck Garagentore<\/td>\n<td width=\"101\">Kirchheim<\/td>\n<td width=\"108\">24.03.2021<\/td>\n<\/tr>\n<tr>\n<td width=\"287\">Vertrieb CarTeck Garagentore<\/td>\n<td width=\"101\">Kirchheim<\/td>\n<td width=\"108\">25.03.2021<\/td>\n<\/tr>\n<tr>\n<td width=\"287\">TTZ Kraftbet\u00e4tigte Toranlagen<\/td>\n<td width=\"101\">Grossz\u00f6beritz<\/td>\n<td width=\"108\">25.03.2021<\/td>\n<\/tr>\n<tr>\n<td width=\"287\">GEZE Feststellanlagen (Aufbau)<\/td>\n<td width=\"101\">Verl<\/td>\n<td width=\"108\">25.03.2021<\/td>\n<\/tr>\n<tr>\n<td width=\"287\">Montage Industrie-Rolltore<\/td>\n<td width=\"101\">Grossz\u00f6beritz<\/td>\n<td width=\"108\">13.04.2021<\/td>\n<\/tr>\n<tr>\n<td width=\"287\">Montage Funktionst\u00fcren<\/td>\n<td width=\"101\">G\u00fctersloh<\/td>\n<td width=\"108\">04.05.2021<\/td>\n<\/tr>\n<tr>\n<td width=\"287\">TTZ Feuer- und Rauchschutzt\u00fcren<\/td>\n<td width=\"101\">G\u00fctersloh<\/td>\n<td width=\"108\">05.05.2021<\/td>\n<\/tr>\n<tr>\n<td width=\"287\">TTZ Kraftbet\u00e4tigte Toranlagen<\/td>\n<td width=\"101\">G\u00fctersloh<\/td>\n<td width=\"108\">06.05.2021<\/td>\n<\/tr>\n<tr>\n<td width=\"287\">Vertrieb Funktionst\u00fcren<\/td>\n<td width=\"101\">G\u00fctersloh<\/td>\n<td width=\"108\">18.05.2021<\/td>\n<\/tr>\n<tr>\n<td width=\"287\">TTZ Kraftbet\u00e4tigte Toranlagen<\/td>\n<td width=\"101\">Grossz\u00f6beritz<\/td>\n<td width=\"108\">18.05.2021<\/td>\n<\/tr>\n<tr>\n<td width=\"287\">Montage Funktionst\u00fcren<\/td>\n<td width=\"101\">Grossz\u00f6beritz<\/td>\n<td width=\"108\">19.05.2021<\/td>\n<\/tr>\n<tr>\n<td width=\"287\">Montage CarTeck Garagentore<\/td>\n<td width=\"101\">G\u00fctersloh<\/td>\n<td width=\"108\">19.05.2021<\/td>\n<\/tr>\n<tr>\n<td width=\"287\">Vertrieb CarTeck Garagentore<\/td>\n<td width=\"101\">G\u00fctersloh<\/td>\n<td width=\"108\">20.05.2021<\/td>\n<\/tr>\n<tr>\n<td width=\"287\">TTZ Feuer- und Rauchschutzt\u00fcren<\/td>\n<td width=\"101\">Grossz\u00f6beritz<\/td>\n<td width=\"108\">20.05.2021<\/td>\n<\/tr>\n<tr>\n<td width=\"287\">Vertrieb Funktionst\u00fcren<\/td>\n<td width=\"101\">Grossz\u00f6beritz<\/td>\n<td width=\"108\">08.06.2021<\/td>\n<\/tr>\n<tr>\n<td width=\"287\">Vertrieb CarTeck Garagentore<\/td>\n<td width=\"101\">Grossz\u00f6beritz<\/td>\n<td width=\"108\">09.06.2021<\/td>\n<\/tr>\n<tr>\n<td width=\"287\">Montage CarTeck Garagentore<\/td>\n<td width=\"101\">Grossz\u00f6beritz<\/td>\n<td width=\"108\">10.06.2021<\/td>\n<\/tr>\n<tr>\n<td width=\"287\">Montage Falttore<\/td>\n<td width=\"101\">Grossz\u00f6beritz<\/td>\n<td width=\"108\">07.09.2021<\/td>\n<\/tr>\n<tr>\n<td width=\"287\">Vertrieb Funktionst\u00fcren<\/td>\n<td width=\"101\">G\u00fctersloh<\/td>\n<td width=\"108\">07.09.2021<\/td>\n<\/tr>\n<tr>\n<td width=\"287\">Vertrieb Industrie-Sektionaltore \/ Rolltore<\/td>\n<td width=\"101\">G\u00fctersloh<\/td>\n<td width=\"108\">08.09.2021<\/td>\n<\/tr>\n<tr>\n<td width=\"287\">Montage Funktionst\u00fcren<\/td>\n<td width=\"101\">Grossz\u00f6beritz<\/td>\n<td width=\"108\">08.09.2021<\/td>\n<\/tr>\n<tr>\n<td width=\"287\">dormakaba Feststellanlagen (Basis)<\/td>\n<td width=\"101\">Verl<\/td>\n<td width=\"108\">08.09.2021<\/td>\n<\/tr>\n<tr>\n<td width=\"287\">TTZ Feuer- und Rauchschutzt\u00fcren<\/td>\n<td width=\"101\">Grossz\u00f6beritz<\/td>\n<td width=\"108\">09.09.2021<\/td>\n<\/tr>\n<tr>\n<td width=\"287\">Vertrieb CarTeck Garagentore<\/td>\n<td width=\"101\">G\u00fctersloh<\/td>\n<td width=\"108\">09.09.2021<\/td>\n<\/tr>\n<tr>\n<td width=\"287\">dormakaba Feststellanlagen (Aufbau)<\/td>\n<td width=\"101\">Verl<\/td>\n<td width=\"108\">09.09.2021<\/td>\n<\/tr>\n<tr>\n<td width=\"287\">Vertrieb Funktionst\u00fcren<\/td>\n<td width=\"101\">Grossz\u00f6beritz<\/td>\n<td width=\"108\">14.09.2021<\/td>\n<\/tr>\n<tr>\n<td width=\"287\">Montage Falttore<\/td>\n<td width=\"101\">G\u00fctersloh<\/td>\n<td width=\"108\">14.09.2021<\/td>\n<\/tr>\n<tr>\n<td width=\"287\">Vertrieb Industrie-Sektionaltore \/ Rolltore<\/td>\n<td width=\"101\">Grossz\u00f6beritz<\/td>\n<td width=\"108\">15.09.2021<\/td>\n<\/tr>\n<tr>\n<td width=\"287\">Montage Funktionst\u00fcren<\/td>\n<td width=\"101\">G\u00fctersloh<\/td>\n<td width=\"108\">15.09.2021<\/td>\n<\/tr>\n<tr>\n<td width=\"287\">Vertrieb CarTeck Garagentore<\/td>\n<td width=\"101\">Grossz\u00f6beritz<\/td>\n<td width=\"108\">16.09.2021<\/td>\n<\/tr>\n<tr>\n<td width=\"287\">TTZ Feuer- und Rauchschutzt\u00fcren<\/td>\n<td width=\"101\">G\u00fctersloh<\/td>\n<td width=\"108\">16.09.2021<\/td>\n<\/tr>\n<tr>\n<td width=\"287\">Montage Industrie-Sektionaltore<\/td>\n<td width=\"101\">Grossz\u00f6beritz<\/td>\n<td width=\"108\">21.09.2021<\/td>\n<\/tr>\n<tr>\n<td width=\"287\">Montage Feuerschutz-Schiebetore<\/td>\n<td width=\"101\">Grossz\u00f6beritz<\/td>\n<td width=\"108\">22.09.2021<\/td>\n<\/tr>\n<tr>\n<td width=\"287\">Montage Industrie-Rolltore<\/td>\n<td width=\"101\">G\u00fctersloh<\/td>\n<td width=\"108\">28.09.2021<\/td>\n<\/tr>\n<tr>\n<td width=\"287\">Hekatron Feststellanlagen (Basis + Aufbau)<\/td>\n<td width=\"101\">Verl<\/td>\n<td width=\"108\">28.09.2021<\/td>\n<\/tr>\n<tr>\n<td width=\"287\">Montage Industrie-Sektionaltore<\/td>\n<td width=\"101\">G\u00fctersloh<\/td>\n<td width=\"108\">29.09.2021<\/td>\n<\/tr>\n<tr>\n<td width=\"287\">Montage Feuerschutz-Schiebetore<\/td>\n<td width=\"101\">G\u00fctersloh<\/td>\n<td width=\"108\">30.09.2021<\/td>\n<\/tr>\n<tr>\n<td width=\"287\">dormakaba Feststellanlagen (Basis)<\/td>\n<td width=\"101\">Grossz\u00f6beritz<\/td>\n<td width=\"108\">05.10.2021<\/td>\n<\/tr>\n<tr>\n<td width=\"287\">dormakaba Feststellanlagen (Aufbau)<\/td>\n<td width=\"101\">Grossz\u00f6beritz<\/td>\n<td width=\"108\">06.10.2021<\/td>\n<\/tr>\n<tr>\n<td width=\"287\">Industrie-Steuerung MFZ<\/td>\n<td width=\"101\">Grossz\u00f6beritz<\/td>\n<td width=\"108\">07.10.2021<\/td>\n<\/tr>\n<tr>\n<td width=\"287\">ECO-Schulte<\/td>\n<td width=\"101\">Verl<\/td>\n<td width=\"108\">07.10.2021<\/td>\n<\/tr>\n<tr>\n<td width=\"287\">Montage Funktionst\u00fcren<\/td>\n<td width=\"101\">Kirchheim<\/td>\n<td width=\"108\">26.10.2021<\/td>\n<\/tr>\n<tr>\n<td width=\"287\">Industrie-Steuerung MFZ<\/td>\n<td width=\"101\">G\u00fctersloh<\/td>\n<td width=\"108\">26.10.2021<\/td>\n<\/tr>\n<tr>\n<td width=\"287\">TTZ Feuer- und Rauchschutzt\u00fcren<\/td>\n<td width=\"101\">Kirchheim<\/td>\n<td width=\"108\">27.10.2021<\/td>\n<\/tr>\n<tr>\n<td width=\"287\">TTZ Kraftbet\u00e4tigte Toranlagen<\/td>\n<td width=\"101\">Kirchheim<\/td>\n<td width=\"108\">28.10.2021<\/td>\n<\/tr>\n<tr>\n<td width=\"287\">TTZ Kraftbet\u00e4tigte Toranlagen<\/td>\n<td width=\"101\">G\u00fctersloh<\/td>\n<td width=\"108\">09.11.2021<\/td>\n<\/tr>\n<tr>\n<td width=\"287\">Montage Funktionst\u00fcren<\/td>\n<td width=\"101\">G\u00fctersloh<\/td>\n<td width=\"108\">10.11.2021<\/td>\n<\/tr>\n<tr>\n<td width=\"287\">Industrie-Steuerung Schnetz 9-13 Uhr<\/td>\n<td width=\"101\">G\u00fctersloh<\/td>\n<td width=\"108\">11.11.2021<\/td>\n<\/tr>\n<tr>\n<td width=\"287\">TTZ Kraftbet\u00e4tigte Toranlagen<\/td>\n<td width=\"101\">Grossz\u00f6beritz<\/td>\n<td width=\"108\">16.11.2021<\/td>\n<\/tr>\n<tr>\n<td width=\"287\">GEZE Feststellanlagen (Basis) 2 Tage<\/td>\n<td width=\"101\">Verl<\/td>\n<td width=\"108\">16 + 17.11.2021<\/td>\n<\/tr>\n<tr>\n<td width=\"287\">Montage Funktionst\u00fcren<\/td>\n<td width=\"101\">Grossz\u00f6beritz<\/td>\n<td width=\"108\">17.11.2021<\/td>\n<\/tr>\n<tr>\n<td width=\"287\">Montage Industrie-Rolltore<\/td>\n<td width=\"101\">Grossz\u00f6beritz<\/td>\n<td width=\"108\">18.11.2021<\/td>\n<\/tr>\n<tr>\n<td width=\"287\">GEZE Feststellanlagen (Aufbau)<\/td>\n<td width=\"101\">Verl<\/td>\n<td width=\"108\">18.11.2021<\/td>\n<\/tr>\n<tr>\n<td width=\"287\">Vertrieb Funktionst\u00fcren<\/td>\n<td width=\"101\">Kirchheim<\/td>\n<td width=\"108\">23.11.2021<\/td>\n<\/tr>\n<tr>\n<td width=\"287\">GEZE Feststellanlagen (Basis) 2 Tage<\/td>\n<td width=\"101\">Grossz\u00f6beritz<\/td>\n<td width=\"108\">23 + 24.11.2021<\/td>\n<\/tr>\n<tr>\n<td width=\"287\">Vertrieb Industrie-Sektionaltore \/ Rolltore<\/td>\n<td width=\"101\">Kirchheim<\/td>\n<td width=\"108\">24.11.2021<\/td>\n<\/tr>\n<tr>\n<td width=\"287\">Vertrieb CarTeck Garagentore<\/td>\n<td width=\"101\">Kirchheim<\/td>\n<td width=\"108\">25.11.2021<\/td>\n<\/tr>\n<tr>\n<td width=\"287\">GEZE Feststellanlagen (Aufbau)<\/td>\n<td width=\"101\">Grossz\u00f6beritz<\/td>\n<td width=\"108\">25.11.2021<\/td>\n<\/tr>\n<tr>\n<td width=\"287\">Vertrieb Funktionst\u00fcren<\/td>\n<td width=\"101\">G\u00fctersloh<\/td>\n<td width=\"108\">30.11.2021<\/td>\n<\/tr>\n<tr>\n<td width=\"287\">Hekatron Feststellanlagen (Basis + Aufbau)<\/td>\n<td width=\"101\">Grossz\u00f6beritz<\/td>\n<td width=\"108\">30.11.2021<\/td>\n<\/tr>\n<tr>\n<td width=\"287\">Vertrieb CarTeck Garagentore<\/td>\n<td width=\"101\">G\u00fctersloh<\/td>\n<td width=\"108\">01.12.2021<\/td>\n<\/tr>\n<tr>\n<td width=\"287\">Montage CarTeck Garagentore<\/td>\n<td width=\"101\">G\u00fctersloh<\/td>\n<td width=\"108\">03.12.2021<\/td>\n<\/tr>\n<tr>\n<td width=\"287\">Vertrieb Funktionst\u00fcren<\/td>\n<td width=\"101\">Grossz\u00f6beritz<\/td>\n<td width=\"108\">07.12.2021<\/td>\n<\/tr>\n<tr>\n<td width=\"287\">Montage CarTeck Garagentore<\/td>\n<td width=\"101\">Grossz\u00f6beritz<\/td>\n<td width=\"108\">08.12.2021<\/td>\n<\/tr>\n<tr>\n<td width=\"287\">Vertrieb CarTeck Garagentore<\/td>\n<td width=\"101\">Grossz\u00f6beritz<\/td>\n<td width=\"108\">09.12.2021<\/td>\n<\/tr>\n<\/tbody>\n<\/table>\n<p>&nbsp;<\/p>\n<hr \/>\n<p>&nbsp;<\/p>\n<p>Abdruck honorarfrei, Belegexemplar erbeten<\/p>\n<p>&nbsp;<\/p>\n<hr \/>\n<p>&nbsp;<\/p>\n<p><strong>Teckentrup: Door Solutions<\/strong><br \/>\nTeckentrup z\u00e4hlt mit den Produktionswerken in Verl-S\u00fcrenheide (Hauptsitz, NRW) und Gro\u00dfz\u00f6beritz (Sachsen-Anhalt) sowie seinen 900 Mitarbeitern zu den gr\u00f6\u00dften Herstellern von T\u00fcren und Toren in Europa.<br \/>\nDas in dritter Generation inhabergef\u00fchrte mittelst\u00e4ndische Familienunternehmen hat sich insbesondere den Werten Qualit\u00e4t, Design und Service verpflichtet. St\u00e4ndige Verbesserungen der Produkte und die Entwicklung neuer Technologien sind f\u00fcr Teckentrup selbstverst\u00e4ndlich. F\u00fcr die kontinuierliche Weiterentwicklung wurde im gesamten Unternehmen eine kundenzentrierte Ausrichtung (Customer Centricity) implementiert. So sorgt das Unternehmen daf\u00fcr, dass gemeinsam mit den Partnern stets die beste L\u00f6sung gefunden wird \u2013 hinsichtlich Design, Sicherheit und Service. Das Angebot umfasst Produktl\u00f6sungen aus den Bereichen HOME (Garagentore), PROFESSIONAL (Funktionst\u00fcren), INDUSTRIAL (Industrietore).<br \/>\nHeute verbindet das 1932 gegr\u00fcndete Unternehmen Tradition mit Fortschritt und das stets \u201emade in Germany\u201c. Zahlreiche internationale Zertifizierungen sind die Basis f\u00fcr einen weltweit erfolgreichen Vertrieb der Produkte. Gesellschaftliche Verantwortung \u00fcbernimmt Teckentrup unter anderem durch die Erf\u00fcllung der \u201eCharta der Vielfalt\u201c.<\/p>\n","protected":false},"excerpt":{"rendered":"<p>Aktuelles Fachpartner-Programm &nbsp; Das Jahr 2020 ist f\u00fcr Seminaranbieter bedingt durch das Corona-Virus anders verlaufen als zu Beginn des Jahres geplant. Dies hat auch beim Verler T\u00fcr- und Torspezialisten Teckentrup zu einigen \u00c4nderungen im Seminarprogramm und in der Umsetzung gef\u00fchrt. Erstmals wurden Schulungen nicht vor Ort, sondern online durchgef\u00fchrt. Das Unternehmen hat damit gute Erfahrungen [&hellip;]<\/p>\n","protected":false},"author":6,"featured_media":13864,"comment_status":"closed","ping_status":"open","sticky":false,"template":"","format":"standard","meta":{"footnotes":""},"categories":[18],"tags":[],"class_list":["post-13860","post","type-post","status-publish","format-standard","has-post-thumbnail","hentry","category-teckentrup"],"_links":{"self":[{"href":"https:\/\/www.pr-neu.de\/newsroom\/wp-json\/wp\/v2\/posts\/13860","targetHints":{"allow":["GET"]}}],"collection":[{"href":"https:\/\/www.pr-neu.de\/newsroom\/wp-json\/wp\/v2\/posts"}],"about":[{"href":"https:\/\/www.pr-neu.de\/newsroom\/wp-json\/wp\/v2\/types\/post"}],"author":[{"embeddable":true,"href":"https:\/\/www.pr-neu.de\/newsroom\/wp-json\/wp\/v2\/users\/6"}],"replies":[{"embeddable":true,"href":"https:\/\/www.pr-neu.de\/newsroom\/wp-json\/wp\/v2\/comments?post=13860"}],"version-history":[{"count":4,"href":"https:\/\/www.pr-neu.de\/newsroom\/wp-json\/wp\/v2\/posts\/13860\/revisions"}],"predecessor-version":[{"id":13866,"href":"https:\/\/www.pr-neu.de\/newsroom\/wp-json\/wp\/v2\/posts\/13860\/revisions\/13866"}],"wp:featuredmedia":[{"embeddable":true,"href":"https:\/\/www.pr-neu.de\/newsroom\/wp-json\/wp\/v2\/media\/13864"}],"wp:attachment":[{"href":"https:\/\/www.pr-neu.de\/newsroom\/wp-json\/wp\/v2\/media?parent=13860"}],"wp:term":[{"taxonomy":"category","embeddable":true,"href":"https:\/\/www.pr-neu.de\/newsroom\/wp-json\/wp\/v2\/categories?post=13860"},{"taxonomy":"post_tag","embeddable":true,"href":"https:\/\/www.pr-neu.de\/newsroom\/wp-json\/wp\/v2\/tags?post=13860"}],"curies":[{"name":"wp","href":"https:\/\/api.w.org\/{rel}","templated":true}]}}