{"id":13855,"date":"2020-12-08T08:00:33","date_gmt":"2020-12-08T07:00:33","guid":{"rendered":"http:\/\/www.pr-neu.de\/newsroom\/?p=13855"},"modified":"2020-12-07T09:38:36","modified_gmt":"2020-12-07T08:38:36","slug":"sprueh-grundierung-auf-wasserbasis","status":"publish","type":"post","link":"https:\/\/www.pr-neu.de\/newsroom\/sprueh-grundierung-auf-wasserbasis\/","title":{"rendered":"Spr\u00fch-Grundierung auf Wasserbasis"},"content":{"rendered":"<p><u>Neue Universalgrundierung als Spray: S\u00fcdwest Acryl All-Grund<\/u><\/p>\n<p>&nbsp;<\/p>\n<p>Mit dem neuen \u201eAcryl All-Grund Spray\u201c liefert S\u00fcdwest eine geruchsmilde, leicht zu verarbeitende Grundierung. Das Spray auf Wasserbasis dient als Universalgrundierung, mit der kleinere Ausbesserungen schnell und unkompliziert durchgef\u00fchrt werden. Die sehr schnell trocknende Grundierung schafft mit optimaler Deckkraft und einem hohen Wei\u00dfgrad perfekt vorbereitete Untergr\u00fcnde. Das Spray l\u00e4sst sich Innen und Au\u00dfen auf vielen Untergr\u00fcnden anwenden \u2013 unter anderem auf Eisen, Stahl, Alu, Altlackierungen, Hartkunststoffen und Holz. Aufgrund der schnellen Trocknung ist der zweite Auftrag bereits nach kurzer Zeit problemlos m\u00f6glich. Ein praktischer\u00a0 Wechselspr\u00fchkopf im Deckel der Spraydose erm\u00f6glicht eine schnelle Fortf\u00fchrung der Arbeiten, falls der Spr\u00fchkopf einmal verstopft.<\/p>\n<p>&nbsp;<\/p>\n<hr \/>\n<p>&nbsp;<\/p>\n<p><a href=\"http:\/\/www.pr-neu.de\/newsroom\/wordpress\/wp-content\/uploads\/2020\/12\/20-10_All-Grund_Spray_1_K.jpg\" target=\"_blank\" rel=\"noopener noreferrer\"><img loading=\"lazy\" decoding=\"async\" class=\"aligncenter wp-image-13856 size-medium\" src=\"http:\/\/www.pr-neu.de\/newsroom\/wordpress\/wp-content\/uploads\/2020\/12\/20-10_All-Grund_Spray_1_K-300x300.jpg\" alt=\"\" width=\"300\" height=\"300\" srcset=\"https:\/\/www.pr-neu.de\/newsroom\/wordpress\/wp-content\/uploads\/2020\/12\/20-10_All-Grund_Spray_1_K-300x300.jpg 300w, https:\/\/www.pr-neu.de\/newsroom\/wordpress\/wp-content\/uploads\/2020\/12\/20-10_All-Grund_Spray_1_K-1024x1024.jpg 1024w, https:\/\/www.pr-neu.de\/newsroom\/wordpress\/wp-content\/uploads\/2020\/12\/20-10_All-Grund_Spray_1_K-150x150.jpg 150w, https:\/\/www.pr-neu.de\/newsroom\/wordpress\/wp-content\/uploads\/2020\/12\/20-10_All-Grund_Spray_1_K-768x768.jpg 768w, https:\/\/www.pr-neu.de\/newsroom\/wordpress\/wp-content\/uploads\/2020\/12\/20-10_All-Grund_Spray_1_K-1536x1536.jpg 1536w, https:\/\/www.pr-neu.de\/newsroom\/wordpress\/wp-content\/uploads\/2020\/12\/20-10_All-Grund_Spray_1_K-2048x2048.jpg 2048w, https:\/\/www.pr-neu.de\/newsroom\/wordpress\/wp-content\/uploads\/2020\/12\/20-10_All-Grund_Spray_1_K-250x250.jpg 250w, https:\/\/www.pr-neu.de\/newsroom\/wordpress\/wp-content\/uploads\/2020\/12\/20-10_All-Grund_Spray_1_K-125x125.jpg 125w, https:\/\/www.pr-neu.de\/newsroom\/wordpress\/wp-content\/uploads\/2020\/12\/20-10_All-Grund_Spray_1_K-110x110.jpg 110w, https:\/\/www.pr-neu.de\/newsroom\/wordpress\/wp-content\/uploads\/2020\/12\/20-10_All-Grund_Spray_1_K-420x420.jpg 420w, https:\/\/www.pr-neu.de\/newsroom\/wordpress\/wp-content\/uploads\/2020\/12\/20-10_All-Grund_Spray_1_K-430x430.jpg 430w\" sizes=\"auto, (max-width: 300px) 100vw, 300px\" \/><\/a><\/p>\n<p style=\"text-align: center;\">Umweltfreundlich, da auf Wasserbasis: Das neue Acryl All-Grund Spray von S\u00fcdwest.<\/p>\n<p>&nbsp;<\/p>\n<p><a href=\"http:\/\/www.pr-neu.de\/newsroom\/wordpress\/wp-content\/uploads\/2020\/12\/20-10_All-Grund_Spray_2_K.jpg\" target=\"_blank\" rel=\"noopener noreferrer\"><img loading=\"lazy\" decoding=\"async\" class=\"aligncenter wp-image-13857 size-medium\" src=\"http:\/\/www.pr-neu.de\/newsroom\/wordpress\/wp-content\/uploads\/2020\/12\/20-10_All-Grund_Spray_2_K-300x200.jpg\" alt=\"\" width=\"300\" height=\"200\" srcset=\"https:\/\/www.pr-neu.de\/newsroom\/wordpress\/wp-content\/uploads\/2020\/12\/20-10_All-Grund_Spray_2_K-300x200.jpg 300w, https:\/\/www.pr-neu.de\/newsroom\/wordpress\/wp-content\/uploads\/2020\/12\/20-10_All-Grund_Spray_2_K-1024x683.jpg 1024w, https:\/\/www.pr-neu.de\/newsroom\/wordpress\/wp-content\/uploads\/2020\/12\/20-10_All-Grund_Spray_2_K-768x512.jpg 768w, https:\/\/www.pr-neu.de\/newsroom\/wordpress\/wp-content\/uploads\/2020\/12\/20-10_All-Grund_Spray_2_K-1536x1024.jpg 1536w, https:\/\/www.pr-neu.de\/newsroom\/wordpress\/wp-content\/uploads\/2020\/12\/20-10_All-Grund_Spray_2_K-2048x1365.jpg 2048w, https:\/\/www.pr-neu.de\/newsroom\/wordpress\/wp-content\/uploads\/2020\/12\/20-10_All-Grund_Spray_2_K-110x73.jpg 110w, https:\/\/www.pr-neu.de\/newsroom\/wordpress\/wp-content\/uploads\/2020\/12\/20-10_All-Grund_Spray_2_K-420x280.jpg 420w, https:\/\/www.pr-neu.de\/newsroom\/wordpress\/wp-content\/uploads\/2020\/12\/20-10_All-Grund_Spray_2_K-645x430.jpg 645w\" sizes=\"auto, (max-width: 300px) 100vw, 300px\" \/><\/a><\/p>\n<p style=\"text-align: center;\">Die praktische Spr\u00fchdose erm\u00f6glicht die leichte Verarbeitung und sorgt f\u00fcr optimale Oberfl\u00e4chen.<\/p>\n<p style=\"text-align: center;\">Bilder: S\u00fcdwest<\/p>\n<p>&nbsp;<\/p>\n<hr \/>\n<p>&nbsp;<\/p>\n<p>Abdruck honorarfrei, Belegexemplar erbeten<\/p>\n","protected":false},"excerpt":{"rendered":"<p>Neue Universalgrundierung als Spray: S\u00fcdwest Acryl All-Grund &nbsp; Mit dem neuen \u201eAcryl All-Grund Spray\u201c liefert S\u00fcdwest eine geruchsmilde, leicht zu verarbeitende Grundierung. Das Spray auf Wasserbasis dient als Universalgrundierung, mit der kleinere Ausbesserungen schnell und unkompliziert durchgef\u00fchrt werden. Die sehr schnell trocknende Grundierung schafft mit optimaler Deckkraft und einem hohen Wei\u00dfgrad perfekt vorbereitete Untergr\u00fcnde. Das [&hellip;]<\/p>\n","protected":false},"author":6,"featured_media":13857,"comment_status":"closed","ping_status":"open","sticky":false,"template":"","format":"standard","meta":{"footnotes":""},"categories":[17],"tags":[],"class_list":["post-13855","post","type-post","status-publish","format-standard","has-post-thumbnail","hentry","category-sudwest"],"_links":{"self":[{"href":"https:\/\/www.pr-neu.de\/newsroom\/wp-json\/wp\/v2\/posts\/13855","targetHints":{"allow":["GET"]}}],"collection":[{"href":"https:\/\/www.pr-neu.de\/newsroom\/wp-json\/wp\/v2\/posts"}],"about":[{"href":"https:\/\/www.pr-neu.de\/newsroom\/wp-json\/wp\/v2\/types\/post"}],"author":[{"embeddable":true,"href":"https:\/\/www.pr-neu.de\/newsroom\/wp-json\/wp\/v2\/users\/6"}],"replies":[{"embeddable":true,"href":"https:\/\/www.pr-neu.de\/newsroom\/wp-json\/wp\/v2\/comments?post=13855"}],"version-history":[{"count":2,"href":"https:\/\/www.pr-neu.de\/newsroom\/wp-json\/wp\/v2\/posts\/13855\/revisions"}],"predecessor-version":[{"id":13859,"href":"https:\/\/www.pr-neu.de\/newsroom\/wp-json\/wp\/v2\/posts\/13855\/revisions\/13859"}],"wp:featuredmedia":[{"embeddable":true,"href":"https:\/\/www.pr-neu.de\/newsroom\/wp-json\/wp\/v2\/media\/13857"}],"wp:attachment":[{"href":"https:\/\/www.pr-neu.de\/newsroom\/wp-json\/wp\/v2\/media?parent=13855"}],"wp:term":[{"taxonomy":"category","embeddable":true,"href":"https:\/\/www.pr-neu.de\/newsroom\/wp-json\/wp\/v2\/categories?post=13855"},{"taxonomy":"post_tag","embeddable":true,"href":"https:\/\/www.pr-neu.de\/newsroom\/wp-json\/wp\/v2\/tags?post=13855"}],"curies":[{"name":"wp","href":"https:\/\/api.w.org\/{rel}","templated":true}]}}