{"id":13835,"date":"2020-11-26T12:54:58","date_gmt":"2020-11-26T11:54:58","guid":{"rendered":"http:\/\/www.pr-neu.de\/newsroom\/?p=13835"},"modified":"2020-11-26T12:54:58","modified_gmt":"2020-11-26T11:54:58","slug":"sto-bleibt-wdvs-weltmarktfuehrer","status":"publish","type":"post","link":"https:\/\/www.pr-neu.de\/newsroom\/sto-bleibt-wdvs-weltmarktfuehrer\/","title":{"rendered":"Sto bleibt WDVS-Weltmarktf\u00fchrer"},"content":{"rendered":"<p>Seit mehreren Jahren zeichnet die \u201eWirtschaftswoche\u201c mittelst\u00e4ndische Weltmarktf\u00fchrer aus Deutschland, \u00d6sterreich und der Schweiz aus, die \u201eHidden Champions\u201c. Diese Unternehmen vereinen viele positive Eigenschaften: Sie besetzen wachstumsstarke Marktfelder, agieren innovativ und international, achten auf eine solide Finanzstruktur und entwickeln eine Marke mit Strahlkraft. Viele dieser Firmen sind nach wie vor in Hand der Gr\u00fcnder- bzw. Eigent\u00fcmerfamilie. Im November 2020 zeichnete das Wirtschaftsblatt die aktuellen Weltmarktf\u00fchrer aus. Daf\u00fcr m\u00fcssen sie hohe Standards erf\u00fcllen \u2013 h\u00f6chster oder zweith\u00f6chster Marktanteil, Jahresumsatz \u00fcber 50 Millionen Euro und zur H\u00e4lfte im Ausland erwirtschaftet auf mindestens drei Kontinenten. Hier ist Sto im Gesch\u00e4ftsfeld \u201eW\u00e4rmed\u00e4mm-Verbundsysteme\u201c vorne \u2013 wie schon in den Vorjahren. \u201eF\u00fcr uns ist dies eine sch\u00f6nes Zeichen, dass unser Weg mit Internationalisierung, Investition in Forschung und Entwicklung und unserem ertragsorientierten Wachstumskurs richtig ist\u201c, meint Sto-Vorstandssprecher Rainer H\u00fcttenberger.<\/p>\n<p>&nbsp;<\/p>\n<hr \/>\n<p>&nbsp;<\/p>\n<p><a href=\"http:\/\/www.pr-neu.de\/newsroom\/wordpress\/wp-content\/uploads\/2020\/11\/20-42_Weltmarktfuehrer_WDVS_K.jpg\"><img loading=\"lazy\" decoding=\"async\" class=\"aligncenter size-medium wp-image-13836\" src=\"http:\/\/www.pr-neu.de\/newsroom\/wordpress\/wp-content\/uploads\/2020\/11\/20-42_Weltmarktfuehrer_WDVS_K-184x300.jpg\" alt=\"\" width=\"184\" height=\"300\" srcset=\"https:\/\/www.pr-neu.de\/newsroom\/wordpress\/wp-content\/uploads\/2020\/11\/20-42_Weltmarktfuehrer_WDVS_K-184x300.jpg 184w, https:\/\/www.pr-neu.de\/newsroom\/wordpress\/wp-content\/uploads\/2020\/11\/20-42_Weltmarktfuehrer_WDVS_K-629x1024.jpg 629w, https:\/\/www.pr-neu.de\/newsroom\/wordpress\/wp-content\/uploads\/2020\/11\/20-42_Weltmarktfuehrer_WDVS_K-768x1250.jpg 768w, https:\/\/www.pr-neu.de\/newsroom\/wordpress\/wp-content\/uploads\/2020\/11\/20-42_Weltmarktfuehrer_WDVS_K-943x1536.jpg 943w, https:\/\/www.pr-neu.de\/newsroom\/wordpress\/wp-content\/uploads\/2020\/11\/20-42_Weltmarktfuehrer_WDVS_K-1258x2048.jpg 1258w, https:\/\/www.pr-neu.de\/newsroom\/wordpress\/wp-content\/uploads\/2020\/11\/20-42_Weltmarktfuehrer_WDVS_K-68x110.jpg 68w, https:\/\/www.pr-neu.de\/newsroom\/wordpress\/wp-content\/uploads\/2020\/11\/20-42_Weltmarktfuehrer_WDVS_K-258x420.jpg 258w, https:\/\/www.pr-neu.de\/newsroom\/wordpress\/wp-content\/uploads\/2020\/11\/20-42_Weltmarktfuehrer_WDVS_K-264x430.jpg 264w, https:\/\/www.pr-neu.de\/newsroom\/wordpress\/wp-content\/uploads\/2020\/11\/20-42_Weltmarktfuehrer_WDVS_K.jpg 1474w\" sizes=\"auto, (max-width: 184px) 100vw, 184px\" \/><\/a><\/p>\n<p>&nbsp;<\/p>\n<hr \/>\n<p>&nbsp;<\/p>\n<p>Abdruck honorarfrei, Belegexemplar erbeten<\/p>\n","protected":false},"excerpt":{"rendered":"<p>Seit mehreren Jahren zeichnet die \u201eWirtschaftswoche\u201c mittelst\u00e4ndische Weltmarktf\u00fchrer aus Deutschland, \u00d6sterreich und der Schweiz aus, die \u201eHidden Champions\u201c. Diese Unternehmen vereinen viele positive Eigenschaften: Sie besetzen wachstumsstarke Marktfelder, agieren innovativ und international, achten auf eine solide Finanzstruktur und entwickeln eine Marke mit Strahlkraft. Viele dieser Firmen sind nach wie vor in Hand der Gr\u00fcnder- bzw. [&hellip;]<\/p>\n","protected":false},"author":6,"featured_media":13837,"comment_status":"closed","ping_status":"open","sticky":false,"template":"","format":"standard","meta":{"footnotes":""},"categories":[15],"tags":[],"class_list":["post-13835","post","type-post","status-publish","format-standard","has-post-thumbnail","hentry","category-sto"],"_links":{"self":[{"href":"https:\/\/www.pr-neu.de\/newsroom\/wp-json\/wp\/v2\/posts\/13835","targetHints":{"allow":["GET"]}}],"collection":[{"href":"https:\/\/www.pr-neu.de\/newsroom\/wp-json\/wp\/v2\/posts"}],"about":[{"href":"https:\/\/www.pr-neu.de\/newsroom\/wp-json\/wp\/v2\/types\/post"}],"author":[{"embeddable":true,"href":"https:\/\/www.pr-neu.de\/newsroom\/wp-json\/wp\/v2\/users\/6"}],"replies":[{"embeddable":true,"href":"https:\/\/www.pr-neu.de\/newsroom\/wp-json\/wp\/v2\/comments?post=13835"}],"version-history":[{"count":1,"href":"https:\/\/www.pr-neu.de\/newsroom\/wp-json\/wp\/v2\/posts\/13835\/revisions"}],"predecessor-version":[{"id":13838,"href":"https:\/\/www.pr-neu.de\/newsroom\/wp-json\/wp\/v2\/posts\/13835\/revisions\/13838"}],"wp:featuredmedia":[{"embeddable":true,"href":"https:\/\/www.pr-neu.de\/newsroom\/wp-json\/wp\/v2\/media\/13837"}],"wp:attachment":[{"href":"https:\/\/www.pr-neu.de\/newsroom\/wp-json\/wp\/v2\/media?parent=13835"}],"wp:term":[{"taxonomy":"category","embeddable":true,"href":"https:\/\/www.pr-neu.de\/newsroom\/wp-json\/wp\/v2\/categories?post=13835"},{"taxonomy":"post_tag","embeddable":true,"href":"https:\/\/www.pr-neu.de\/newsroom\/wp-json\/wp\/v2\/tags?post=13835"}],"curies":[{"name":"wp","href":"https:\/\/api.w.org\/{rel}","templated":true}]}}