{"id":13736,"date":"2020-10-28T14:13:04","date_gmt":"2020-10-28T13:13:04","guid":{"rendered":"http:\/\/www.pr-neu.de\/newsroom\/?p=13736"},"modified":"2020-11-12T10:07:00","modified_gmt":"2020-11-12T09:07:00","slug":"glasklare-aussichten","status":"publish","type":"post","link":"https:\/\/www.pr-neu.de\/newsroom\/glasklare-aussichten\/","title":{"rendered":"Glasklare Aussichten"},"content":{"rendered":"<p><u>Freie Sicht: Br\u00fcstungen und Gel\u00e4nder mit gl\u00e4sernen Kanten<\/u><\/p>\n<p><strong>Mit gl\u00e4sernen Kantenabschl\u00fcssen f\u00fcr Ganzglas-Br\u00fcs\u00adtungen und -Gel\u00e4nder vereint sedak \u00c4sthetik mit Funktion. Kein noch so schmales Metall-Bauteil st\u00f6rt die Sicht. Die Br\u00fcstungen gibt es zudem gebogen und sogar schusssicher.<\/strong><\/p>\n<p>Damit von Balkonen und Dachterrassen der offene Blick ungest\u00f6rt in die Ferne schweifen kann, darf die Sicht nicht von (opaken) Gel\u00e4ndern versperrt werden. Freie Sicht geben Glas\u00adbr\u00fcstungen. Hier st\u00f6ren die Kantenabschl\u00fcsse oft noch den Ausblick. Diese Abschl\u00fcsse sch\u00fctzen die Glaskante vor Verwitterung und Schl\u00e4gen, ohne geht es daher nicht. Um auch diesen optischen St\u00f6rfaktor zu eliminieren, setzt sedak auf funktionalen Kantenschutz \u2013 aus Glas! Damit wird die Aussicht grenzenlos, nah und fern verschmelzen optisch. Diese hochtransparente \u00c4sthetik gibt es jetzt in zwei Varianten.<\/p>\n<p><strong>Funktionalit\u00e4t mit angenehmer Haptik<\/strong><\/p>\n<p>Mit der definierten C-Kante aus Glas als Abschlusskante erhalten Gel\u00e4nder au\u00dfergew\u00f6hnliche Haptik und vollst\u00e4ndig transparente Optik. Auf der abgerundeten Kante finden Wasser und Schmutzpartikel keinen Halt und flie\u00dfen ab, so bleibt die Kante lange sauber. Gel\u00e4nder mit C-Kante gibt es auch mit verbl\u00fcffenden Kurven: In gebogener Variante nehmen sie die geschwungene Geb\u00e4udegeometrie auf und setzen diese mit den \u00e4sthetischen Eigenschaften des Glases in hochtrans\u00adparente Gel\u00e4nder und Balustraden um.<\/p>\n<p><strong>Moderne Eleganz, maximale Transparenz<\/strong><\/p>\n<p>F\u00fcr klassische Eleganz steht \u201esedak clear edge\u201c, ein trans\u00adparenter Abschluss f\u00fcr Handl\u00e4ufe. Der patentierte Kantenschutz \u00fcberdeckt die obere Kante des Laminats und schlie\u00dft Glasbr\u00fcstungen sauber ab. So sch\u00fctzt die gl\u00e4serne Leiste das Laminat mit hochpolierten Seiten und einem planen Abschluss vor Witterungseinfl\u00fcssen und wirkt zus\u00e4tzlich als Schlagschutz.<\/p>\n<p>F\u00fcr erh\u00f6hten Sicherheitsbedarf fertigt sedak individuelle Ganzglasl\u00f6sungen f\u00fcr Balustraden und Gel\u00e4nder auch in den Beschussklassen bis BR7 NS und STANAG Level 3.<\/p>\n<p>&nbsp;<\/p>\n<hr \/>\n<p>&nbsp;<\/p>\n<p><a href=\"http:\/\/www.pr-neu.de\/newsroom\/wordpress\/wp-content\/uploads\/2020\/10\/20-06_Villa_Ganzglasbruestung_K.jpg\" target=\"_blank\" rel=\"noopener noreferrer\"><img loading=\"lazy\" decoding=\"async\" class=\"aligncenter wp-image-13745 size-medium\" src=\"http:\/\/www.pr-neu.de\/newsroom\/wordpress\/wp-content\/uploads\/2020\/10\/20-06_Villa_Ganzglasbruestung_K-300x200.jpg\" alt=\"\" width=\"300\" height=\"200\" srcset=\"https:\/\/www.pr-neu.de\/newsroom\/wordpress\/wp-content\/uploads\/2020\/10\/20-06_Villa_Ganzglasbruestung_K-300x200.jpg 300w, https:\/\/www.pr-neu.de\/newsroom\/wordpress\/wp-content\/uploads\/2020\/10\/20-06_Villa_Ganzglasbruestung_K-1024x683.jpg 1024w, https:\/\/www.pr-neu.de\/newsroom\/wordpress\/wp-content\/uploads\/2020\/10\/20-06_Villa_Ganzglasbruestung_K-768x512.jpg 768w, https:\/\/www.pr-neu.de\/newsroom\/wordpress\/wp-content\/uploads\/2020\/10\/20-06_Villa_Ganzglasbruestung_K-1536x1024.jpg 1536w, https:\/\/www.pr-neu.de\/newsroom\/wordpress\/wp-content\/uploads\/2020\/10\/20-06_Villa_Ganzglasbruestung_K-2048x1365.jpg 2048w, https:\/\/www.pr-neu.de\/newsroom\/wordpress\/wp-content\/uploads\/2020\/10\/20-06_Villa_Ganzglasbruestung_K-110x73.jpg 110w, https:\/\/www.pr-neu.de\/newsroom\/wordpress\/wp-content\/uploads\/2020\/10\/20-06_Villa_Ganzglasbruestung_K-420x280.jpg 420w, https:\/\/www.pr-neu.de\/newsroom\/wordpress\/wp-content\/uploads\/2020\/10\/20-06_Villa_Ganzglasbruestung_K-645x430.jpg 645w\" sizes=\"auto, (max-width: 300px) 100vw, 300px\" \/><\/a><\/p>\n<p style=\"text-align: center;\">Gl\u00e4serne Weitsicht: Erst mit einem Kantenabschluss aus Glas erf\u00fcllt ein Ganzglas-Gel\u00e4nder diesen Anspruch komplett: sedak-Br\u00fcstungsglas mit eleganter Glaskante. So entstehen eindrucksvolle \u201eInfinity-Balkone\u201c.<br \/>\nFoto: \u00c5ke E:son Lindman<\/p>\n<p>&nbsp;<\/p>\n<p><a href=\"http:\/\/www.pr-neu.de\/newsroom\/wordpress\/wp-content\/uploads\/2020\/10\/20-06_C-Kante_2_K.jpg\" target=\"_blank\" rel=\"noopener noreferrer\"><img loading=\"lazy\" decoding=\"async\" class=\"aligncenter wp-image-13742 size-medium\" src=\"http:\/\/www.pr-neu.de\/newsroom\/wordpress\/wp-content\/uploads\/2020\/10\/20-06_C-Kante_2_K-300x200.jpg\" alt=\"\" width=\"300\" height=\"200\" srcset=\"https:\/\/www.pr-neu.de\/newsroom\/wordpress\/wp-content\/uploads\/2020\/10\/20-06_C-Kante_2_K-300x200.jpg 300w, https:\/\/www.pr-neu.de\/newsroom\/wordpress\/wp-content\/uploads\/2020\/10\/20-06_C-Kante_2_K-1024x681.jpg 1024w, https:\/\/www.pr-neu.de\/newsroom\/wordpress\/wp-content\/uploads\/2020\/10\/20-06_C-Kante_2_K-768x511.jpg 768w, https:\/\/www.pr-neu.de\/newsroom\/wordpress\/wp-content\/uploads\/2020\/10\/20-06_C-Kante_2_K-1536x1022.jpg 1536w, https:\/\/www.pr-neu.de\/newsroom\/wordpress\/wp-content\/uploads\/2020\/10\/20-06_C-Kante_2_K-2048x1363.jpg 2048w, https:\/\/www.pr-neu.de\/newsroom\/wordpress\/wp-content\/uploads\/2020\/10\/20-06_C-Kante_2_K-110x73.jpg 110w, https:\/\/www.pr-neu.de\/newsroom\/wordpress\/wp-content\/uploads\/2020\/10\/20-06_C-Kante_2_K-420x279.jpg 420w, https:\/\/www.pr-neu.de\/newsroom\/wordpress\/wp-content\/uploads\/2020\/10\/20-06_C-Kante_2_K-646x430.jpg 646w\" sizes=\"auto, (max-width: 300px) 100vw, 300px\" \/><\/a><\/p>\n<p>&nbsp;<\/p>\n<p><a href=\"http:\/\/www.pr-neu.de\/newsroom\/wordpress\/wp-content\/uploads\/2020\/10\/20-06_C-Kante_1_K.jpg\" target=\"_blank\" rel=\"noopener noreferrer\"><img loading=\"lazy\" decoding=\"async\" class=\"aligncenter wp-image-13741 size-medium\" src=\"http:\/\/www.pr-neu.de\/newsroom\/wordpress\/wp-content\/uploads\/2020\/10\/20-06_C-Kante_1_K-300x200.jpg\" alt=\"\" width=\"300\" height=\"200\" srcset=\"https:\/\/www.pr-neu.de\/newsroom\/wordpress\/wp-content\/uploads\/2020\/10\/20-06_C-Kante_1_K-300x200.jpg 300w, https:\/\/www.pr-neu.de\/newsroom\/wordpress\/wp-content\/uploads\/2020\/10\/20-06_C-Kante_1_K-1024x683.jpg 1024w, https:\/\/www.pr-neu.de\/newsroom\/wordpress\/wp-content\/uploads\/2020\/10\/20-06_C-Kante_1_K-768x512.jpg 768w, https:\/\/www.pr-neu.de\/newsroom\/wordpress\/wp-content\/uploads\/2020\/10\/20-06_C-Kante_1_K-1536x1024.jpg 1536w, https:\/\/www.pr-neu.de\/newsroom\/wordpress\/wp-content\/uploads\/2020\/10\/20-06_C-Kante_1_K-2048x1365.jpg 2048w, https:\/\/www.pr-neu.de\/newsroom\/wordpress\/wp-content\/uploads\/2020\/10\/20-06_C-Kante_1_K-110x73.jpg 110w, https:\/\/www.pr-neu.de\/newsroom\/wordpress\/wp-content\/uploads\/2020\/10\/20-06_C-Kante_1_K-420x280.jpg 420w, https:\/\/www.pr-neu.de\/newsroom\/wordpress\/wp-content\/uploads\/2020\/10\/20-06_C-Kante_1_K-645x430.jpg 645w\" sizes=\"auto, (max-width: 300px) 100vw, 300px\" \/><\/a><\/p>\n<p style=\"text-align: center;\">Mit verbl\u00fcffender C-Kante: sedak bietet unterschiedliche L\u00f6sungen f\u00fcr transparente Glaskanten.<br \/>\nFoto: sedak<\/p>\n<p>&nbsp;<\/p>\n<p><a href=\"http:\/\/www.pr-neu.de\/newsroom\/wordpress\/wp-content\/uploads\/2020\/10\/20-06_clear-edge_1_K.jpg\" target=\"_blank\" rel=\"noopener noreferrer\"><img loading=\"lazy\" decoding=\"async\" class=\"aligncenter wp-image-13743 size-medium\" src=\"http:\/\/www.pr-neu.de\/newsroom\/wordpress\/wp-content\/uploads\/2020\/10\/20-06_clear-edge_1_K-300x200.jpg\" alt=\"\" width=\"300\" height=\"200\" srcset=\"https:\/\/www.pr-neu.de\/newsroom\/wordpress\/wp-content\/uploads\/2020\/10\/20-06_clear-edge_1_K-300x200.jpg 300w, https:\/\/www.pr-neu.de\/newsroom\/wordpress\/wp-content\/uploads\/2020\/10\/20-06_clear-edge_1_K-1024x683.jpg 1024w, https:\/\/www.pr-neu.de\/newsroom\/wordpress\/wp-content\/uploads\/2020\/10\/20-06_clear-edge_1_K-768x512.jpg 768w, https:\/\/www.pr-neu.de\/newsroom\/wordpress\/wp-content\/uploads\/2020\/10\/20-06_clear-edge_1_K-1536x1025.jpg 1536w, https:\/\/www.pr-neu.de\/newsroom\/wordpress\/wp-content\/uploads\/2020\/10\/20-06_clear-edge_1_K-2048x1366.jpg 2048w, https:\/\/www.pr-neu.de\/newsroom\/wordpress\/wp-content\/uploads\/2020\/10\/20-06_clear-edge_1_K-110x73.jpg 110w, https:\/\/www.pr-neu.de\/newsroom\/wordpress\/wp-content\/uploads\/2020\/10\/20-06_clear-edge_1_K-420x280.jpg 420w, https:\/\/www.pr-neu.de\/newsroom\/wordpress\/wp-content\/uploads\/2020\/10\/20-06_clear-edge_1_K-645x430.jpg 645w\" sizes=\"auto, (max-width: 300px) 100vw, 300px\" \/><\/a><\/p>\n<p>&nbsp;<\/p>\n<p><a href=\"http:\/\/www.pr-neu.de\/newsroom\/wordpress\/wp-content\/uploads\/2020\/10\/20-06_clear-edge_2_K.jpg\" target=\"_blank\" rel=\"noopener noreferrer\"><img loading=\"lazy\" decoding=\"async\" class=\"aligncenter wp-image-13744 size-medium\" src=\"http:\/\/www.pr-neu.de\/newsroom\/wordpress\/wp-content\/uploads\/2020\/10\/20-06_clear-edge_2_K-300x180.jpg\" alt=\"\" width=\"300\" height=\"180\" srcset=\"https:\/\/www.pr-neu.de\/newsroom\/wordpress\/wp-content\/uploads\/2020\/10\/20-06_clear-edge_2_K-300x180.jpg 300w, https:\/\/www.pr-neu.de\/newsroom\/wordpress\/wp-content\/uploads\/2020\/10\/20-06_clear-edge_2_K-1024x615.jpg 1024w, https:\/\/www.pr-neu.de\/newsroom\/wordpress\/wp-content\/uploads\/2020\/10\/20-06_clear-edge_2_K-768x461.jpg 768w, https:\/\/www.pr-neu.de\/newsroom\/wordpress\/wp-content\/uploads\/2020\/10\/20-06_clear-edge_2_K-1536x922.jpg 1536w, https:\/\/www.pr-neu.de\/newsroom\/wordpress\/wp-content\/uploads\/2020\/10\/20-06_clear-edge_2_K-110x66.jpg 110w, https:\/\/www.pr-neu.de\/newsroom\/wordpress\/wp-content\/uploads\/2020\/10\/20-06_clear-edge_2_K-420x252.jpg 420w, https:\/\/www.pr-neu.de\/newsroom\/wordpress\/wp-content\/uploads\/2020\/10\/20-06_clear-edge_2_K-716x430.jpg 716w, https:\/\/www.pr-neu.de\/newsroom\/wordpress\/wp-content\/uploads\/2020\/10\/20-06_clear-edge_2_K.jpg 1920w\" sizes=\"auto, (max-width: 300px) 100vw, 300px\" \/><\/a><\/p>\n<p style=\"text-align: center;\">Filigran, funktional, freie Sicht: Kantenschutz aus Glas sch\u00fctzt die offene Glaskante und schafft vollst\u00e4ndige Transparenz des Gel\u00e4nders.<br \/>\nFoto: sedak<\/p>\n<p>&nbsp;<\/p>\n<hr \/>\n<p>&nbsp;<\/p>\n<p><strong>R\u00fcckfragen beantwortet gern<\/strong><\/p>\n<table width=\"567\">\n<tbody>\n<tr>\n<td valign=\"top\" width=\"260\" height=\"25\"><strong>sedak GmbH &amp; Co. KG<br \/>\n<\/strong>Tatjana Vinkovic<br \/>\nTel.: +49(0)821\/2494-823<br \/>\nFax: +49(0)821\/2494-777<br \/>\nE-Mail: <a href=\"&#109;&#x61;&#105;&#x6c;&#116;&#x6f;&#58;&#x74;&#97;&#x74;&#106;&#x61;&#110;&#x61;&#46;&#x76;&#105;&#x6e;&#107;&#x6f;&#118;&#x69;&#99;&#x40;&#115;&#x65;d&#x61;k&#x2e;c&#x6f;m\">ta&#116;&#106;&#97;&#x6e;&#x61;&#x2e;&#x76;&#x69;nk&#111;&#118;&#105;&#x63;&#x40;&#x73;&#x65;&#x64;ak&#46;&#99;&#111;&#x6d;<\/a><\/td>\n<td colspan=\"3\" valign=\"top\" width=\"260\" height=\"21\"><\/td>\n<\/tr>\n<\/tbody>\n<\/table>\n<p>Abdruck honorarfrei, Belegexemplar erbeten<\/p>\n<p>&nbsp;<\/p>\n<hr \/>\n<p>&nbsp;<\/p>\n<p><strong>sedak &#8211; leading glass<\/strong><\/p>\n<p>Mit Pioniergeist hat sich der Glasveredler sedak (Gersthofen) seit der Gr\u00fcndung 2007 zum Premiumhersteller f\u00fcr gro\u00dfformatige Isolier- und Sicherheitsgl\u00e4ser entwickelt und Glas als Baustoff f\u00fcr Ganzglasfassaden und -d\u00e4cher weitergedacht. Dank innovativer Produkte in h\u00f6chster Qualit\u00e4t werden ikonische Fassaden und Bauwerke mit einer bislang unerreichten Transparenz realisiert.<\/p>\n<p>Monogl\u00e4ser, Mehrfachgl\u00e4ser und Funktions-Isoliergl\u00e4ser in Formaten bis 3,6 x 20 Meter fertigt sedak hochautomatisiert und effizient. Auf einer Fertigungsfl\u00e4che von 35.000 Quadratmetern und mit einem einzigartigen Maschinenpark wird das Rohglas bearbeitet, vorgespannt, laminiert, bedruckt und laminationsgebogen und zu Isolierglas gebaut. Mit der Integration des Glasspezialisten f\u00fcr gebogenes Glas, Sunglass Industry srl (Italien), geh\u00f6rt nun auch das thermische Glasbiegen zu den Kernkompetenzen. Au\u00dfergew\u00f6hnliche L\u00f6sungen liefert der Spezialist zudem f\u00fcr Luxus-Jachten mit Gl\u00e4sern, optimiert f\u00fcr den Einsatz auf hoher See.<\/p>\n<p>Insbesondere bei Sonderkonstruktionen beweist der Glasveredler l\u00f6sungsorientierte Kompetenz. Mit Forschungs- und Entwicklungsgeist, neuen Technologien sowie der Expertise von 190 Mitarbeitern treibt sedak Innovationen der Glasveredelung stetig voran und versteht sich als Partner von Architekten, Bauherren, Fassaden- und Metallbauern. Als Spezialist f\u00fcr \u00fcbergro\u00dfe und extrem schwere Gl\u00e4ser entwickelt das Unternehmen zukunftsorientierte L\u00f6sungen, um Kundenvisionen flexibel zu verwirklichen. Vom Auftrag bis zur Lieferung agiert der Glasveredler dabei als Full-Service-Supplier. So leistet sedak schon heute einen Beitrag f\u00fcr die vision\u00e4re Architektur von morgen.<\/p>\n<p>Herausragende Referenzen belegen die eindrucksvolle Kompetenz. Dazu geh\u00f6ren u.a.: Lakhta Center, St. Petersburg \/ Haus der Europ\u00e4ischen Geschichte, Br\u00fcssel \/ medizinische Fakult\u00e4t, Montpellier \/ Torre Europa, Madrid \/ Iconsiam, Bangkok \/ Apple Park, Cupertino \/ Apple-Cube, New York \/ Experimenta, Heilbronn \/ zahlreiche Premium-Flagship-Stores.<\/p>\n<p>&nbsp;<\/p>\n<p><strong>Anwendungsgebiete <\/strong><\/p>\n<table>\n<tbody>\n<tr>\n<td width=\"251\">\u00b7\u00a0\u00a0\u00a0\u00a0\u00a0\u00a0\u00a0\u00a0 Glasfassaden<br \/>\n\u00b7\u00a0\u00a0\u00a0\u00a0\u00a0\u00a0\u00a0\u00a0 Glasd\u00e4cher<br \/>\n\u00b7\u00a0\u00a0\u00a0\u00a0\u00a0\u00a0\u00a0\u00a0 Glastreppen<br \/>\n\u00b7\u00a0\u00a0\u00a0\u00a0\u00a0\u00a0\u00a0\u00a0 Glasbr\u00fcstungen<br \/>\n\u00b7\u00a0\u00a0\u00a0\u00a0\u00a0\u00a0\u00a0\u00a0 Jachtverglasungen<\/td>\n<td width=\"251\">\u00b7\u00a0\u00a0\u00a0\u00a0\u00a0\u00a0\u00a0\u00a0 Poolverglasungen<br \/>\n\u00b7\u00a0\u00a0\u00a0\u00a0\u00a0\u00a0\u00a0\u00a0 Sicherheitsverglasungen<br \/>\n\u00b7\u00a0\u00a0\u00a0\u00a0\u00a0\u00a0\u00a0\u00a0 Ganzglaskonstruktionen<br \/>\n\u00b7\u00a0\u00a0\u00a0\u00a0\u00a0\u00a0\u00a0\u00a0 Innenarchitektur<br \/>\n\u00b7\u00a0\u00a0\u00a0\u00a0\u00a0\u00a0\u00a0\u00a0 Sonderanfertigung<\/td>\n<\/tr>\n<\/tbody>\n<\/table>\n<p>&nbsp;<\/p>\n<p>&nbsp;<\/p>\n","protected":false},"excerpt":{"rendered":"<p>Freie Sicht: Br\u00fcstungen und Gel\u00e4nder mit gl\u00e4sernen Kanten Mit gl\u00e4sernen Kantenabschl\u00fcssen f\u00fcr Ganzglas-Br\u00fcs\u00adtungen und -Gel\u00e4nder vereint sedak \u00c4sthetik mit Funktion. Kein noch so schmales Metall-Bauteil st\u00f6rt die Sicht. Die Br\u00fcstungen gibt es zudem gebogen und sogar schusssicher. Damit von Balkonen und Dachterrassen der offene Blick ungest\u00f6rt in die Ferne schweifen kann, darf die Sicht nicht [&hellip;]<\/p>\n","protected":false},"author":6,"featured_media":13745,"comment_status":"closed","ping_status":"open","sticky":false,"template":"","format":"standard","meta":{"footnotes":""},"categories":[12],"tags":[],"class_list":["post-13736","post","type-post","status-publish","format-standard","has-post-thumbnail","hentry","category-sedak"],"_links":{"self":[{"href":"https:\/\/www.pr-neu.de\/newsroom\/wp-json\/wp\/v2\/posts\/13736","targetHints":{"allow":["GET"]}}],"collection":[{"href":"https:\/\/www.pr-neu.de\/newsroom\/wp-json\/wp\/v2\/posts"}],"about":[{"href":"https:\/\/www.pr-neu.de\/newsroom\/wp-json\/wp\/v2\/types\/post"}],"author":[{"embeddable":true,"href":"https:\/\/www.pr-neu.de\/newsroom\/wp-json\/wp\/v2\/users\/6"}],"replies":[{"embeddable":true,"href":"https:\/\/www.pr-neu.de\/newsroom\/wp-json\/wp\/v2\/comments?post=13736"}],"version-history":[{"count":3,"href":"https:\/\/www.pr-neu.de\/newsroom\/wp-json\/wp\/v2\/posts\/13736\/revisions"}],"predecessor-version":[{"id":13797,"href":"https:\/\/www.pr-neu.de\/newsroom\/wp-json\/wp\/v2\/posts\/13736\/revisions\/13797"}],"wp:featuredmedia":[{"embeddable":true,"href":"https:\/\/www.pr-neu.de\/newsroom\/wp-json\/wp\/v2\/media\/13745"}],"wp:attachment":[{"href":"https:\/\/www.pr-neu.de\/newsroom\/wp-json\/wp\/v2\/media?parent=13736"}],"wp:term":[{"taxonomy":"category","embeddable":true,"href":"https:\/\/www.pr-neu.de\/newsroom\/wp-json\/wp\/v2\/categories?post=13736"},{"taxonomy":"post_tag","embeddable":true,"href":"https:\/\/www.pr-neu.de\/newsroom\/wp-json\/wp\/v2\/tags?post=13736"}],"curies":[{"name":"wp","href":"https:\/\/api.w.org\/{rel}","templated":true}]}}