{"id":13723,"date":"2020-10-27T08:00:36","date_gmt":"2020-10-27T07:00:36","guid":{"rendered":"http:\/\/www.pr-neu.de\/newsroom\/?p=13723"},"modified":"2020-10-26T12:51:41","modified_gmt":"2020-10-26T11:51:41","slug":"datenschutz-real-mit-tueren","status":"publish","type":"post","link":"https:\/\/www.pr-neu.de\/newsroom\/datenschutz-real-mit-tueren\/","title":{"rendered":"Datenschutz real \u2013 mit T\u00fcren"},"content":{"rendered":"<p><u>Teckentrup: Full-Service f\u00fcr Rechenzentren<\/u><\/p>\n<p>&nbsp;<\/p>\n<p><strong>Datenschutz ist nicht nur eine virtuelle Aufgabe: Damit die Hardware (hier in erster Linie die Server) gesch\u00fctzt vor realen Angriffen arbeiten k\u00f6nnen, m\u00fcssen Rechenzentren hohe Anforderungen an den Rauch- und Feuerschutz erf\u00fcllen. Damit au\u00dferdem nur Befugte Zugang zu den R\u00e4umen haben, sind Zugangsrechte sorgf\u00e4ltig und unter Umst\u00e4nden abgestuft auszustellen. Damit r\u00fcckt vor allem ein Bauteil in den Fokus: Die T\u00fcr. In Serverfarmen vereint sie Einbruch- und Zugangsschutz mit Druck- und Brandschutz \u2013 und dient dennoch als Panik-Ausgang.<\/strong><\/p>\n<p>&nbsp;<\/p>\n<p>Rechenzentren sind l\u00e4ngst Dreh- und Angelpunkt f\u00fcr unsere digitale Infrastruktur. Ihr Bau \u2013 ein Wachstumsmarkt \u2013 ist anspruchsvoll, das gilt auch und gerade f\u00fcr die T\u00fcren. Teckentrup (Verl) hat aufgrund der komplexen Aufgabe ein abgestimmtes Service- und Beratungsangebot f\u00fcr Objekte dieser Gr\u00f6\u00dfenordnung entwickelt, bei denen oft mehr als 400 T\u00fcren mit diversen Anforderungen ben\u00f6tigt werden.<\/p>\n<p>&nbsp;<\/p>\n<p>Schon die Planung ist anspruchsvoll mit Freigabezeichnungen, Kontakt mit der Baubeh\u00f6rde und der Detailplanung. \u201eWir arbeiten partnerschaftlich mit den Ingenieurb\u00fcros, Architekten und Objekteuren zusammen. Es geht um schnelle \u2013 und vollst\u00e4ndige \u2013 Angebotslegung, um kurze Lieferzeiten und Termintreue\u201c, erl\u00e4utert Pascal Seliger, der bei Teckentrup als Vertriebsleiter International auch internationale Gro\u00dfprojekte verantwortet. \u201eIm Einzelfall entwickeln wir Sonderl\u00f6sungen und helfen bei der Zulassung.\u201c<\/p>\n<p>&nbsp;<\/p>\n<p><strong>Gefordert: Mehr als Brandschutz<\/strong><\/p>\n<p>&nbsp;<\/p>\n<p>Der Aufbau eines Rechenzentrums zeigt schnell, dass hier erh\u00f6hte bauliche Anforderungen gelten: Das Gefahrenpotenzial umfasst Feuer, Wassereinbruch, Ausfall der K\u00fchlung, unbefugter Zutritt und Kontamination durch Staub. W\u00e4nde, B\u00f6den und Decken m\u00fcssen nach den jeweiligen Feuerwiderstandsklassen F30, F60 oder F90, das hei\u00dft \u201efeuerhemmend\u201c, \u201ehochfeuerhemmend\u201c oder feuerbest\u00e4ndig\u201c ausgebildet werden. Dabei geht es weniger um Schutz vor Br\u00e4nden im Rechenzentrum selbst. Dort werden Brandherde in der Regel durch Fr\u00fcherkennungs-Anlagen (EFS, \u201eearlyfiredetection\u201c) schnell erstickt. Problematischer ist Feuer in angrenzenden R\u00e4umen. Hier kommen die T\u00fcren ins Spiel. Sie sind feuerhemmend oder feuerbest\u00e4ndig zu planen, so dass sie 30, 60 oder 90 Minuten Feuer widerstehen. Dabei m\u00fcssen sie besonders dicht sein. Das gilt international. \u201cUnsere T\u00fcren weisen europ\u00e4ische Zertifikate vor, f\u00fcr viele L\u00e4nder sind nationale Zulassungen verf\u00fcgbar\u201c, erg\u00e4nzt Seliger.<\/p>\n<p>&nbsp;<\/p>\n<p>Auch Schutz gegen Rauchgas, Spritzwasser und Drucklasten ist in einigen Geb\u00e4udeteilen unabdingbar. Untersch\u00e4tzt wird bspw. die Gef\u00e4hrdung durch Rauch, der korrosiv wirken kann und dann Materialien von IT-Systemen angreift. Selbst weiter entfernte Br\u00e4nde sind also eine Gefahr \u2013 Gase legen schnell weite Strecken zur\u00fcck oder werden sogar durch die Klimaanlage angesaugt. Seliger: \u201eF\u00fcr Rauchschutzabschl\u00fcsse in Rechenzentren empfehlen wir Rauchgasdichtigkeit nach EN 1634-3\u201c.<\/p>\n<p>&nbsp;<\/p>\n<p>Hinzu kommen der Einbruchschutz, der mindestens Widerstandsklasse RC 2, besser RC 3 aufweisen sollte, und auch die Zugangstechnik braucht ein Konzept: Da innerhalb eines Rechenzentrums h\u00e4ufig mehrere Parteien zusammenkommen, muss eine geregelte, abgestufte Zutrittkontrolle f\u00fcr definierte Zonen im Geb\u00e4ude geschaffen werden. Unter Umst\u00e4nden haben diese wiederum verschiedene Anforderungen an die Sicherheit und daraus resultierend auch unterschiedliche Anforderungen an die Zugangstechnik \u2013 bspw. elektrische Schl\u00f6sser, Magnetkontakte, Riegelkontakte, Panikfunktionen und deren Kompatibilit\u00e4t zu Kartenleseger\u00e4ten, Fingerabdrucksensoren etc.<\/p>\n<p>&nbsp;<\/p>\n<p>Eine gro\u00dfe technische Herausforderung stellt die Bauweise der Serverr\u00e4ume (Cages) dar. Aufgrund der dort \u00fcblichen Doppelb\u00f6den gelten beim Brandschutz die Anforderungen f\u00fcr \u201eerh\u00f6hte Einbaulagen\u201c in Verbindung mit Leichtbauw\u00e4nden. Teckentrup bietet eine Feuerwiderstandsklasse bis 90 Minuten in erh\u00f6hten Einbaulagen ohne projektspezifische Zulassung (Zulassung im Einzelfall) an.<\/p>\n<p>&nbsp;<\/p>\n<p>Immer h\u00e4ufiger werden auch \u00dcberformate f\u00fcr T\u00fcren angefragt, da die Serverschr\u00e4nke in den \u201eData Halls\u201c immer gr\u00f6\u00dfer werden. Daf\u00fcr bietet Teckentrup Druck- und Sicherheitst\u00fcren bis zu einer Gr\u00f6\u00dfe von 3000 x 3000 mm.<\/p>\n<p>&nbsp;<\/p>\n<hr \/>\n<p>&nbsp;<\/p>\n<p><a href=\"http:\/\/www.pr-neu.de\/newsroom\/wordpress\/wp-content\/uploads\/2020\/10\/20-07-Rechenzentrum_1_kurz_K.jpg\" target=\"_blank\" rel=\"noopener noreferrer\"><img loading=\"lazy\" decoding=\"async\" class=\"aligncenter wp-image-13725 size-medium\" src=\"http:\/\/www.pr-neu.de\/newsroom\/wordpress\/wp-content\/uploads\/2020\/10\/20-07-Rechenzentrum_1_kurz_K-223x300.jpg\" alt=\"\" width=\"223\" height=\"300\" srcset=\"https:\/\/www.pr-neu.de\/newsroom\/wordpress\/wp-content\/uploads\/2020\/10\/20-07-Rechenzentrum_1_kurz_K-223x300.jpg 223w, https:\/\/www.pr-neu.de\/newsroom\/wordpress\/wp-content\/uploads\/2020\/10\/20-07-Rechenzentrum_1_kurz_K-760x1024.jpg 760w, https:\/\/www.pr-neu.de\/newsroom\/wordpress\/wp-content\/uploads\/2020\/10\/20-07-Rechenzentrum_1_kurz_K-768x1035.jpg 768w, https:\/\/www.pr-neu.de\/newsroom\/wordpress\/wp-content\/uploads\/2020\/10\/20-07-Rechenzentrum_1_kurz_K-1140x1536.jpg 1140w, https:\/\/www.pr-neu.de\/newsroom\/wordpress\/wp-content\/uploads\/2020\/10\/20-07-Rechenzentrum_1_kurz_K-1520x2048.jpg 1520w, https:\/\/www.pr-neu.de\/newsroom\/wordpress\/wp-content\/uploads\/2020\/10\/20-07-Rechenzentrum_1_kurz_K-82x110.jpg 82w, https:\/\/www.pr-neu.de\/newsroom\/wordpress\/wp-content\/uploads\/2020\/10\/20-07-Rechenzentrum_1_kurz_K-312x420.jpg 312w, https:\/\/www.pr-neu.de\/newsroom\/wordpress\/wp-content\/uploads\/2020\/10\/20-07-Rechenzentrum_1_kurz_K-319x430.jpg 319w, https:\/\/www.pr-neu.de\/newsroom\/wordpress\/wp-content\/uploads\/2020\/10\/20-07-Rechenzentrum_1_kurz_K.jpg 1781w\" sizes=\"auto, (max-width: 223px) 100vw, 223px\" \/><\/a><\/p>\n<p style=\"text-align: center;\">Mit Gr\u00f6\u00dfe: T\u00fcren in Rechenzentren m\u00fcssen zwar vor allem viele Schutzfunktionen erf\u00fcllen. Da nicht nur die Rechnerleistungen, sondern auch die Gr\u00f6\u00dfe der Anlagen w\u00e4chst, ist h\u00e4ufig auch ein \u00dcber-Format gew\u00fcnscht.<\/p>\n<p style=\"text-align: center;\">Bild: Teckentrup<\/p>\n<p>&nbsp;<\/p>\n<p><a href=\"http:\/\/www.pr-neu.de\/newsroom\/wordpress\/wp-content\/uploads\/2020\/10\/20-07-Rechenzentrum_2_kurz_K.jpg\" target=\"_blank\" rel=\"noopener noreferrer\"><img loading=\"lazy\" decoding=\"async\" class=\"aligncenter wp-image-13726 size-medium\" src=\"http:\/\/www.pr-neu.de\/newsroom\/wordpress\/wp-content\/uploads\/2020\/10\/20-07-Rechenzentrum_2_kurz_K-300x254.jpg\" alt=\"\" width=\"300\" height=\"254\" srcset=\"https:\/\/www.pr-neu.de\/newsroom\/wordpress\/wp-content\/uploads\/2020\/10\/20-07-Rechenzentrum_2_kurz_K-300x254.jpg 300w, https:\/\/www.pr-neu.de\/newsroom\/wordpress\/wp-content\/uploads\/2020\/10\/20-07-Rechenzentrum_2_kurz_K-1024x866.jpg 1024w, https:\/\/www.pr-neu.de\/newsroom\/wordpress\/wp-content\/uploads\/2020\/10\/20-07-Rechenzentrum_2_kurz_K-768x650.jpg 768w, https:\/\/www.pr-neu.de\/newsroom\/wordpress\/wp-content\/uploads\/2020\/10\/20-07-Rechenzentrum_2_kurz_K-1536x1299.jpg 1536w, https:\/\/www.pr-neu.de\/newsroom\/wordpress\/wp-content\/uploads\/2020\/10\/20-07-Rechenzentrum_2_kurz_K-2048x1732.jpg 2048w, https:\/\/www.pr-neu.de\/newsroom\/wordpress\/wp-content\/uploads\/2020\/10\/20-07-Rechenzentrum_2_kurz_K-110x93.jpg 110w, https:\/\/www.pr-neu.de\/newsroom\/wordpress\/wp-content\/uploads\/2020\/10\/20-07-Rechenzentrum_2_kurz_K-420x355.jpg 420w, https:\/\/www.pr-neu.de\/newsroom\/wordpress\/wp-content\/uploads\/2020\/10\/20-07-Rechenzentrum_2_kurz_K-508x430.jpg 508w\" sizes=\"auto, (max-width: 300px) 100vw, 300px\" \/><\/a><\/p>\n<p style=\"text-align: center;\">Schematischer Aufbau einer \u201eData Hall\u201c. Sicherheit ist hier besonders wichtig, da (gro\u00dfe) Rechenzentren zur kritischen Infrastruktur z\u00e4hlen. Feuer, Wasser und der Ausfall der K\u00fchlung bis hin zum unbefugten Zutritt und der Kontamination durch L\u00f6schsch\u00e4ume oder Staub \u2013 viele Gefahren k\u00f6nnen den Betreiber eines Rechenzentrums in Alarmbereitschaft halten. Dies gilt es, schon bei der Planung zu beachten.<\/p>\n<p style=\"text-align: center;\">Bild: istock<\/p>\n<p>&nbsp;<\/p>\n<p><a href=\"http:\/\/www.pr-neu.de\/newsroom\/wordpress\/wp-content\/uploads\/2020\/10\/20-07-Rechenzentrum_3_kurz_K.jpg\" target=\"_blank\" rel=\"noopener noreferrer\"><img loading=\"lazy\" decoding=\"async\" class=\"aligncenter wp-image-13727 size-medium\" src=\"http:\/\/www.pr-neu.de\/newsroom\/wordpress\/wp-content\/uploads\/2020\/10\/20-07-Rechenzentrum_3_kurz_K-217x300.jpg\" alt=\"\" width=\"217\" height=\"300\" srcset=\"https:\/\/www.pr-neu.de\/newsroom\/wordpress\/wp-content\/uploads\/2020\/10\/20-07-Rechenzentrum_3_kurz_K-217x300.jpg 217w, https:\/\/www.pr-neu.de\/newsroom\/wordpress\/wp-content\/uploads\/2020\/10\/20-07-Rechenzentrum_3_kurz_K-741x1024.jpg 741w, https:\/\/www.pr-neu.de\/newsroom\/wordpress\/wp-content\/uploads\/2020\/10\/20-07-Rechenzentrum_3_kurz_K-768x1061.jpg 768w, https:\/\/www.pr-neu.de\/newsroom\/wordpress\/wp-content\/uploads\/2020\/10\/20-07-Rechenzentrum_3_kurz_K-1112x1536.jpg 1112w, https:\/\/www.pr-neu.de\/newsroom\/wordpress\/wp-content\/uploads\/2020\/10\/20-07-Rechenzentrum_3_kurz_K-1482x2048.jpg 1482w, https:\/\/www.pr-neu.de\/newsroom\/wordpress\/wp-content\/uploads\/2020\/10\/20-07-Rechenzentrum_3_kurz_K-80x110.jpg 80w, https:\/\/www.pr-neu.de\/newsroom\/wordpress\/wp-content\/uploads\/2020\/10\/20-07-Rechenzentrum_3_kurz_K-304x420.jpg 304w, https:\/\/www.pr-neu.de\/newsroom\/wordpress\/wp-content\/uploads\/2020\/10\/20-07-Rechenzentrum_3_kurz_K-311x430.jpg 311w, https:\/\/www.pr-neu.de\/newsroom\/wordpress\/wp-content\/uploads\/2020\/10\/20-07-Rechenzentrum_3_kurz_K.jpg 1737w\" sizes=\"auto, (max-width: 217px) 100vw, 217px\" \/><\/a><\/p>\n<p style=\"text-align: center;\">Wichtig in Rechenzentren ist zuverl\u00e4ssiger Rauchschutz: Da Rauchgase korrosiv wirken k\u00f6nnen, bedrohen sie die Rechner, auch wenn die Brandquelle weit entfernt liegt.<\/p>\n<p style=\"text-align: center;\">Bild: Teckentrup<\/p>\n<p>&nbsp;<\/p>\n<p><a href=\"http:\/\/www.pr-neu.de\/newsroom\/wordpress\/wp-content\/uploads\/2020\/10\/20-07-Rechenzentrum_4_kurz_K.jpg\" target=\"_blank\" rel=\"noopener noreferrer\"><img loading=\"lazy\" decoding=\"async\" class=\"aligncenter wp-image-13728 size-medium\" src=\"http:\/\/www.pr-neu.de\/newsroom\/wordpress\/wp-content\/uploads\/2020\/10\/20-07-Rechenzentrum_4_kurz_K-220x300.jpg\" alt=\"\" width=\"220\" height=\"300\" srcset=\"https:\/\/www.pr-neu.de\/newsroom\/wordpress\/wp-content\/uploads\/2020\/10\/20-07-Rechenzentrum_4_kurz_K-220x300.jpg 220w, https:\/\/www.pr-neu.de\/newsroom\/wordpress\/wp-content\/uploads\/2020\/10\/20-07-Rechenzentrum_4_kurz_K-751x1024.jpg 751w, https:\/\/www.pr-neu.de\/newsroom\/wordpress\/wp-content\/uploads\/2020\/10\/20-07-Rechenzentrum_4_kurz_K-768x1048.jpg 768w, https:\/\/www.pr-neu.de\/newsroom\/wordpress\/wp-content\/uploads\/2020\/10\/20-07-Rechenzentrum_4_kurz_K-1126x1536.jpg 1126w, https:\/\/www.pr-neu.de\/newsroom\/wordpress\/wp-content\/uploads\/2020\/10\/20-07-Rechenzentrum_4_kurz_K-1501x2048.jpg 1501w, https:\/\/www.pr-neu.de\/newsroom\/wordpress\/wp-content\/uploads\/2020\/10\/20-07-Rechenzentrum_4_kurz_K-81x110.jpg 81w, https:\/\/www.pr-neu.de\/newsroom\/wordpress\/wp-content\/uploads\/2020\/10\/20-07-Rechenzentrum_4_kurz_K-308x420.jpg 308w, https:\/\/www.pr-neu.de\/newsroom\/wordpress\/wp-content\/uploads\/2020\/10\/20-07-Rechenzentrum_4_kurz_K-315x430.jpg 315w, https:\/\/www.pr-neu.de\/newsroom\/wordpress\/wp-content\/uploads\/2020\/10\/20-07-Rechenzentrum_4_kurz_K.jpg 1759w\" sizes=\"auto, (max-width: 220px) 100vw, 220px\" \/><\/a><\/p>\n<p style=\"text-align: center;\">Druck- oder Sicherheitst\u00fcr, Feuerwiderstandsklasse bis 90 Minuten in erh\u00f6hten Einbaulagen: In Rechenzentren werden T\u00fcren zu komplexen Bauelementen.<\/p>\n<p style=\"text-align: center;\">Bild: Teckentrup<\/p>\n<p>&nbsp;<\/p>\n<p><a href=\"http:\/\/www.pr-neu.de\/newsroom\/wordpress\/wp-content\/uploads\/2020\/10\/20-07-Rechenzentrum_5a_kurz_K.jpg\" target=\"_blank\" rel=\"noopener noreferrer\"><img loading=\"lazy\" decoding=\"async\" class=\"wp-image-13729 size-medium aligncenter\" src=\"http:\/\/www.pr-neu.de\/newsroom\/wordpress\/wp-content\/uploads\/2020\/10\/20-07-Rechenzentrum_5a_kurz_K-300x237.jpg\" alt=\"\" width=\"300\" height=\"237\" srcset=\"https:\/\/www.pr-neu.de\/newsroom\/wordpress\/wp-content\/uploads\/2020\/10\/20-07-Rechenzentrum_5a_kurz_K-300x237.jpg 300w, https:\/\/www.pr-neu.de\/newsroom\/wordpress\/wp-content\/uploads\/2020\/10\/20-07-Rechenzentrum_5a_kurz_K-1024x809.jpg 1024w, https:\/\/www.pr-neu.de\/newsroom\/wordpress\/wp-content\/uploads\/2020\/10\/20-07-Rechenzentrum_5a_kurz_K-768x607.jpg 768w, https:\/\/www.pr-neu.de\/newsroom\/wordpress\/wp-content\/uploads\/2020\/10\/20-07-Rechenzentrum_5a_kurz_K-1536x1214.jpg 1536w, https:\/\/www.pr-neu.de\/newsroom\/wordpress\/wp-content\/uploads\/2020\/10\/20-07-Rechenzentrum_5a_kurz_K-2048x1619.jpg 2048w, https:\/\/www.pr-neu.de\/newsroom\/wordpress\/wp-content\/uploads\/2020\/10\/20-07-Rechenzentrum_5a_kurz_K-110x87.jpg 110w, https:\/\/www.pr-neu.de\/newsroom\/wordpress\/wp-content\/uploads\/2020\/10\/20-07-Rechenzentrum_5a_kurz_K-420x332.jpg 420w, https:\/\/www.pr-neu.de\/newsroom\/wordpress\/wp-content\/uploads\/2020\/10\/20-07-Rechenzentrum_5a_kurz_K-544x430.jpg 544w\" sizes=\"auto, (max-width: 300px) 100vw, 300px\" \/><\/a><\/p>\n<p>&nbsp;<\/p>\n<p><a href=\"http:\/\/www.pr-neu.de\/newsroom\/wordpress\/wp-content\/uploads\/2020\/10\/20-07-Rechenzentrum_5b_kurz_K.jpg\" target=\"_blank\" rel=\"noopener noreferrer\"><img loading=\"lazy\" decoding=\"async\" class=\"wp-image-13730 size-medium aligncenter\" src=\"http:\/\/www.pr-neu.de\/newsroom\/wordpress\/wp-content\/uploads\/2020\/10\/20-07-Rechenzentrum_5b_kurz_K-300x235.jpg\" alt=\"\" width=\"300\" height=\"235\" srcset=\"https:\/\/www.pr-neu.de\/newsroom\/wordpress\/wp-content\/uploads\/2020\/10\/20-07-Rechenzentrum_5b_kurz_K-300x235.jpg 300w, https:\/\/www.pr-neu.de\/newsroom\/wordpress\/wp-content\/uploads\/2020\/10\/20-07-Rechenzentrum_5b_kurz_K-1024x803.jpg 1024w, https:\/\/www.pr-neu.de\/newsroom\/wordpress\/wp-content\/uploads\/2020\/10\/20-07-Rechenzentrum_5b_kurz_K-768x602.jpg 768w, https:\/\/www.pr-neu.de\/newsroom\/wordpress\/wp-content\/uploads\/2020\/10\/20-07-Rechenzentrum_5b_kurz_K-1536x1204.jpg 1536w, https:\/\/www.pr-neu.de\/newsroom\/wordpress\/wp-content\/uploads\/2020\/10\/20-07-Rechenzentrum_5b_kurz_K-2048x1605.jpg 2048w, https:\/\/www.pr-neu.de\/newsroom\/wordpress\/wp-content\/uploads\/2020\/10\/20-07-Rechenzentrum_5b_kurz_K-110x86.jpg 110w, https:\/\/www.pr-neu.de\/newsroom\/wordpress\/wp-content\/uploads\/2020\/10\/20-07-Rechenzentrum_5b_kurz_K-420x329.jpg 420w, https:\/\/www.pr-neu.de\/newsroom\/wordpress\/wp-content\/uploads\/2020\/10\/20-07-Rechenzentrum_5b_kurz_K-549x430.jpg 549w\" sizes=\"auto, (max-width: 300px) 100vw, 300px\" \/><\/a><\/p>\n<p style=\"text-align: center;\">Eine gro\u00dfe technische Herausforderung: Die Bauweise der einzelnen Serverr\u00e4ume (Cages). Hier muss Brandschutz in erh\u00f6hten Einbaulagen (sogenannten Doppelb\u00f6den) in Verbindung mit Leichtbaust\u00e4nderw\u00e4nden erm\u00f6glicht werden.<\/p>\n<p style=\"text-align: center;\">Bilder: \u00a0www.lindner-group.com<\/p>\n<p>&nbsp;<\/p>\n<p><a href=\"http:\/\/www.pr-neu.de\/newsroom\/wordpress\/wp-content\/uploads\/2020\/10\/20-07-Pascal-Seliger_K.jpg\" target=\"_blank\" rel=\"noopener noreferrer\"><img loading=\"lazy\" decoding=\"async\" class=\"aligncenter wp-image-13724 size-medium\" src=\"http:\/\/www.pr-neu.de\/newsroom\/wordpress\/wp-content\/uploads\/2020\/10\/20-07-Pascal-Seliger_K-300x200.jpg\" alt=\"\" width=\"300\" height=\"200\" srcset=\"https:\/\/www.pr-neu.de\/newsroom\/wordpress\/wp-content\/uploads\/2020\/10\/20-07-Pascal-Seliger_K-300x200.jpg 300w, https:\/\/www.pr-neu.de\/newsroom\/wordpress\/wp-content\/uploads\/2020\/10\/20-07-Pascal-Seliger_K-1024x683.jpg 1024w, https:\/\/www.pr-neu.de\/newsroom\/wordpress\/wp-content\/uploads\/2020\/10\/20-07-Pascal-Seliger_K-768x512.jpg 768w, https:\/\/www.pr-neu.de\/newsroom\/wordpress\/wp-content\/uploads\/2020\/10\/20-07-Pascal-Seliger_K-1536x1024.jpg 1536w, https:\/\/www.pr-neu.de\/newsroom\/wordpress\/wp-content\/uploads\/2020\/10\/20-07-Pascal-Seliger_K-2048x1365.jpg 2048w, https:\/\/www.pr-neu.de\/newsroom\/wordpress\/wp-content\/uploads\/2020\/10\/20-07-Pascal-Seliger_K-110x73.jpg 110w, https:\/\/www.pr-neu.de\/newsroom\/wordpress\/wp-content\/uploads\/2020\/10\/20-07-Pascal-Seliger_K-420x280.jpg 420w, https:\/\/www.pr-neu.de\/newsroom\/wordpress\/wp-content\/uploads\/2020\/10\/20-07-Pascal-Seliger_K-645x430.jpg 645w\" sizes=\"auto, (max-width: 300px) 100vw, 300px\" \/><\/a><\/p>\n<p style=\"text-align: center;\">Pascal Seliger, T\u00fcren-Experte f\u00fcr internationale Gro\u00dfprojekte bei Teckentrup.<\/p>\n<p style=\"text-align: center;\">Bild: Teckentrup<\/p>\n<p>&nbsp;<\/p>\n<hr \/>\n<p>&nbsp;<\/p>\n<p>Abdruck honorarfrei, Belegexemplar erbeten<\/p>\n<p>&nbsp;<\/p>\n<hr \/>\n<p>&nbsp;<\/p>\n<p><strong>Teckentrup: Door Solutions<\/strong><\/p>\n<p>Teckentrup z\u00e4hlt mit den Produktionswerken in Verl-S\u00fcrenheide (Hauptsitz, NRW) und Gro\u00dfz\u00f6beritz (Sachsen-Anhalt) sowie seinen 900 Mitarbeitern zu den gr\u00f6\u00dften Herstellern von T\u00fcren und Toren in Europa.<\/p>\n<p>Das in dritter Generation inhabergef\u00fchrte mittelst\u00e4ndische Familienunternehmen hat sich insbesondere den Werten Qualit\u00e4t, Design und Service verpflichtet. St\u00e4ndige Verbesserungen der Produkte und die Entwicklung neuer Technologien sind f\u00fcr Teckentrup selbstverst\u00e4ndlich. F\u00fcr die kontinuierliche Weiterentwicklung wurde im gesamten Unternehmen eine kundenzentrierte Ausrichtung (Customer Centricity) implementiert. So sorgt das Unternehmen daf\u00fcr, dass gemeinsam mit den Partnern stets die beste L\u00f6sung gefunden wird \u2013 hinsichtlich Design, Sicherheit und Service. Das Angebot umfasst Produktl\u00f6sungen aus den Bereichen HOME (Garagentore), PROFESSIONAL (Funktionst\u00fcren), INDUSTRIAL (Industrietore). Heute verbindet das 1932 gegr\u00fcndete Unternehmen Tradition mit Fortschritt und das stets \u201emade in Germany\u201c. Zahlreiche internationale Zertifizierungen sind die Basis f\u00fcr einen weltweit erfolgreichen Vertrieb der Produkte. Gesellschaftliche Verantwortung \u00fcbernimmt Teckentrup unter anderem durch die Erf\u00fcllung der \u201eCharta der Vielfalt\u201c.<\/p>\n","protected":false},"excerpt":{"rendered":"<p>Teckentrup: Full-Service f\u00fcr Rechenzentren &nbsp; Datenschutz ist nicht nur eine virtuelle Aufgabe: Damit die Hardware (hier in erster Linie die Server) gesch\u00fctzt vor realen Angriffen arbeiten k\u00f6nnen, m\u00fcssen Rechenzentren hohe Anforderungen an den Rauch- und Feuerschutz erf\u00fcllen. Damit au\u00dferdem nur Befugte Zugang zu den R\u00e4umen haben, sind Zugangsrechte sorgf\u00e4ltig und unter Umst\u00e4nden abgestuft auszustellen. Damit [&hellip;]<\/p>\n","protected":false},"author":6,"featured_media":13732,"comment_status":"closed","ping_status":"open","sticky":false,"template":"","format":"standard","meta":{"footnotes":""},"categories":[18],"tags":[],"class_list":["post-13723","post","type-post","status-publish","format-standard","has-post-thumbnail","hentry","category-teckentrup"],"_links":{"self":[{"href":"https:\/\/www.pr-neu.de\/newsroom\/wp-json\/wp\/v2\/posts\/13723","targetHints":{"allow":["GET"]}}],"collection":[{"href":"https:\/\/www.pr-neu.de\/newsroom\/wp-json\/wp\/v2\/posts"}],"about":[{"href":"https:\/\/www.pr-neu.de\/newsroom\/wp-json\/wp\/v2\/types\/post"}],"author":[{"embeddable":true,"href":"https:\/\/www.pr-neu.de\/newsroom\/wp-json\/wp\/v2\/users\/6"}],"replies":[{"embeddable":true,"href":"https:\/\/www.pr-neu.de\/newsroom\/wp-json\/wp\/v2\/comments?post=13723"}],"version-history":[{"count":4,"href":"https:\/\/www.pr-neu.de\/newsroom\/wp-json\/wp\/v2\/posts\/13723\/revisions"}],"predecessor-version":[{"id":13735,"href":"https:\/\/www.pr-neu.de\/newsroom\/wp-json\/wp\/v2\/posts\/13723\/revisions\/13735"}],"wp:featuredmedia":[{"embeddable":true,"href":"https:\/\/www.pr-neu.de\/newsroom\/wp-json\/wp\/v2\/media\/13732"}],"wp:attachment":[{"href":"https:\/\/www.pr-neu.de\/newsroom\/wp-json\/wp\/v2\/media?parent=13723"}],"wp:term":[{"taxonomy":"category","embeddable":true,"href":"https:\/\/www.pr-neu.de\/newsroom\/wp-json\/wp\/v2\/categories?post=13723"},{"taxonomy":"post_tag","embeddable":true,"href":"https:\/\/www.pr-neu.de\/newsroom\/wp-json\/wp\/v2\/tags?post=13723"}],"curies":[{"name":"wp","href":"https:\/\/api.w.org\/{rel}","templated":true}]}}