{"id":13707,"date":"2020-10-13T16:10:08","date_gmt":"2020-10-13T14:10:08","guid":{"rendered":"http:\/\/www.pr-neu.de\/newsroom\/?p=13707"},"modified":"2020-10-13T16:10:08","modified_gmt":"2020-10-13T14:10:08","slug":"siekgraben-in-stoeckheim-ab-14-10-teilsperrung-wegen-kanalbauarbeiten","status":"publish","type":"post","link":"https:\/\/www.pr-neu.de\/newsroom\/siekgraben-in-stoeckheim-ab-14-10-teilsperrung-wegen-kanalbauarbeiten\/","title":{"rendered":"Siekgraben in St\u00f6ckheim: ab 14.10. Teilsperrung wegen Kanalbauarbeiten"},"content":{"rendered":"<p><strong><u>Braunschweig, 13. 10. 2020<\/u><\/strong> Aufgrund von Kanalbauarbeiten ist ein Teilst\u00fcck des Siekgrabens in St\u00f6ckheim ab Mittwoch, den 14.10., f\u00fcr den Durchgangsverkehr gesperrt. Die Sperrung betrifft den Abschnitt zwischen Am Qu\u00e4lenberg und Milanstra\u00dfe auf H\u00f6he der Hausnummern 7 bis 9. Eine Umleitung wird \u00f6rtlich ausgeschildert. Die Arbeiten dauern voraussichtlich bis zum 23.10.<\/p>\n<p>&nbsp;<\/p>\n<p>F\u00fcr die Einschr\u00e4nkungen bittet die Stadtentw\u00e4sserung Braunschweig GmbH (SE|BS) um Verst\u00e4ndnis.<\/p>\n<p>&nbsp;<\/p>\n<hr \/>\n<p>&nbsp;<\/p>\n<p><strong>SE|BS-Pressestelle<\/strong><br \/>\npr neu \u2013 gedacht<\/p>\n<p>Telefon: 05307 80093 \u2013 80<br \/>\nFax: 05307 80093 \u2013 69<br \/>\nE-Mail: &#x69;&#110;&#x66;&#x6f;&#64;&#x70;&#114;-&#x6e;&#101;u&#x2e;&#100;e<br \/>\nInternet: www.pr-neu.de<\/p>\n","protected":false},"excerpt":{"rendered":"<p>Braunschweig, 13. 10. 2020 Aufgrund von Kanalbauarbeiten ist ein Teilst\u00fcck des Siekgrabens in St\u00f6ckheim ab Mittwoch, den 14.10., f\u00fcr den Durchgangsverkehr gesperrt. Die Sperrung betrifft den Abschnitt zwischen Am Qu\u00e4lenberg und Milanstra\u00dfe auf H\u00f6he der Hausnummern 7 bis 9. Eine Umleitung wird \u00f6rtlich ausgeschildert. Die Arbeiten dauern voraussichtlich bis zum 23.10. &nbsp; F\u00fcr die Einschr\u00e4nkungen [&hellip;]<\/p>\n","protected":false},"author":6,"featured_media":8697,"comment_status":"closed","ping_status":"open","sticky":false,"template":"","format":"standard","meta":{"footnotes":""},"categories":[1517],"tags":[],"class_list":["post-13707","post","type-post","status-publish","format-standard","has-post-thumbnail","hentry","category-sebs"],"_links":{"self":[{"href":"https:\/\/www.pr-neu.de\/newsroom\/wp-json\/wp\/v2\/posts\/13707","targetHints":{"allow":["GET"]}}],"collection":[{"href":"https:\/\/www.pr-neu.de\/newsroom\/wp-json\/wp\/v2\/posts"}],"about":[{"href":"https:\/\/www.pr-neu.de\/newsroom\/wp-json\/wp\/v2\/types\/post"}],"author":[{"embeddable":true,"href":"https:\/\/www.pr-neu.de\/newsroom\/wp-json\/wp\/v2\/users\/6"}],"replies":[{"embeddable":true,"href":"https:\/\/www.pr-neu.de\/newsroom\/wp-json\/wp\/v2\/comments?post=13707"}],"version-history":[{"count":1,"href":"https:\/\/www.pr-neu.de\/newsroom\/wp-json\/wp\/v2\/posts\/13707\/revisions"}],"predecessor-version":[{"id":13708,"href":"https:\/\/www.pr-neu.de\/newsroom\/wp-json\/wp\/v2\/posts\/13707\/revisions\/13708"}],"wp:featuredmedia":[{"embeddable":true,"href":"https:\/\/www.pr-neu.de\/newsroom\/wp-json\/wp\/v2\/media\/8697"}],"wp:attachment":[{"href":"https:\/\/www.pr-neu.de\/newsroom\/wp-json\/wp\/v2\/media?parent=13707"}],"wp:term":[{"taxonomy":"category","embeddable":true,"href":"https:\/\/www.pr-neu.de\/newsroom\/wp-json\/wp\/v2\/categories?post=13707"},{"taxonomy":"post_tag","embeddable":true,"href":"https:\/\/www.pr-neu.de\/newsroom\/wp-json\/wp\/v2\/tags?post=13707"}],"curies":[{"name":"wp","href":"https:\/\/api.w.org\/{rel}","templated":true}]}}