{"id":13705,"date":"2020-10-13T16:09:16","date_gmt":"2020-10-13T14:09:16","guid":{"rendered":"http:\/\/www.pr-neu.de\/newsroom\/?p=13705"},"modified":"2020-10-13T16:09:16","modified_gmt":"2020-10-13T14:09:16","slug":"16-bis-19-oktober-vollsperrung-der-wolfenbuetteler-strasse-stadtauswaerts-fuer-kraftfahrzeugverkehr","status":"publish","type":"post","link":"https:\/\/www.pr-neu.de\/newsroom\/16-bis-19-oktober-vollsperrung-der-wolfenbuetteler-strasse-stadtauswaerts-fuer-kraftfahrzeugverkehr\/","title":{"rendered":"16. bis 19. Oktober: Vollsperrung der Wolfenb\u00fctteler Stra\u00dfe stadtausw\u00e4rts f\u00fcr Kraftfahrzeugverkehr"},"content":{"rendered":"<p><strong><u>Braunschweig, 13. 10. 2020<\/u><\/strong> Ab Freitag, 16. Oktober, 9 Uhr, bis Montag, 19. Oktober 2020, wird die Wolfenb\u00fctteler Stra\u00dfe ab Einm\u00fcndung Eisenb\u00fctteler Stra\u00dfe stadtausw\u00e4rts f\u00fcr Kraftfahrzeuge voll gesperrt. F\u00fcr Fu\u00dfg\u00e4nger und Radfahrer bleiben die Wege frei, auch die Tram M1 Richtung Heidberg \/ St\u00f6ckheim ist nicht betroffen. Der Busverkehr Richtung Wolfenb\u00fcttel wird umgeleitet. \u00dcber die konkreten \u00c4nderungen im \u00d6PNV informiert die Braunschweiger Verkehrs-GmbH auf Ihrer Website (<a href=\"https:\/\/www.bsvg.net\/\">bsvg.net<\/a>).<\/p>\n<p>&nbsp;<\/p>\n<p>Grund sind dringend notwendige Instandsetzungen an einem Pumpwerk aus dem Jahr 1982, an dem Sch\u00e4den an einem Abluftventil und an einem Schacht in der Abwasserdruckleitung zu beheben sind. Um Folgesch\u00e4den auszuschlie\u00dfen, ist daher kurzfristig ein komplett neues Schachtbauwerk inklusive Revisions\u00f6ffnung zu errichten, die Bauarbeiten \u00fcbernimmt die Stadtentw\u00e4sserung Braunschweig GmbH (SE|BS).<\/p>\n<p>&nbsp;<\/p>\n<p>Um die verkehrlichen Beeintr\u00e4chtigung so gering wie m\u00f6glich zu halten, erfolgen die Arbeiten in den Herbstferien und an einem Wochenende. Umleitungen in Fahrtrichtung Wolfenb\u00fcttel \/ Salzgitter werden eingerichtet. Die Verkehrsteilnehmer werden gebeten, den Baubereich weitr\u00e4umig zu umfahren.<\/p>\n<p>&nbsp;<\/p>\n<hr \/>\n<p>&nbsp;<\/p>\n<p><strong>SE|BS-Pressestelle<\/strong><br \/>\npr neu \u2013 gedacht<\/p>\n<p>Telefon: 05307 80093 \u2013 80<br \/>\nFax: 05307 80093 \u2013 69<br \/>\nE-Mail: &#105;&#x6e;&#x66;o&#64;&#x70;&#x72;-&#110;&#x65;u&#46;&#x64;&#x65;<br \/>\nInternet: www.pr-neu.de<\/p>\n","protected":false},"excerpt":{"rendered":"<p>Braunschweig, 13. 10. 2020 Ab Freitag, 16. Oktober, 9 Uhr, bis Montag, 19. Oktober 2020, wird die Wolfenb\u00fctteler Stra\u00dfe ab Einm\u00fcndung Eisenb\u00fctteler Stra\u00dfe stadtausw\u00e4rts f\u00fcr Kraftfahrzeuge voll gesperrt. F\u00fcr Fu\u00dfg\u00e4nger und Radfahrer bleiben die Wege frei, auch die Tram M1 Richtung Heidberg \/ St\u00f6ckheim ist nicht betroffen. Der Busverkehr Richtung Wolfenb\u00fcttel wird umgeleitet. \u00dcber die [&hellip;]<\/p>\n","protected":false},"author":6,"featured_media":8697,"comment_status":"closed","ping_status":"open","sticky":false,"template":"","format":"standard","meta":{"footnotes":""},"categories":[1517],"tags":[],"class_list":["post-13705","post","type-post","status-publish","format-standard","has-post-thumbnail","hentry","category-sebs"],"_links":{"self":[{"href":"https:\/\/www.pr-neu.de\/newsroom\/wp-json\/wp\/v2\/posts\/13705","targetHints":{"allow":["GET"]}}],"collection":[{"href":"https:\/\/www.pr-neu.de\/newsroom\/wp-json\/wp\/v2\/posts"}],"about":[{"href":"https:\/\/www.pr-neu.de\/newsroom\/wp-json\/wp\/v2\/types\/post"}],"author":[{"embeddable":true,"href":"https:\/\/www.pr-neu.de\/newsroom\/wp-json\/wp\/v2\/users\/6"}],"replies":[{"embeddable":true,"href":"https:\/\/www.pr-neu.de\/newsroom\/wp-json\/wp\/v2\/comments?post=13705"}],"version-history":[{"count":1,"href":"https:\/\/www.pr-neu.de\/newsroom\/wp-json\/wp\/v2\/posts\/13705\/revisions"}],"predecessor-version":[{"id":13706,"href":"https:\/\/www.pr-neu.de\/newsroom\/wp-json\/wp\/v2\/posts\/13705\/revisions\/13706"}],"wp:featuredmedia":[{"embeddable":true,"href":"https:\/\/www.pr-neu.de\/newsroom\/wp-json\/wp\/v2\/media\/8697"}],"wp:attachment":[{"href":"https:\/\/www.pr-neu.de\/newsroom\/wp-json\/wp\/v2\/media?parent=13705"}],"wp:term":[{"taxonomy":"category","embeddable":true,"href":"https:\/\/www.pr-neu.de\/newsroom\/wp-json\/wp\/v2\/categories?post=13705"},{"taxonomy":"post_tag","embeddable":true,"href":"https:\/\/www.pr-neu.de\/newsroom\/wp-json\/wp\/v2\/tags?post=13705"}],"curies":[{"name":"wp","href":"https:\/\/api.w.org\/{rel}","templated":true}]}}