{"id":13702,"date":"2020-10-08T12:23:48","date_gmt":"2020-10-08T10:23:48","guid":{"rendered":"http:\/\/www.pr-neu.de\/newsroom\/?p=13702"},"modified":"2020-10-08T12:23:48","modified_gmt":"2020-10-08T10:23:48","slug":"pr-neu-gedacht-in-braunschweig-fach","status":"publish","type":"post","link":"https:\/\/www.pr-neu.de\/newsroom\/pr-neu-gedacht-in-braunschweig-fach\/","title":{"rendered":"\u201ePR neu &#8211; gedacht\u201c in Braunschweig (fach)"},"content":{"rendered":"<p><u>Neue Kommunikations-Agentur mit Technik-Expertise<\/u><\/p>\n<p>&nbsp;<\/p>\n<p>Strategisch clever und redaktionell stark: \u201epr neu \u2013 gedacht\u201c ist die neue Braunschweiger PR-Agentur mit journalistischem Know-How und technischer Expertise. Schon zum Start hat der Dienstleister namhafte Unternehmen aus Bau, Architektur, Energie- und Wasserwirtschaft von seinem Portfolio \u00fcberzeugt: Gesch\u00e4ftspartner und Kunden vertrauen auf die jahrelange Erfahrung und Passion der Crew.<\/p>\n<p>&nbsp;<\/p>\n<p>Die Leitung der im Juni 2020 gegr\u00fcndeten Full-Service-Agentur tr\u00e4gt Claudia Philipp. Als Verst\u00e4rkung sicherte sie sich die ehemaligen Gesch\u00e4ftsf\u00fchrer von pr\u00a0nord.\u00a0neue kommunikation. Seit mehr als 25 Jahren beraten Karl-Heinz Limpert und Jan Birkenfeld mittelst\u00e4ndische Unternehmen \u2013 jetzt ziehen sie bei \u201epr neu\u201c die praktischen F\u00e4den. Unterst\u00fctzt werden sie von einem jungen, professionellen Team. Das Leistungsspektrum reicht von klassischer PR-Arbeit \u00fcber Online-Marketing bis zum Eventmanagement. \u201epr neu \u2013 gedacht\u201c vereint Leidenschaft f\u00fcr Kommunikation mit strategischem Feingef\u00fchl. Die Vision: In f\u00fcnf Jahren zu den Top-5-Agenturen f\u00fcr Bauen und Wohnen zu geh\u00f6ren.<\/p>\n<p>&nbsp;<\/p>\n<hr \/>\n<p>&nbsp;<\/p>\n<p><a href=\"http:\/\/www.pr-neu.de\/newsroom\/wordpress\/wp-content\/uploads\/2020\/10\/20-01_pr-neu_K.jpg\" target=\"_blank\" rel=\"noopener noreferrer\"><img loading=\"lazy\" decoding=\"async\" class=\"aligncenter wp-image-13700 size-medium\" src=\"http:\/\/www.pr-neu.de\/newsroom\/wordpress\/wp-content\/uploads\/2020\/10\/20-01_pr-neu_K-300x200.jpg\" alt=\"\" width=\"300\" height=\"200\" srcset=\"https:\/\/www.pr-neu.de\/newsroom\/wordpress\/wp-content\/uploads\/2020\/10\/20-01_pr-neu_K-300x200.jpg 300w, https:\/\/www.pr-neu.de\/newsroom\/wordpress\/wp-content\/uploads\/2020\/10\/20-01_pr-neu_K-1024x683.jpg 1024w, https:\/\/www.pr-neu.de\/newsroom\/wordpress\/wp-content\/uploads\/2020\/10\/20-01_pr-neu_K-768x512.jpg 768w, https:\/\/www.pr-neu.de\/newsroom\/wordpress\/wp-content\/uploads\/2020\/10\/20-01_pr-neu_K-1536x1024.jpg 1536w, https:\/\/www.pr-neu.de\/newsroom\/wordpress\/wp-content\/uploads\/2020\/10\/20-01_pr-neu_K-2048x1365.jpg 2048w, https:\/\/www.pr-neu.de\/newsroom\/wordpress\/wp-content\/uploads\/2020\/10\/20-01_pr-neu_K-110x73.jpg 110w, https:\/\/www.pr-neu.de\/newsroom\/wordpress\/wp-content\/uploads\/2020\/10\/20-01_pr-neu_K-420x280.jpg 420w, https:\/\/www.pr-neu.de\/newsroom\/wordpress\/wp-content\/uploads\/2020\/10\/20-01_pr-neu_K-645x430.jpg 645w\" sizes=\"auto, (max-width: 300px) 100vw, 300px\" \/><\/a><\/p>\n<p style=\"text-align: center;\">Strategisch, journalistisch, kreativ: Das Team von pr\u00a0neu\u00a0&#8211; gedacht vereint technisches Fachwissen mit kommunikativer Raffinesse.<\/p>\n<p style=\"text-align: center;\">Foto: pr neu &#8211; gedacht<\/p>\n<p>&nbsp;<\/p>\n<hr \/>\n<p>&nbsp;<\/p>\n<p>Abdruck honorarfrei, Belegexemplar erbeten<\/p>\n","protected":false},"excerpt":{"rendered":"<p>Neue Kommunikations-Agentur mit Technik-Expertise &nbsp; Strategisch clever und redaktionell stark: \u201epr neu \u2013 gedacht\u201c ist die neue Braunschweiger PR-Agentur mit journalistischem Know-How und technischer Expertise. Schon zum Start hat der Dienstleister namhafte Unternehmen aus Bau, Architektur, Energie- und Wasserwirtschaft von seinem Portfolio \u00fcberzeugt: Gesch\u00e4ftspartner und Kunden vertrauen auf die jahrelange Erfahrung und Passion der Crew. [&hellip;]<\/p>\n","protected":false},"author":6,"featured_media":13700,"comment_status":"closed","ping_status":"open","sticky":false,"template":"","format":"standard","meta":{"footnotes":""},"categories":[661],"tags":[],"class_list":["post-13702","post","type-post","status-publish","format-standard","has-post-thumbnail","hentry","category-allgemein"],"_links":{"self":[{"href":"https:\/\/www.pr-neu.de\/newsroom\/wp-json\/wp\/v2\/posts\/13702","targetHints":{"allow":["GET"]}}],"collection":[{"href":"https:\/\/www.pr-neu.de\/newsroom\/wp-json\/wp\/v2\/posts"}],"about":[{"href":"https:\/\/www.pr-neu.de\/newsroom\/wp-json\/wp\/v2\/types\/post"}],"author":[{"embeddable":true,"href":"https:\/\/www.pr-neu.de\/newsroom\/wp-json\/wp\/v2\/users\/6"}],"replies":[{"embeddable":true,"href":"https:\/\/www.pr-neu.de\/newsroom\/wp-json\/wp\/v2\/comments?post=13702"}],"version-history":[{"count":1,"href":"https:\/\/www.pr-neu.de\/newsroom\/wp-json\/wp\/v2\/posts\/13702\/revisions"}],"predecessor-version":[{"id":13703,"href":"https:\/\/www.pr-neu.de\/newsroom\/wp-json\/wp\/v2\/posts\/13702\/revisions\/13703"}],"wp:featuredmedia":[{"embeddable":true,"href":"https:\/\/www.pr-neu.de\/newsroom\/wp-json\/wp\/v2\/media\/13700"}],"wp:attachment":[{"href":"https:\/\/www.pr-neu.de\/newsroom\/wp-json\/wp\/v2\/media?parent=13702"}],"wp:term":[{"taxonomy":"category","embeddable":true,"href":"https:\/\/www.pr-neu.de\/newsroom\/wp-json\/wp\/v2\/categories?post=13702"},{"taxonomy":"post_tag","embeddable":true,"href":"https:\/\/www.pr-neu.de\/newsroom\/wp-json\/wp\/v2\/tags?post=13702"}],"curies":[{"name":"wp","href":"https:\/\/api.w.org\/{rel}","templated":true}]}}