{"id":13675,"date":"2020-10-05T09:30:12","date_gmt":"2020-10-05T07:30:12","guid":{"rendered":"http:\/\/www.pr-neu.de\/newsroom\/?p=13675"},"modified":"2020-10-05T09:30:12","modified_gmt":"2020-10-05T07:30:12","slug":"innenfarbe-mit-erhoehter-deckkraft","status":"publish","type":"post","link":"https:\/\/www.pr-neu.de\/newsroom\/innenfarbe-mit-erhoehter-deckkraft\/","title":{"rendered":"Innenfarbe mit erh\u00f6hter Deckkraft"},"content":{"rendered":"<p><u>S\u00fcdwest EuroClassic: Deckklasse eins<\/u><\/p>\n<p><strong>Deckkraft verbessert, Wei\u00dfgrad erh\u00f6ht: Die emissionsarme, l\u00f6semittel- und weichmacherfreie Dispersionsfarbe \u201eS\u00fcdwest EuroClassic\u201c gibt es jetzt in optimierter Qualit\u00e4t. Als Profi-Innenfarbe der Deckkraftklasse 1 sorgt sie f\u00fcr schnellen Baustellenfortschritt, denn in der Regel gen\u00fcgt ein einziger Anstrich f\u00fcr ein perfektes Ergebnis.<\/strong><\/p>\n<p>&nbsp;<\/p>\n<p>Deckend und gut t\u00f6nbar, langlebig und leicht zu verarbeiten: Das sind die Eigenschaften einer Profi-Innenfarbe. Die emissionsarme Dispersionsfarbe \u201eEuroClassic\u201c von S\u00fcdwest, eine Beschichtung der h\u00f6chsten Deckkraftklasse, erf\u00fcllt dieses Profil ohne Weichmacher und ohne L\u00f6semittel. Der Hersteller hat nun die Rezeptur weiter verbessert. Neben der neuen Deckkraftklasse erreicht sie so auch einen h\u00f6heren Wei\u00dfgrad. Damit deckt \u201eEuroClassic\u201c Untergr\u00fcnde oder Alt-Anstriche zuverl\u00e4ssig ab \u2013 im Regelfall mit einem einzigen Anstrich. Dieser erfolgt schnell und einfach, gestrichen, gerollt oder gespritzt. Maler- und Ausbesserungsarbeiten gehen so besonders wirtschaftlich und effizient voran.<\/p>\n<p>&nbsp;<\/p>\n<p><strong>Variabel und im System<\/strong><\/p>\n<p><strong>\u00a0<\/strong><\/p>\n<p>Auch gestalterisch gibt es kaum Grenzen: \u201eEuroClassic\u201c ist in allen Farbt\u00f6nen des All-Color AquaMix-Systems t\u00f6nbar. Durch ihre exzellente T\u00f6nbarkeit bietet sich diese Farbe besonders f\u00fcr bunte Fl\u00e4chen an.<\/p>\n<p>&nbsp;<\/p>\n<p>F\u00fcr schwierige Untergr\u00fcnde k\u00f6nnen Verarbeiter auf abgestimmte Zusatzprodukte zur\u00fcckgreifen. Ist eine Grundierung zu empfehlen \u2013 beispielsweise bei stark saugenden Untergr\u00fcnden \u2013 bietet S\u00fcdwest zudem auf die Innenfarbe abgestimmte Beschichtungen wie den \u201eS\u00fcdwest InnenGrund\u201c oder den \u201eS\u00fcdwest ThixGrund\u201c. Sie reduzieren die Saugf\u00e4higkeit poriger Untergr\u00fcnde, beispielsweise von Gipskarton, und verfestigen Untergr\u00fcnde, wenn diese ohne Voranstrich keine ausreichende Tragf\u00e4higkeit aufweisen. Der transparente ThixGrund zeichnet sich zudem durch seine gelartige Konsistenz aus: Dadurch ist er besonders einfach und ohne zu tropfen zu verarbeiten.<\/p>\n<p>&nbsp;<\/p>\n<hr \/>\n<p>&nbsp;<\/p>\n<p><a href=\"http:\/\/www.pr-neu.de\/newsroom\/wordpress\/wp-content\/uploads\/2020\/10\/20-08-EuroClassic_Innenraum_K.jpg\" target=\"_blank\" rel=\"noopener noreferrer\"><img loading=\"lazy\" decoding=\"async\" class=\"aligncenter wp-image-13676 size-medium\" src=\"http:\/\/www.pr-neu.de\/newsroom\/wordpress\/wp-content\/uploads\/2020\/10\/20-08-EuroClassic_Innenraum_K-300x200.jpg\" alt=\"\" width=\"300\" height=\"200\" srcset=\"https:\/\/www.pr-neu.de\/newsroom\/wordpress\/wp-content\/uploads\/2020\/10\/20-08-EuroClassic_Innenraum_K-300x200.jpg 300w, https:\/\/www.pr-neu.de\/newsroom\/wordpress\/wp-content\/uploads\/2020\/10\/20-08-EuroClassic_Innenraum_K-1024x682.jpg 1024w, https:\/\/www.pr-neu.de\/newsroom\/wordpress\/wp-content\/uploads\/2020\/10\/20-08-EuroClassic_Innenraum_K-768x512.jpg 768w, https:\/\/www.pr-neu.de\/newsroom\/wordpress\/wp-content\/uploads\/2020\/10\/20-08-EuroClassic_Innenraum_K-1536x1024.jpg 1536w, https:\/\/www.pr-neu.de\/newsroom\/wordpress\/wp-content\/uploads\/2020\/10\/20-08-EuroClassic_Innenraum_K-110x73.jpg 110w, https:\/\/www.pr-neu.de\/newsroom\/wordpress\/wp-content\/uploads\/2020\/10\/20-08-EuroClassic_Innenraum_K-420x280.jpg 420w, https:\/\/www.pr-neu.de\/newsroom\/wordpress\/wp-content\/uploads\/2020\/10\/20-08-EuroClassic_Innenraum_K-645x430.jpg 645w, https:\/\/www.pr-neu.de\/newsroom\/wordpress\/wp-content\/uploads\/2020\/10\/20-08-EuroClassic_Innenraum_K.jpg 1772w\" sizes=\"auto, (max-width: 300px) 100vw, 300px\" \/><\/a><\/p>\n<p style=\"text-align: center;\">Deckkraftklasse 1, hoher Wei\u00dfgrad: S\u00fcdwest EuroClassic ist eine Profi-Dispersions-Innenfarbe mit exzellenten Eigenschaften.<\/p>\n<p style=\"text-align: center;\">Bild: istock<\/p>\n<p>&nbsp;<\/p>\n<p><a href=\"http:\/\/www.pr-neu.de\/newsroom\/wordpress\/wp-content\/uploads\/2020\/10\/20_08_EuroClassicGebinde_K.jpg\" target=\"_blank\" rel=\"noopener noreferrer\"><img loading=\"lazy\" decoding=\"async\" class=\"aligncenter wp-image-13677 size-medium\" src=\"http:\/\/www.pr-neu.de\/newsroom\/wordpress\/wp-content\/uploads\/2020\/10\/20_08_EuroClassicGebinde_K-300x300.jpg\" alt=\"\" width=\"300\" height=\"300\" srcset=\"https:\/\/www.pr-neu.de\/newsroom\/wordpress\/wp-content\/uploads\/2020\/10\/20_08_EuroClassicGebinde_K-300x300.jpg 300w, https:\/\/www.pr-neu.de\/newsroom\/wordpress\/wp-content\/uploads\/2020\/10\/20_08_EuroClassicGebinde_K-1024x1024.jpg 1024w, https:\/\/www.pr-neu.de\/newsroom\/wordpress\/wp-content\/uploads\/2020\/10\/20_08_EuroClassicGebinde_K-150x150.jpg 150w, https:\/\/www.pr-neu.de\/newsroom\/wordpress\/wp-content\/uploads\/2020\/10\/20_08_EuroClassicGebinde_K-768x768.jpg 768w, https:\/\/www.pr-neu.de\/newsroom\/wordpress\/wp-content\/uploads\/2020\/10\/20_08_EuroClassicGebinde_K-1536x1536.jpg 1536w, https:\/\/www.pr-neu.de\/newsroom\/wordpress\/wp-content\/uploads\/2020\/10\/20_08_EuroClassicGebinde_K-2048x2048.jpg 2048w, https:\/\/www.pr-neu.de\/newsroom\/wordpress\/wp-content\/uploads\/2020\/10\/20_08_EuroClassicGebinde_K-250x250.jpg 250w, https:\/\/www.pr-neu.de\/newsroom\/wordpress\/wp-content\/uploads\/2020\/10\/20_08_EuroClassicGebinde_K-125x125.jpg 125w, https:\/\/www.pr-neu.de\/newsroom\/wordpress\/wp-content\/uploads\/2020\/10\/20_08_EuroClassicGebinde_K-110x110.jpg 110w, https:\/\/www.pr-neu.de\/newsroom\/wordpress\/wp-content\/uploads\/2020\/10\/20_08_EuroClassicGebinde_K-420x420.jpg 420w, https:\/\/www.pr-neu.de\/newsroom\/wordpress\/wp-content\/uploads\/2020\/10\/20_08_EuroClassicGebinde_K-430x430.jpg 430w\" sizes=\"auto, (max-width: 300px) 100vw, 300px\" \/><\/a><\/p>\n<p style=\"text-align: center;\">Bild: S\u00fcdwest<\/p>\n<p>&nbsp;<\/p>\n<hr \/>\n<p>&nbsp;<\/p>\n<p>Abdruck honorarfrei, Belegexemplar erbeten<\/p>\n","protected":false},"excerpt":{"rendered":"<p>S\u00fcdwest EuroClassic: Deckklasse eins Deckkraft verbessert, Wei\u00dfgrad erh\u00f6ht: Die emissionsarme, l\u00f6semittel- und weichmacherfreie Dispersionsfarbe \u201eS\u00fcdwest EuroClassic\u201c gibt es jetzt in optimierter Qualit\u00e4t. Als Profi-Innenfarbe der Deckkraftklasse 1 sorgt sie f\u00fcr schnellen Baustellenfortschritt, denn in der Regel gen\u00fcgt ein einziger Anstrich f\u00fcr ein perfektes Ergebnis. &nbsp; Deckend und gut t\u00f6nbar, langlebig und leicht zu verarbeiten: Das [&hellip;]<\/p>\n","protected":false},"author":6,"featured_media":13677,"comment_status":"closed","ping_status":"open","sticky":false,"template":"","format":"standard","meta":{"footnotes":""},"categories":[17],"tags":[],"class_list":["post-13675","post","type-post","status-publish","format-standard","has-post-thumbnail","hentry","category-sudwest"],"_links":{"self":[{"href":"https:\/\/www.pr-neu.de\/newsroom\/wp-json\/wp\/v2\/posts\/13675","targetHints":{"allow":["GET"]}}],"collection":[{"href":"https:\/\/www.pr-neu.de\/newsroom\/wp-json\/wp\/v2\/posts"}],"about":[{"href":"https:\/\/www.pr-neu.de\/newsroom\/wp-json\/wp\/v2\/types\/post"}],"author":[{"embeddable":true,"href":"https:\/\/www.pr-neu.de\/newsroom\/wp-json\/wp\/v2\/users\/6"}],"replies":[{"embeddable":true,"href":"https:\/\/www.pr-neu.de\/newsroom\/wp-json\/wp\/v2\/comments?post=13675"}],"version-history":[{"count":1,"href":"https:\/\/www.pr-neu.de\/newsroom\/wp-json\/wp\/v2\/posts\/13675\/revisions"}],"predecessor-version":[{"id":13678,"href":"https:\/\/www.pr-neu.de\/newsroom\/wp-json\/wp\/v2\/posts\/13675\/revisions\/13678"}],"wp:featuredmedia":[{"embeddable":true,"href":"https:\/\/www.pr-neu.de\/newsroom\/wp-json\/wp\/v2\/media\/13677"}],"wp:attachment":[{"href":"https:\/\/www.pr-neu.de\/newsroom\/wp-json\/wp\/v2\/media?parent=13675"}],"wp:term":[{"taxonomy":"category","embeddable":true,"href":"https:\/\/www.pr-neu.de\/newsroom\/wp-json\/wp\/v2\/categories?post=13675"},{"taxonomy":"post_tag","embeddable":true,"href":"https:\/\/www.pr-neu.de\/newsroom\/wp-json\/wp\/v2\/tags?post=13675"}],"curies":[{"name":"wp","href":"https:\/\/api.w.org\/{rel}","templated":true}]}}