{"id":13670,"date":"2020-09-29T13:17:55","date_gmt":"2020-09-29T11:17:55","guid":{"rendered":"http:\/\/www.pr-neu.de\/newsroom\/?p=13670"},"modified":"2020-09-29T13:18:11","modified_gmt":"2020-09-29T11:18:11","slug":"fachkraefte-foerdern-zukunft-sichern","status":"publish","type":"post","link":"https:\/\/www.pr-neu.de\/newsroom\/fachkraefte-foerdern-zukunft-sichern\/","title":{"rendered":"Fachkr\u00e4fte f\u00f6rdern, Zukunft sichern"},"content":{"rendered":"<p>Mitarbeiterqualifikation: Hanno investiert in die Zukunft<\/p>\n<p><strong>Technische Innovation und selbstausgebildetes Fachpersonal aus dem eigenen Haus \u2013 darauf setzt Hanno, der Spezialist f\u00fcr Dicht- und D\u00e4mmstoffe aus Deutschland. Mit seinem Ausbildungsprogramm und zahlreichen M\u00f6glichkeiten zur Weiterbildung leistet das Unternehmen einen wichtigen Beitrag zur beruflichen Qualifikation engagierter Menschen in Deutschland.<\/strong><\/p>\n<p>125 Jahre Unternehmensgeschichte bedeuten auch 125 Jahre Aus- und Weiterbildung bei Hanno. Dabei setzt der Hidden Champion auf Innovationen und Ressourcen aus dem eigenen Haus. Gerade in den herausfordernden Corona-Zeiten investiert Hanno in die F\u00f6rderung des eigenen Fachpersonals. \u201eForschung und Entwicklung sind tragende S\u00e4ulen bei Hanno. F\u00fcr unseren hochtechnisierten Maschinenpark brauchen wir qualifizierte Fachkr\u00e4fte, die wir inhouse ausbilden\u201c, sagt G\u00fcnter Krohn, Gesch\u00e4ftsf\u00fchrer von Hanno.<\/p>\n<p><strong>Investition in die Zukunft<\/strong><\/p>\n<p>Hanno setzt auf den neusten Stand der Technik und investiert regelm\u00e4\u00dfig in den eigenen Maschinenpark. Doch die Maschinen sind nur so gut, wie ihre Steuerung. Mit langfristigen Arbeitsverh\u00e4ltnissen sowie Fortbildungs- und Entwicklungsm\u00f6glichkeiten f\u00f6rdert das Unternehmen Eigenverantwortung und Selbstverwirklichung seines Fachpersonals \u2013 vom Auszubildenden bis zur F\u00fchrungsebene. Das zahlt sich aus: \u201eHanno ist vom Arbeitgeber zum Wegbegleiter geworden\u201c, sagt Christian Korte, Vorarbeiter im Team Konfektionierung, und blickt auf seine langj\u00e4hrige Zusammenarbeit zur\u00fcck. \u201eWir bekommen die M\u00f6glichkeit, uns pers\u00f6nlich und beruflich weiterzuentwickeln. Hier steht noch der Mensch im Vordergrund\u201c. Auch erfahrenen Fachkr\u00e4ften ohne berufliche Ausbildung bietet Hanno spannende Perspektiven: In Zusammenarbeit mit der IHK k\u00f6nnen sich Hanno-Mitarbeiter zu gepr\u00fcften Maschinen- und Anlagef\u00fchrern weiterqualifizieren.<\/p>\n<p><strong>Die Fachkr\u00e4fte von morgen<\/strong><\/p>\n<p>Nachwuchsf\u00f6rderung ist ein besonderer Eckpfeiler des Dicht- und D\u00e4mmexperten \u2013 dabei setzt Hanno auf den eigenen Nachwuchs. Mit seinem Ausbildungsprogramm leistet das Laatzener Unternehmen einen wichtigen Beitrag zur beruflichen Qualifikation junger Menschen in Deutschland \u2013 und bietet langfristige Perspektiven f\u00fcr Fachkr\u00e4fte von morgen.<\/p>\n<p>Auch dieses Jahr startet eine neue Hanno-Generation in das Berufsleben. Carmen Scholz, HR-Managerin bei Hanno, betont, dass sich das bew\u00e4hrte Ausbildungskonzept trotz der ungewohnten Bedingungen aufgrund der Corona-Pandemie nicht ge\u00e4ndert habe: Der berufliche Nachwuchs werde m\u00f6glichst fr\u00fch mit verantwortungsvollen Aufgaben betraut. \u201eDie umfangreiche Ausbildung junger, engagierter Mitarbeiter liegt uns besonders am Herzen\u201c, sagt Krohn, \u201eunseren Nachwuchs betrachten wir als wichtige Investition in die Zukunft\u201c.<\/p>\n<p>&nbsp;<\/p>\n<hr \/>\n<p>&nbsp;<\/p>\n<p style=\"text-align: center;\"><a href=\"http:\/\/www.pr-neu.de\/newsroom\/wordpress\/wp-content\/uploads\/2020\/09\/20-09_Korte_K.jpg\" target=\"_blank\" rel=\"noopener noreferrer\"><img loading=\"lazy\" decoding=\"async\" class=\"aligncenter wp-image-13672 size-medium\" src=\"http:\/\/www.pr-neu.de\/newsroom\/wordpress\/wp-content\/uploads\/2020\/09\/20-09_Korte_K-300x202.jpg\" alt=\"\" width=\"300\" height=\"202\" srcset=\"https:\/\/www.pr-neu.de\/newsroom\/wordpress\/wp-content\/uploads\/2020\/09\/20-09_Korte_K-300x202.jpg 300w, https:\/\/www.pr-neu.de\/newsroom\/wordpress\/wp-content\/uploads\/2020\/09\/20-09_Korte_K-1024x688.jpg 1024w, https:\/\/www.pr-neu.de\/newsroom\/wordpress\/wp-content\/uploads\/2020\/09\/20-09_Korte_K-768x516.jpg 768w, https:\/\/www.pr-neu.de\/newsroom\/wordpress\/wp-content\/uploads\/2020\/09\/20-09_Korte_K-1536x1032.jpg 1536w, https:\/\/www.pr-neu.de\/newsroom\/wordpress\/wp-content\/uploads\/2020\/09\/20-09_Korte_K-2048x1376.jpg 2048w, https:\/\/www.pr-neu.de\/newsroom\/wordpress\/wp-content\/uploads\/2020\/09\/20-09_Korte_K-110x74.jpg 110w, https:\/\/www.pr-neu.de\/newsroom\/wordpress\/wp-content\/uploads\/2020\/09\/20-09_Korte_K-420x282.jpg 420w, https:\/\/www.pr-neu.de\/newsroom\/wordpress\/wp-content\/uploads\/2020\/09\/20-09_Korte_K-640x430.jpg 640w\" sizes=\"auto, (max-width: 300px) 100vw, 300px\" \/><\/a><\/p>\n<p style=\"text-align: center;\">Seit einem halben Jahrzehnt dabei: Mit seinem Team ist Christian Korte<br \/>\nmitverantwortlich f\u00fcr die Konfektionierung bei Hanno. Dabei sch\u00e4tzt<br \/>\ner die zahlreichen Fortbildungsm\u00f6glichkeiten.<br \/>\nBild: Hanno Werk GmbH &amp; Co. KG<\/p>\n<p>&nbsp;<\/p>\n<p>&nbsp;<\/p>\n<p style=\"text-align: center;\"><a href=\"http:\/\/www.pr-neu.de\/newsroom\/wordpress\/wp-content\/uploads\/2020\/09\/20-09_Azubis_K.jpg\" target=\"_blank\" rel=\"noopener noreferrer\"><img loading=\"lazy\" decoding=\"async\" class=\"aligncenter wp-image-13671 size-medium\" src=\"http:\/\/www.pr-neu.de\/newsroom\/wordpress\/wp-content\/uploads\/2020\/09\/20-09_Azubis_K-300x225.jpg\" alt=\"\" width=\"300\" height=\"225\" srcset=\"https:\/\/www.pr-neu.de\/newsroom\/wordpress\/wp-content\/uploads\/2020\/09\/20-09_Azubis_K-300x225.jpg 300w, https:\/\/www.pr-neu.de\/newsroom\/wordpress\/wp-content\/uploads\/2020\/09\/20-09_Azubis_K-1024x768.jpg 1024w, https:\/\/www.pr-neu.de\/newsroom\/wordpress\/wp-content\/uploads\/2020\/09\/20-09_Azubis_K-768x576.jpg 768w, https:\/\/www.pr-neu.de\/newsroom\/wordpress\/wp-content\/uploads\/2020\/09\/20-09_Azubis_K-1536x1152.jpg 1536w, https:\/\/www.pr-neu.de\/newsroom\/wordpress\/wp-content\/uploads\/2020\/09\/20-09_Azubis_K-2048x1536.jpg 2048w, https:\/\/www.pr-neu.de\/newsroom\/wordpress\/wp-content\/uploads\/2020\/09\/20-09_Azubis_K-110x83.jpg 110w, https:\/\/www.pr-neu.de\/newsroom\/wordpress\/wp-content\/uploads\/2020\/09\/20-09_Azubis_K-420x315.jpg 420w, https:\/\/www.pr-neu.de\/newsroom\/wordpress\/wp-content\/uploads\/2020\/09\/20-09_Azubis_K-573x430.jpg 573w\" sizes=\"auto, (max-width: 300px) 100vw, 300px\" \/><\/a><\/p>\n<p style=\"text-align: center;\">Der Hanno-Nachwuchs strahlt: Adrian Neumann und Joseph Marocsik (v.l.n.r.)<br \/>\nfreuen sich \u00fcber ihre Ausbildung zum Maschinen- und Anlagenf\u00fchrer.<br \/>\nUnterst\u00fctzt werden sie dabei von erfahrenen Kollegen.<br \/>\nBild: Hanno Werk GmbH &amp; Co. KG<\/p>\n<p>&nbsp;<\/p>\n<hr \/>\n<p>&nbsp;<\/p>\n<p>Abdruck honorarfrei, Belegexemplar erbeten<\/p>\n","protected":false},"excerpt":{"rendered":"<p>Mitarbeiterqualifikation: Hanno investiert in die Zukunft Technische Innovation und selbstausgebildetes Fachpersonal aus dem eigenen Haus \u2013 darauf setzt Hanno, der Spezialist f\u00fcr Dicht- und D\u00e4mmstoffe aus Deutschland. Mit seinem Ausbildungsprogramm und zahlreichen M\u00f6glichkeiten zur Weiterbildung leistet das Unternehmen einen wichtigen Beitrag zur beruflichen Qualifikation engagierter Menschen in Deutschland. 125 Jahre Unternehmensgeschichte bedeuten auch 125 Jahre [&hellip;]<\/p>\n","protected":false},"author":6,"featured_media":13672,"comment_status":"closed","ping_status":"open","sticky":false,"template":"","format":"standard","meta":{"footnotes":""},"categories":[655],"tags":[],"class_list":["post-13670","post","type-post","status-publish","format-standard","has-post-thumbnail","hentry","category-hanno"],"_links":{"self":[{"href":"https:\/\/www.pr-neu.de\/newsroom\/wp-json\/wp\/v2\/posts\/13670","targetHints":{"allow":["GET"]}}],"collection":[{"href":"https:\/\/www.pr-neu.de\/newsroom\/wp-json\/wp\/v2\/posts"}],"about":[{"href":"https:\/\/www.pr-neu.de\/newsroom\/wp-json\/wp\/v2\/types\/post"}],"author":[{"embeddable":true,"href":"https:\/\/www.pr-neu.de\/newsroom\/wp-json\/wp\/v2\/users\/6"}],"replies":[{"embeddable":true,"href":"https:\/\/www.pr-neu.de\/newsroom\/wp-json\/wp\/v2\/comments?post=13670"}],"version-history":[{"count":2,"href":"https:\/\/www.pr-neu.de\/newsroom\/wp-json\/wp\/v2\/posts\/13670\/revisions"}],"predecessor-version":[{"id":13674,"href":"https:\/\/www.pr-neu.de\/newsroom\/wp-json\/wp\/v2\/posts\/13670\/revisions\/13674"}],"wp:featuredmedia":[{"embeddable":true,"href":"https:\/\/www.pr-neu.de\/newsroom\/wp-json\/wp\/v2\/media\/13672"}],"wp:attachment":[{"href":"https:\/\/www.pr-neu.de\/newsroom\/wp-json\/wp\/v2\/media?parent=13670"}],"wp:term":[{"taxonomy":"category","embeddable":true,"href":"https:\/\/www.pr-neu.de\/newsroom\/wp-json\/wp\/v2\/categories?post=13670"},{"taxonomy":"post_tag","embeddable":true,"href":"https:\/\/www.pr-neu.de\/newsroom\/wp-json\/wp\/v2\/tags?post=13670"}],"curies":[{"name":"wp","href":"https:\/\/api.w.org\/{rel}","templated":true}]}}