{"id":13662,"date":"2020-09-29T08:00:43","date_gmt":"2020-09-29T06:00:43","guid":{"rendered":"http:\/\/www.pr-neu.de\/newsroom\/?p=13662"},"modified":"2020-09-28T12:13:50","modified_gmt":"2020-09-28T10:13:50","slug":"alles-dicht-in-der-industrie","status":"publish","type":"post","link":"https:\/\/www.pr-neu.de\/newsroom\/alles-dicht-in-der-industrie\/","title":{"rendered":"Alles dicht in der Industrie"},"content":{"rendered":"<p><u>Hanno auf der FMB in Bad Salzuflen: Stand 21-A8<\/u><\/p>\n<p>&nbsp;<\/p>\n<p>Der Dicht- und D\u00e4mmexperte Hanno pr\u00e4sentiert auf der FMB Zuliefermesse Maschinenbau (Stand 21-A8) Dicht- und D\u00e4mml\u00f6sungen f\u00fcr den anspruchsvollen Industrie-Sektor. Unter Hygienema\u00dfnahmen (u.a. Abstandseinhaltung und Kontaktnachverfolgung) zeigt das Laatzener Unternehmen sein Portfolio f\u00fcr den industriellen Einsatz, Schwerpunkte sind Schalld\u00e4mpfung, W\u00e4rmed\u00e4mmung und Vibrationsbek\u00e4mpfung im Maschinen- und Fahrzeugbau. Dabei kommen extrem leichte und anpassungsf\u00e4hige Materialien zum Einsatz \u2013 ma\u00dfgeschneidert an die Anforderungen des Maschinenbaus.<\/p>\n<p><em>\u00a0<\/em><\/p>\n<p>Die FMB (4. &#8211; 6.11.2020, Bad Salzuflen) ist eine norddeutsche Fachmesse f\u00fcr Konstrukteure, Entwickler und Eink\u00e4ufer und bietet ein breites Spektrum der Zulieferindustrie f\u00fcr den Maschinen- und Anlagenbau.<\/p>\n<p>&nbsp;<\/p>\n<hr \/>\n<p>&nbsp;<\/p>\n<p><a href=\"http:\/\/www.pr-neu.de\/newsroom\/wordpress\/wp-content\/uploads\/2020\/09\/20-10-Industrie-Portfolio_K.jpg\" target=\"_blank\" rel=\"noopener noreferrer\"><img loading=\"lazy\" decoding=\"async\" class=\"aligncenter wp-image-13663 size-medium\" src=\"http:\/\/www.pr-neu.de\/newsroom\/wordpress\/wp-content\/uploads\/2020\/09\/20-10-Industrie-Portfolio_K-300x210.jpg\" alt=\"\" width=\"300\" height=\"210\" srcset=\"https:\/\/www.pr-neu.de\/newsroom\/wordpress\/wp-content\/uploads\/2020\/09\/20-10-Industrie-Portfolio_K-300x210.jpg 300w, https:\/\/www.pr-neu.de\/newsroom\/wordpress\/wp-content\/uploads\/2020\/09\/20-10-Industrie-Portfolio_K-1024x717.jpg 1024w, https:\/\/www.pr-neu.de\/newsroom\/wordpress\/wp-content\/uploads\/2020\/09\/20-10-Industrie-Portfolio_K-768x538.jpg 768w, https:\/\/www.pr-neu.de\/newsroom\/wordpress\/wp-content\/uploads\/2020\/09\/20-10-Industrie-Portfolio_K-1536x1075.jpg 1536w, https:\/\/www.pr-neu.de\/newsroom\/wordpress\/wp-content\/uploads\/2020\/09\/20-10-Industrie-Portfolio_K-2048x1434.jpg 2048w, https:\/\/www.pr-neu.de\/newsroom\/wordpress\/wp-content\/uploads\/2020\/09\/20-10-Industrie-Portfolio_K-110x77.jpg 110w, https:\/\/www.pr-neu.de\/newsroom\/wordpress\/wp-content\/uploads\/2020\/09\/20-10-Industrie-Portfolio_K-420x294.jpg 420w, https:\/\/www.pr-neu.de\/newsroom\/wordpress\/wp-content\/uploads\/2020\/09\/20-10-Industrie-Portfolio_K-614x430.jpg 614w\" sizes=\"auto, (max-width: 300px) 100vw, 300px\" \/><\/a><\/p>\n<p style=\"text-align: center;\">Alles dicht: Hanno pr\u00e4sentiert sein breites Portfolio f\u00fcr industrielle Anwendungen auf der FMB Zuliefermesse Maschinenbau (Stand 21-A8).<\/p>\n<p style=\"text-align: center;\">Bild: Hanno Werk GmbH &amp; Co. KG<\/p>\n<p>&nbsp;<\/p>\n<hr \/>\n<p>&nbsp;<\/p>\n<p>Abdruck honorarfrei, Belegexemplar erbeten<\/p>\n","protected":false},"excerpt":{"rendered":"<p>Hanno auf der FMB in Bad Salzuflen: Stand 21-A8 &nbsp; Der Dicht- und D\u00e4mmexperte Hanno pr\u00e4sentiert auf der FMB Zuliefermesse Maschinenbau (Stand 21-A8) Dicht- und D\u00e4mml\u00f6sungen f\u00fcr den anspruchsvollen Industrie-Sektor. Unter Hygienema\u00dfnahmen (u.a. Abstandseinhaltung und Kontaktnachverfolgung) zeigt das Laatzener Unternehmen sein Portfolio f\u00fcr den industriellen Einsatz, Schwerpunkte sind Schalld\u00e4mpfung, W\u00e4rmed\u00e4mmung und Vibrationsbek\u00e4mpfung im Maschinen- und [&hellip;]<\/p>\n","protected":false},"author":6,"featured_media":13663,"comment_status":"closed","ping_status":"open","sticky":false,"template":"","format":"standard","meta":{"footnotes":""},"categories":[655],"tags":[],"class_list":["post-13662","post","type-post","status-publish","format-standard","has-post-thumbnail","hentry","category-hanno"],"_links":{"self":[{"href":"https:\/\/www.pr-neu.de\/newsroom\/wp-json\/wp\/v2\/posts\/13662","targetHints":{"allow":["GET"]}}],"collection":[{"href":"https:\/\/www.pr-neu.de\/newsroom\/wp-json\/wp\/v2\/posts"}],"about":[{"href":"https:\/\/www.pr-neu.de\/newsroom\/wp-json\/wp\/v2\/types\/post"}],"author":[{"embeddable":true,"href":"https:\/\/www.pr-neu.de\/newsroom\/wp-json\/wp\/v2\/users\/6"}],"replies":[{"embeddable":true,"href":"https:\/\/www.pr-neu.de\/newsroom\/wp-json\/wp\/v2\/comments?post=13662"}],"version-history":[{"count":5,"href":"https:\/\/www.pr-neu.de\/newsroom\/wp-json\/wp\/v2\/posts\/13662\/revisions"}],"predecessor-version":[{"id":13668,"href":"https:\/\/www.pr-neu.de\/newsroom\/wp-json\/wp\/v2\/posts\/13662\/revisions\/13668"}],"wp:featuredmedia":[{"embeddable":true,"href":"https:\/\/www.pr-neu.de\/newsroom\/wp-json\/wp\/v2\/media\/13663"}],"wp:attachment":[{"href":"https:\/\/www.pr-neu.de\/newsroom\/wp-json\/wp\/v2\/media?parent=13662"}],"wp:term":[{"taxonomy":"category","embeddable":true,"href":"https:\/\/www.pr-neu.de\/newsroom\/wp-json\/wp\/v2\/categories?post=13662"},{"taxonomy":"post_tag","embeddable":true,"href":"https:\/\/www.pr-neu.de\/newsroom\/wp-json\/wp\/v2\/tags?post=13662"}],"curies":[{"name":"wp","href":"https:\/\/api.w.org\/{rel}","templated":true}]}}