{"id":13660,"date":"2020-09-25T12:23:21","date_gmt":"2020-09-25T10:23:21","guid":{"rendered":"http:\/\/www.pr-neu.de\/newsroom\/?p=13660"},"modified":"2020-09-25T12:23:21","modified_gmt":"2020-09-25T10:23:21","slug":"suedwest-erweitert-standort-in-boehl","status":"publish","type":"post","link":"https:\/\/www.pr-neu.de\/newsroom\/suedwest-erweitert-standort-in-boehl\/","title":{"rendered":"S\u00fcdwest erweitert Standort in B\u00f6hl"},"content":{"rendered":"<p><u>10 Millionen Euro investiert<\/u><\/p>\n<p><strong>Der Lackhersteller S\u00fcdwest baut seinen Standort in B\u00f6hl-Iggelheim aus. Das neue Logistikzentrum vereint ab 2021 drei Lagerstandorte.<\/strong><\/p>\n<p>&nbsp;<\/p>\n<p>Seit 2011 investiert S\u00fcdwest stetig in den Standort B\u00f6hl-Iggelheim. Im Zuge von Sortiments- und Mengenerweiterungen wurde damit die Lagerung an drei unterschiedlichen Orten im Werk notwendig. \u201eMit unserem Neubau schaffen wir nun einen zentral gelegenen Logistikpunkt\u201c, berichtet S\u00fcdwest-Gesch\u00e4ftsf\u00fchrer Hans-J\u00f6rg von Rhade. Die Fertigstellung ist f\u00fcr das Fr\u00fchjahr 2021 geplant. Auf einer Fl\u00e4che von 3.200 Quadratmetern entstehen neben 4.000 Palettenpl\u00e4tzen auch eine Kantine sowie Sozial- und Besprechungsr\u00e4ume. \u201eDas zentrale Lager verbessert unsere Lieferf\u00e4higkeit mit effizienteren Abl\u00e4ufe deutlich\u201c, erkl\u00e4rt von Rhade. Auftr\u00e4ge lassen sich dann auch in hoher St\u00fcckzahl schneller abwickeln.<\/p>\n<p>&nbsp;<\/p>\n<p><strong>Standorttreuer Mittelst\u00e4ndler<\/strong><\/p>\n<p>&nbsp;<\/p>\n<p>\u201eEine Investition von \u00fcber zehn Millionen Euro ist ein klares Bekenntnis zum Standort B\u00f6hl\u201c, betont von Rhade. Das 2020 vom Jobportal yourfirm.de als \u201eTOP-Arbeitgeber im Mittelstand\u201c ausgezeichnete Unternehmen sichert damit zahlreiche Arbeitspl\u00e4tze und unterstreicht seine Rolle als gr\u00f6\u00dfter Arbeitgeber in B\u00f6hl. Zur Fertigstellung des Rohbaus im September besuchten Landrat Clemens K\u00f6rner und B\u00fcrgermeister Peter Christ das Unternehmen.<\/p>\n<p>&nbsp;<\/p>\n<hr \/>\n<p>&nbsp;<\/p>\n<p><a href=\"http:\/\/www.pr-neu.de\/newsroom\/wordpress\/wp-content\/uploads\/2020\/09\/20-09_Logistikzentrum_3_K.jpg\" target=\"_blank\" rel=\"noopener noreferrer\"><img loading=\"lazy\" decoding=\"async\" class=\"aligncenter wp-image-13658 size-medium\" src=\"http:\/\/www.pr-neu.de\/newsroom\/wordpress\/wp-content\/uploads\/2020\/09\/20-09_Logistikzentrum_3_K-300x200.jpg\" alt=\"\" width=\"300\" height=\"200\" srcset=\"https:\/\/www.pr-neu.de\/newsroom\/wordpress\/wp-content\/uploads\/2020\/09\/20-09_Logistikzentrum_3_K-300x200.jpg 300w, https:\/\/www.pr-neu.de\/newsroom\/wordpress\/wp-content\/uploads\/2020\/09\/20-09_Logistikzentrum_3_K-1024x683.jpg 1024w, https:\/\/www.pr-neu.de\/newsroom\/wordpress\/wp-content\/uploads\/2020\/09\/20-09_Logistikzentrum_3_K-768x512.jpg 768w, https:\/\/www.pr-neu.de\/newsroom\/wordpress\/wp-content\/uploads\/2020\/09\/20-09_Logistikzentrum_3_K-1536x1024.jpg 1536w, https:\/\/www.pr-neu.de\/newsroom\/wordpress\/wp-content\/uploads\/2020\/09\/20-09_Logistikzentrum_3_K-2048x1365.jpg 2048w, https:\/\/www.pr-neu.de\/newsroom\/wordpress\/wp-content\/uploads\/2020\/09\/20-09_Logistikzentrum_3_K-110x73.jpg 110w, https:\/\/www.pr-neu.de\/newsroom\/wordpress\/wp-content\/uploads\/2020\/09\/20-09_Logistikzentrum_3_K-420x280.jpg 420w, https:\/\/www.pr-neu.de\/newsroom\/wordpress\/wp-content\/uploads\/2020\/09\/20-09_Logistikzentrum_3_K-645x430.jpg 645w\" sizes=\"auto, (max-width: 300px) 100vw, 300px\" \/><\/a><\/p>\n<p style=\"text-align: center;\">Mit S\u00fcdwest-Gesch\u00e4ftsf\u00fchrer Hans-J\u00f6rg von Rhade freuten sich \u00fcber den guten Bauverlauf des neuen Logistik-Zentrums Peter Christ, B\u00fcrgermeister B\u00f6hl-Iggelheim und Landrat Clemens K\u00f6rnert (v.l.n.r.).<\/p>\n<p style=\"text-align: center;\">Bild: S\u00fcdwest<\/p>\n<p>&nbsp;<\/p>\n<hr \/>\n<p>&nbsp;<\/p>\n<p>Abdruck honorarfrei, Belegexemplar erbeten<\/p>\n","protected":false},"excerpt":{"rendered":"<p>10 Millionen Euro investiert Der Lackhersteller S\u00fcdwest baut seinen Standort in B\u00f6hl-Iggelheim aus. Das neue Logistikzentrum vereint ab 2021 drei Lagerstandorte. &nbsp; Seit 2011 investiert S\u00fcdwest stetig in den Standort B\u00f6hl-Iggelheim. Im Zuge von Sortiments- und Mengenerweiterungen wurde damit die Lagerung an drei unterschiedlichen Orten im Werk notwendig. \u201eMit unserem Neubau schaffen wir nun einen [&hellip;]<\/p>\n","protected":false},"author":6,"featured_media":13658,"comment_status":"closed","ping_status":"open","sticky":false,"template":"","format":"standard","meta":{"footnotes":""},"categories":[17],"tags":[],"class_list":["post-13660","post","type-post","status-publish","format-standard","has-post-thumbnail","hentry","category-sudwest"],"_links":{"self":[{"href":"https:\/\/www.pr-neu.de\/newsroom\/wp-json\/wp\/v2\/posts\/13660","targetHints":{"allow":["GET"]}}],"collection":[{"href":"https:\/\/www.pr-neu.de\/newsroom\/wp-json\/wp\/v2\/posts"}],"about":[{"href":"https:\/\/www.pr-neu.de\/newsroom\/wp-json\/wp\/v2\/types\/post"}],"author":[{"embeddable":true,"href":"https:\/\/www.pr-neu.de\/newsroom\/wp-json\/wp\/v2\/users\/6"}],"replies":[{"embeddable":true,"href":"https:\/\/www.pr-neu.de\/newsroom\/wp-json\/wp\/v2\/comments?post=13660"}],"version-history":[{"count":1,"href":"https:\/\/www.pr-neu.de\/newsroom\/wp-json\/wp\/v2\/posts\/13660\/revisions"}],"predecessor-version":[{"id":13661,"href":"https:\/\/www.pr-neu.de\/newsroom\/wp-json\/wp\/v2\/posts\/13660\/revisions\/13661"}],"wp:featuredmedia":[{"embeddable":true,"href":"https:\/\/www.pr-neu.de\/newsroom\/wp-json\/wp\/v2\/media\/13658"}],"wp:attachment":[{"href":"https:\/\/www.pr-neu.de\/newsroom\/wp-json\/wp\/v2\/media?parent=13660"}],"wp:term":[{"taxonomy":"category","embeddable":true,"href":"https:\/\/www.pr-neu.de\/newsroom\/wp-json\/wp\/v2\/categories?post=13660"},{"taxonomy":"post_tag","embeddable":true,"href":"https:\/\/www.pr-neu.de\/newsroom\/wp-json\/wp\/v2\/tags?post=13660"}],"curies":[{"name":"wp","href":"https:\/\/api.w.org\/{rel}","templated":true}]}}