{"id":13656,"date":"2020-09-25T12:17:23","date_gmt":"2020-09-25T10:17:23","guid":{"rendered":"http:\/\/www.pr-neu.de\/newsroom\/?p=13656"},"modified":"2020-09-25T12:17:23","modified_gmt":"2020-09-25T10:17:23","slug":"chancen-fuer-die-zukunft-suedwest-investiert-10-millionen-euro-in-boehl","status":"publish","type":"post","link":"https:\/\/www.pr-neu.de\/newsroom\/chancen-fuer-die-zukunft-suedwest-investiert-10-millionen-euro-in-boehl\/","title":{"rendered":"Chancen f\u00fcr die Zukunft: S\u00fcdwest investiert 10 Millionen Euro in B\u00f6hl"},"content":{"rendered":"<p><em>B\u00f6hl-Iggelheim, 25. September 2020.<\/em> <strong>Zur Fertigstellung des Rohbaus des neuen Logistikzentrums von S\u00fcdwest besuchten Landrat Clemens K\u00f6rner und B\u00fcrgermeister Peter Christ das mittelst\u00e4ndische Unternehmen in B\u00f6hl. Empfangen wurden sie von S\u00fcdwest-Gesch\u00e4ftsf\u00fchrer Hans-J\u00f6rg von Rhade.<\/strong><\/p>\n<p>&nbsp;<\/p>\n<p>Von weitem ist der Bau des 3.200 Quadratmeter gro\u00dfen Logistikzentrums, das bis zu zehn Meter in die H\u00f6he ragt, bereits gut zu erkennen. Drei dezentrale Logistikpunkte am Standort B\u00f6hl-Iggelheim zieht S\u00fcdwest mit dem Neubau im kommenden Jahr zusammen.<\/p>\n<p>&nbsp;<\/p>\n<p>Wie entwickelt sich der Markt f\u00fcr Profifarben und -lacke in Deutschland? Wie lassen sich in der Folge Logistik, Erweiterung, Modernisierung und Investitionen in Arbeits- sowie Ausbildungspl\u00e4tze realisieren? Diesen Herausforderungen stellt sich der Farben- und Lacke-Hersteller S\u00fcdwest und blickt fokussiert in die Zukunft. Seit 2019 und bis zur geplanten Baufertigstellung im ersten Halbjahr 2021 werden am Standort B\u00f6hl-Iggelheim mehr als zehn Millionen Euro investiert. S\u00fcdwest ist im Plan, es soll keine gr\u00f6\u00dferen Verz\u00f6gerungen geben.<\/p>\n<p>&nbsp;<\/p>\n<p>Die aktuellen Bauma\u00dfnahmen sind Teil umfangreicher Planungen und eines Standortmasterplans, den das Unter\u00adnehmen schon seit 2011 verfolgt. Und es gibt bereits Pl\u00e4ne f\u00fcr die Zukunft: \u201eIn weiteren Schritten geht es um die Modernisierung und den Ausbau der Produktion. Wettbewerbsf\u00e4hig sein und bleiben, auch als Mittelst\u00e4ndler international mithalten k\u00f6nnen, das ist unser Ziel. Hier sind wir mit dem Neubau auf einem sehr guten Weg\u201c, so S\u00fcdwest-Gesch\u00e4ftsf\u00fchrer Hans-J\u00f6rg von Rhade.<\/p>\n<p>&nbsp;<\/p>\n<p><strong>September 2020 \u2013 Fertigstellung des Rohbaus <\/strong><\/p>\n<p>&nbsp;<\/p>\n<p>Das Bauprojekt entsteht im Gewerbemischgebiet B\u00f6hl S\u00fcd. Allein f\u00fcr die Bodenplatte verbaute der Generalplaner aus dem nahen Pirmasens 700 Kubikmeter Beton, das sind rund 90 LKW-Ladungen. Die bisherige Anzahl an Palettenpl\u00e4tzen steigt von 2.750 auf 4.000 an \u2013 so wird eine deutliche Effizienzsteigerung m\u00f6glich, wodurch sich insbesondere die Liefer\u00adf\u00e4higkeit verbessert aber auch hohe St\u00fcckzahlen in Zukunft schnell abwickeln lassen.<\/p>\n<p>&nbsp;<\/p>\n<p>\u201eDieses unternehmerische Engagement ist ein klares Bekenntnis zur Region. Den R\u00fcckhalt, den es unsererseits daf\u00fcr braucht, geben wir dem Mittelstand im aktiven Austausch. Die Investitionen von S\u00fcdwest sind ein Beispiel daf\u00fcr, dass uns das gemeinsam bereits gut gelungen ist \u2013 das macht uns auch stolz. Nur so lassen sich schwierige Zeiten meistern und standortrelevante Entscheidungen miteinander in Einklang bringen\u201c, so Landrat Clemens K\u00f6rner.<\/p>\n<p>&nbsp;<\/p>\n<p>B\u00fcrgermeister Peter Christ sagt: \u201eDie Sicherung der Arbeits- und Ausbildungspl\u00e4tze, die Attraktivit\u00e4t als Wirtschaftsstandort, h\u00e4ngt von einem guten Verh\u00e4ltnis zwischen Politik und Unternehmen ab, das ist uns hier gelungen. Mit diesem Besuch zeigen wir einmal mehr den wichtigen Schulterschluss.\u201c<\/p>\n<p>&nbsp;<\/p>\n<p>2020 als \u201eTOP-Arbeitgeber im Mittelstand\u201c ausgezeichnet, ist das Investment des Unternehmens zugleich ein deutliches Zeichen f\u00fcr den Erhalt der aktuell rund 125 Arbeitspl\u00e4tze. Neben dem Logistikcenter mit hochmoderner Technikausstattung entstehen auch eine gro\u00dfe Kantine, Sozial- und Besprechungsr\u00e4ume sowie neue B\u00fcros.<\/p>\n<p>&nbsp;<\/p>\n<hr \/>\n<p>&nbsp;<\/p>\n<p><a href=\"http:\/\/www.pr-neu.de\/newsroom\/wordpress\/wp-content\/uploads\/2020\/09\/20-09_Logistikzentrum_1_K.jpg\" target=\"_blank\" rel=\"noopener noreferrer\"><img loading=\"lazy\" decoding=\"async\" class=\"aligncenter wp-image-13657 size-medium\" src=\"http:\/\/www.pr-neu.de\/newsroom\/wordpress\/wp-content\/uploads\/2020\/09\/20-09_Logistikzentrum_1_K-300x200.jpg\" alt=\"\" width=\"300\" height=\"200\" srcset=\"https:\/\/www.pr-neu.de\/newsroom\/wordpress\/wp-content\/uploads\/2020\/09\/20-09_Logistikzentrum_1_K-300x200.jpg 300w, https:\/\/www.pr-neu.de\/newsroom\/wordpress\/wp-content\/uploads\/2020\/09\/20-09_Logistikzentrum_1_K-1024x683.jpg 1024w, https:\/\/www.pr-neu.de\/newsroom\/wordpress\/wp-content\/uploads\/2020\/09\/20-09_Logistikzentrum_1_K-768x512.jpg 768w, https:\/\/www.pr-neu.de\/newsroom\/wordpress\/wp-content\/uploads\/2020\/09\/20-09_Logistikzentrum_1_K-1536x1024.jpg 1536w, https:\/\/www.pr-neu.de\/newsroom\/wordpress\/wp-content\/uploads\/2020\/09\/20-09_Logistikzentrum_1_K-2048x1365.jpg 2048w, https:\/\/www.pr-neu.de\/newsroom\/wordpress\/wp-content\/uploads\/2020\/09\/20-09_Logistikzentrum_1_K-110x73.jpg 110w, https:\/\/www.pr-neu.de\/newsroom\/wordpress\/wp-content\/uploads\/2020\/09\/20-09_Logistikzentrum_1_K-420x280.jpg 420w, https:\/\/www.pr-neu.de\/newsroom\/wordpress\/wp-content\/uploads\/2020\/09\/20-09_Logistikzentrum_1_K-645x430.jpg 645w\" sizes=\"auto, (max-width: 300px) 100vw, 300px\" \/><\/a><\/p>\n<p style=\"text-align: center;\">Mit S\u00fcdwest-Gesch\u00e4ftsf\u00fchrer Hans-J\u00f6rg von Rhade (v.l.) freuten sich \u00fcber den guten Bauverlauf des neuen Logistik-Zentrums Hans-Peter May, Gesch\u00e4ftsf\u00fchrer Beteiligungsgesell\u00adschaft der Sparkasse Vorderpfalz, Peter Christ, B\u00fcrgermeister B\u00f6hl-Iggelheim, Landrat Clemens K\u00f6rner, Fatmir Zeqiraj von der Wirtschaftsf\u00f6rderung Rhein-Pfalz-Kreis und Martina Eisel von der Gemeindeverwaltung B\u00f6hl-Iggelheim.<\/p>\n<p>&nbsp;<\/p>\n<p><a href=\"http:\/\/www.pr-neu.de\/newsroom\/wordpress\/wp-content\/uploads\/2020\/09\/20-09_Logistikzentrum_3_K.jpg\" target=\"_blank\" rel=\"noopener noreferrer\"><img loading=\"lazy\" decoding=\"async\" class=\"aligncenter wp-image-13658 size-medium\" src=\"http:\/\/www.pr-neu.de\/newsroom\/wordpress\/wp-content\/uploads\/2020\/09\/20-09_Logistikzentrum_3_K-300x200.jpg\" alt=\"\" width=\"300\" height=\"200\" srcset=\"https:\/\/www.pr-neu.de\/newsroom\/wordpress\/wp-content\/uploads\/2020\/09\/20-09_Logistikzentrum_3_K-300x200.jpg 300w, https:\/\/www.pr-neu.de\/newsroom\/wordpress\/wp-content\/uploads\/2020\/09\/20-09_Logistikzentrum_3_K-1024x683.jpg 1024w, https:\/\/www.pr-neu.de\/newsroom\/wordpress\/wp-content\/uploads\/2020\/09\/20-09_Logistikzentrum_3_K-768x512.jpg 768w, https:\/\/www.pr-neu.de\/newsroom\/wordpress\/wp-content\/uploads\/2020\/09\/20-09_Logistikzentrum_3_K-1536x1024.jpg 1536w, https:\/\/www.pr-neu.de\/newsroom\/wordpress\/wp-content\/uploads\/2020\/09\/20-09_Logistikzentrum_3_K-2048x1365.jpg 2048w, https:\/\/www.pr-neu.de\/newsroom\/wordpress\/wp-content\/uploads\/2020\/09\/20-09_Logistikzentrum_3_K-110x73.jpg 110w, https:\/\/www.pr-neu.de\/newsroom\/wordpress\/wp-content\/uploads\/2020\/09\/20-09_Logistikzentrum_3_K-420x280.jpg 420w, https:\/\/www.pr-neu.de\/newsroom\/wordpress\/wp-content\/uploads\/2020\/09\/20-09_Logistikzentrum_3_K-645x430.jpg 645w\" sizes=\"auto, (max-width: 300px) 100vw, 300px\" \/><\/a><\/p>\n<p style=\"text-align: center;\">Mit S\u00fcdwest-Gesch\u00e4ftsf\u00fchrer Hans-J\u00f6rg von Rhade (v.l.) freuten sich \u00fcber den guten Bauverlauf des neuen Logistik-Zentrums Peter Christ, B\u00fcrgermeister B\u00f6hl-Iggelheim und Landrat Clemens K\u00f6rner.<\/p>\n<p style=\"text-align: center;\">Bilder: S\u00fcdwest<\/p>\n<p>&nbsp;<\/p>\n<hr \/>\n<p>&nbsp;<\/p>\n<p><strong>Fakten\u00fcberblick neues Logistikzentrum<\/strong><\/p>\n<ul>\n<li>seit 2011: kontinuierliche Investitionen im Rahmen des Standortmasterplans f\u00fcr B\u00f6hl-Iggelheim<\/li>\n<li>Dezember 2018: Entscheidung f\u00fcr Neubau f\u00e4llt<\/li>\n<li>Jahresh\u00e4lfte 2019: Information der Nachbarn im Rahmen einer B\u00fcrgerveranstaltung<\/li>\n<li>Dezember 2019: Baubeginn<\/li>\n<li>September 2020: Fertigstellung Rohbau<\/li>\n<li>Erstes Halbjahr 2021: Baufertigstellung<\/li>\n<\/ul>\n<p>&nbsp;<\/p>\n<p><strong>Das 3.200 m\u00b2 gro\u00dfe Logistikzentrum beherbergt:<\/strong><\/p>\n<p>a) B\u00fcrogeb\u00e4udeteil &amp; Versandhalle<\/p>\n<ul>\n<li>B\u00fcros &amp; Technikr\u00e4ume<\/li>\n<li>Versandhalle<\/li>\n<li>Gro\u00dfe Kantine<\/li>\n<\/ul>\n<p>b) Lagerhalle &amp; Logistik<\/p>\n<ul>\n<li>Lagerfl\u00e4che ca. 2.400 m\u00b2 = Bodenplatte 700 m\u00b3 Beton, ca. 90 LKW-Ladungen Beton<\/li>\n<li>Fertigteilbauweise<\/li>\n<li>H\u00f6he ca. 10 m<\/li>\n<\/ul>\n<p>&nbsp;<\/p>\n<p><strong>\u00dcber S\u00fcdwest Lacke + Farben<\/strong><\/p>\n<ul>\n<li>125 Mitarbeiter*innen<\/li>\n<li>davon aktuell 11 Ausbildungspl\u00e4tze in vier Berufen<\/li>\n<li>2020: S\u00dcDWEST von yourfirm.de als \u201eTOP-Arbeitgeber im Mittelstand\u201c ausgezeichnet<\/li>\n<\/ul>\n<p>&nbsp;<\/p>\n<hr \/>\n<p>&nbsp;<\/p>\n<p>Abdruck honorarfrei, Belegexemplar erbeten<\/p>\n","protected":false},"excerpt":{"rendered":"<p>B\u00f6hl-Iggelheim, 25. September 2020. Zur Fertigstellung des Rohbaus des neuen Logistikzentrums von S\u00fcdwest besuchten Landrat Clemens K\u00f6rner und B\u00fcrgermeister Peter Christ das mittelst\u00e4ndische Unternehmen in B\u00f6hl. Empfangen wurden sie von S\u00fcdwest-Gesch\u00e4ftsf\u00fchrer Hans-J\u00f6rg von Rhade. &nbsp; Von weitem ist der Bau des 3.200 Quadratmeter gro\u00dfen Logistikzentrums, das bis zu zehn Meter in die H\u00f6he ragt, bereits [&hellip;]<\/p>\n","protected":false},"author":6,"featured_media":13657,"comment_status":"closed","ping_status":"open","sticky":false,"template":"","format":"standard","meta":{"footnotes":""},"categories":[17],"tags":[],"class_list":["post-13656","post","type-post","status-publish","format-standard","has-post-thumbnail","hentry","category-sudwest"],"_links":{"self":[{"href":"https:\/\/www.pr-neu.de\/newsroom\/wp-json\/wp\/v2\/posts\/13656","targetHints":{"allow":["GET"]}}],"collection":[{"href":"https:\/\/www.pr-neu.de\/newsroom\/wp-json\/wp\/v2\/posts"}],"about":[{"href":"https:\/\/www.pr-neu.de\/newsroom\/wp-json\/wp\/v2\/types\/post"}],"author":[{"embeddable":true,"href":"https:\/\/www.pr-neu.de\/newsroom\/wp-json\/wp\/v2\/users\/6"}],"replies":[{"embeddable":true,"href":"https:\/\/www.pr-neu.de\/newsroom\/wp-json\/wp\/v2\/comments?post=13656"}],"version-history":[{"count":1,"href":"https:\/\/www.pr-neu.de\/newsroom\/wp-json\/wp\/v2\/posts\/13656\/revisions"}],"predecessor-version":[{"id":13659,"href":"https:\/\/www.pr-neu.de\/newsroom\/wp-json\/wp\/v2\/posts\/13656\/revisions\/13659"}],"wp:featuredmedia":[{"embeddable":true,"href":"https:\/\/www.pr-neu.de\/newsroom\/wp-json\/wp\/v2\/media\/13657"}],"wp:attachment":[{"href":"https:\/\/www.pr-neu.de\/newsroom\/wp-json\/wp\/v2\/media?parent=13656"}],"wp:term":[{"taxonomy":"category","embeddable":true,"href":"https:\/\/www.pr-neu.de\/newsroom\/wp-json\/wp\/v2\/categories?post=13656"},{"taxonomy":"post_tag","embeddable":true,"href":"https:\/\/www.pr-neu.de\/newsroom\/wp-json\/wp\/v2\/tags?post=13656"}],"curies":[{"name":"wp","href":"https:\/\/api.w.org\/{rel}","templated":true}]}}