{"id":13645,"date":"2020-09-10T06:00:27","date_gmt":"2020-09-10T04:00:27","guid":{"rendered":"http:\/\/www.pr-neu.de\/newsroom\/?p=13645"},"modified":"2020-09-09T12:02:39","modified_gmt":"2020-09-09T10:02:39","slug":"unsichtbare-geschichte-der-burgmuehlengraben-unter-braunschweig","status":"publish","type":"post","link":"https:\/\/www.pr-neu.de\/newsroom\/unsichtbare-geschichte-der-burgmuehlengraben-unter-braunschweig\/","title":{"rendered":"Unsichtbare Geschichte: Der Burgm\u00fchlengraben unter Braunschweig"},"content":{"rendered":"<p><strong>\u00a013.9.2020: Tag des offenen Denkmals<\/strong><\/p>\n<p>Video der Stadtentw\u00e4sserung Braunschweig zeigt historischen Kanal<\/p>\n<p>Braunschweig, 10. September 2020. Der \u201eTag des offenen Denkmals\u201c wird bundesweit von der \u201eDeutsche Stiftung Denkmalschutz\u201c organisiert und findet am zweiten Sonntag im September statt \u2013 in diesem Jahr ist das der 13.09. Doch gilt selbstverst\u00e4ndlich auch hier: So wie bislang l\u00e4sst sich dieser nicht durchf\u00fchren. \u201eWir wollen den Tag nicht ausfallen lassen, also setzen auch wir auf Digitalisierung\u201c, erz\u00e4hlt Walter Dr\u00f6ge, Ortskurator der Stiftung f\u00fcr Braunschweig \u201eund so freuen wir uns, dass wir zum Aktionstag zwar kein Denkmal in natura zeigen, aber ein ganz besonderes Braunschweiger Bauwerk in einem Video vorstellen k\u00f6nnen.\u201c<\/p>\n<p>Der Burgm\u00fchlengraben liegt versteckt unter Braunschweig und hat eine lange Geschichte. Zum Denkmaltag stellt die Stadtentw\u00e4sserung Braunschweig GmbH (SE|BS) dieses ungew\u00f6hnliche Bauwerk vor. In dem Video erl\u00e4utert Wolfgang Ernst, Experte f\u00fcr Braunschweigs Unterwelt, die Entstehungsgeschichte des Kanals und auch, wie er unter die Erde kam. \u201eBis Mitte des 19. Jahrhunderts erfolgte der Wasserlauf oberirdisch \u2013 inklusive des Abwassertransports. Erst ab 1870 startete die Verlegung unter die Erde\u201c, erkl\u00e4rt Ernst die Historie. Mit aufw\u00e4ndigen Recherchen hat er die einzelnen Daten aus den Archiven der Stadt zusammengetragen. \u201eDie Stadt hat damals die Grundst\u00fccke verkauft, die durch die Verlegung des Grabens unter die Erde entstanden \u2013 und so den Kanalbau finanziert. Deshalb verl\u00e4uft der Burgm\u00fchlengraben aber auch heute noch unter zahlreichen Geb\u00e4uden, die mit einem standfesten Gew\u00f6lbe zu bauen waren.\u201c F\u00fcr seine Nachforschungen kletterte Ernst sogar in die Kan\u00e4le hinab. Da diese zum Teil nur eine H\u00f6he von etwa 1,14 Meter haben, eine durchaus anstrengende Aufgabe. \u201eToll, dass mich die Stadtentw\u00e4sserung Braunschweig dabei so pragmatisch unterst\u00fctzt hat\u201c. Etwa auf H\u00f6he der Jugendherberge tritt der Graben wieder an die Oberfl\u00e4che, am Zusammenfluss von Burgm\u00fchlen- und Wendengraben. Die dortige alte Stautoranlage stand unter Denkmalschutz \u201ewobei die heutige Nachbildung des ehemaligen Mundlochs ein blindes Auslaufbauwerk ist\u201c, res\u00fcmiert Ernst.<\/p>\n<p>Das Video zum Burgm\u00fchlengraben geht am Tag des offenen Denkmals online und kann daher ab Sonntag, 13. September, auf der Internetseite \u201etag-des-offenen-denkmals.de\u201c abgerufen werden.<\/p>\n<p>&nbsp;<\/p>\n<hr \/>\n<p>&nbsp;<\/p>\n<p>Direktlink zum Video:<br \/>\n<a href=\"https:\/\/tag-des-offenen-denkmals.de\/veranstaltungen\/braunschweigs-unterwelt-der-burgmuehlengraben\" target=\"_blank\" rel=\"noopener noreferrer\">https:\/\/tag-des-offenen-denkmals.de\/veranstaltungen\/braunschweigs-unterwelt-der-burgmuehlengraben\u00a0<\/a><\/p>\n<p>&nbsp;<\/p>\n<p style=\"text-align: center;\"><a href=\"http:\/\/www.pr-neu.de\/newsroom\/wordpress\/wp-content\/uploads\/2020\/09\/20-11_Tag_des_offenen_Denkmals_1_K.jpg\" target=\"_blank\" rel=\"noopener noreferrer\"><img loading=\"lazy\" decoding=\"async\" class=\"aligncenter wp-image-13646 size-medium\" src=\"http:\/\/www.pr-neu.de\/newsroom\/wordpress\/wp-content\/uploads\/2020\/09\/20-11_Tag_des_offenen_Denkmals_1_K-300x225.jpg\" alt=\"\" width=\"300\" height=\"225\" srcset=\"https:\/\/www.pr-neu.de\/newsroom\/wordpress\/wp-content\/uploads\/2020\/09\/20-11_Tag_des_offenen_Denkmals_1_K-300x225.jpg 300w, https:\/\/www.pr-neu.de\/newsroom\/wordpress\/wp-content\/uploads\/2020\/09\/20-11_Tag_des_offenen_Denkmals_1_K-1024x768.jpg 1024w, https:\/\/www.pr-neu.de\/newsroom\/wordpress\/wp-content\/uploads\/2020\/09\/20-11_Tag_des_offenen_Denkmals_1_K-768x576.jpg 768w, https:\/\/www.pr-neu.de\/newsroom\/wordpress\/wp-content\/uploads\/2020\/09\/20-11_Tag_des_offenen_Denkmals_1_K-1536x1152.jpg 1536w, https:\/\/www.pr-neu.de\/newsroom\/wordpress\/wp-content\/uploads\/2020\/09\/20-11_Tag_des_offenen_Denkmals_1_K-2048x1536.jpg 2048w, https:\/\/www.pr-neu.de\/newsroom\/wordpress\/wp-content\/uploads\/2020\/09\/20-11_Tag_des_offenen_Denkmals_1_K-110x83.jpg 110w, https:\/\/www.pr-neu.de\/newsroom\/wordpress\/wp-content\/uploads\/2020\/09\/20-11_Tag_des_offenen_Denkmals_1_K-420x315.jpg 420w, https:\/\/www.pr-neu.de\/newsroom\/wordpress\/wp-content\/uploads\/2020\/09\/20-11_Tag_des_offenen_Denkmals_1_K-573x430.jpg 573w\" sizes=\"auto, (max-width: 300px) 100vw, 300px\" \/><\/a><\/p>\n<p style=\"text-align: center;\">Ein Originalst\u00fcck des Burgm\u00fchlengrabens steht am Kl\u00e4rwerk Steinhof.<br \/>\nBild: Ernst<\/p>\n<p>&nbsp;<\/p>\n<p style=\"text-align: center;\"><a href=\"http:\/\/www.pr-neu.de\/newsroom\/wordpress\/wp-content\/uploads\/2020\/09\/20-11_Tag_des_offenen_Denkmals_2_K.jpg\" target=\"_blank\" rel=\"noopener noreferrer\"><img loading=\"lazy\" decoding=\"async\" class=\"aligncenter wp-image-13647 size-medium\" src=\"http:\/\/www.pr-neu.de\/newsroom\/wordpress\/wp-content\/uploads\/2020\/09\/20-11_Tag_des_offenen_Denkmals_2_K-300x225.jpg\" alt=\"\" width=\"300\" height=\"225\" srcset=\"https:\/\/www.pr-neu.de\/newsroom\/wordpress\/wp-content\/uploads\/2020\/09\/20-11_Tag_des_offenen_Denkmals_2_K-300x225.jpg 300w, https:\/\/www.pr-neu.de\/newsroom\/wordpress\/wp-content\/uploads\/2020\/09\/20-11_Tag_des_offenen_Denkmals_2_K-1024x768.jpg 1024w, https:\/\/www.pr-neu.de\/newsroom\/wordpress\/wp-content\/uploads\/2020\/09\/20-11_Tag_des_offenen_Denkmals_2_K-768x576.jpg 768w, https:\/\/www.pr-neu.de\/newsroom\/wordpress\/wp-content\/uploads\/2020\/09\/20-11_Tag_des_offenen_Denkmals_2_K-1536x1153.jpg 1536w, https:\/\/www.pr-neu.de\/newsroom\/wordpress\/wp-content\/uploads\/2020\/09\/20-11_Tag_des_offenen_Denkmals_2_K-2048x1537.jpg 2048w, https:\/\/www.pr-neu.de\/newsroom\/wordpress\/wp-content\/uploads\/2020\/09\/20-11_Tag_des_offenen_Denkmals_2_K-110x83.jpg 110w, https:\/\/www.pr-neu.de\/newsroom\/wordpress\/wp-content\/uploads\/2020\/09\/20-11_Tag_des_offenen_Denkmals_2_K-420x315.jpg 420w, https:\/\/www.pr-neu.de\/newsroom\/wordpress\/wp-content\/uploads\/2020\/09\/20-11_Tag_des_offenen_Denkmals_2_K-573x430.jpg 573w\" sizes=\"auto, (max-width: 300px) 100vw, 300px\" \/><\/a><br \/>\nWolfgang Ernst bei einem \u201eGang\u201c durch den Burgm\u00fchlengraben.<br \/>\nBild: Ernst<\/p>\n<p>&nbsp;<\/p>\n<hr \/>\n<p>&nbsp;<\/p>\n<p><strong>SE|BS-Pressestelle<\/strong><br \/>\npr neu \u2013 gedacht<\/p>\n<p>Telefon: 05307 80093 \u2013 80<br \/>\nFax: 05307 80093 \u2013 69<br \/>\nE-Mail: &#105;&#x6e;f&#x6f;&#x40;&#112;&#x72;-&#110;&#x65;&#117;&#x2e;d&#101;<br \/>\nInternet: www.pr-neu.de<\/p>\n","protected":false},"excerpt":{"rendered":"<p>\u00a013.9.2020: Tag des offenen Denkmals Video der Stadtentw\u00e4sserung Braunschweig zeigt historischen Kanal Braunschweig, 10. September 2020. Der \u201eTag des offenen Denkmals\u201c wird bundesweit von der \u201eDeutsche Stiftung Denkmalschutz\u201c organisiert und findet am zweiten Sonntag im September statt \u2013 in diesem Jahr ist das der 13.09. Doch gilt selbstverst\u00e4ndlich auch hier: So wie bislang l\u00e4sst sich [&hellip;]<\/p>\n","protected":false},"author":6,"featured_media":13647,"comment_status":"closed","ping_status":"open","sticky":false,"template":"","format":"standard","meta":{"footnotes":""},"categories":[1517],"tags":[],"class_list":["post-13645","post","type-post","status-publish","format-standard","has-post-thumbnail","hentry","category-sebs"],"_links":{"self":[{"href":"https:\/\/www.pr-neu.de\/newsroom\/wp-json\/wp\/v2\/posts\/13645","targetHints":{"allow":["GET"]}}],"collection":[{"href":"https:\/\/www.pr-neu.de\/newsroom\/wp-json\/wp\/v2\/posts"}],"about":[{"href":"https:\/\/www.pr-neu.de\/newsroom\/wp-json\/wp\/v2\/types\/post"}],"author":[{"embeddable":true,"href":"https:\/\/www.pr-neu.de\/newsroom\/wp-json\/wp\/v2\/users\/6"}],"replies":[{"embeddable":true,"href":"https:\/\/www.pr-neu.de\/newsroom\/wp-json\/wp\/v2\/comments?post=13645"}],"version-history":[{"count":6,"href":"https:\/\/www.pr-neu.de\/newsroom\/wp-json\/wp\/v2\/posts\/13645\/revisions"}],"predecessor-version":[{"id":13653,"href":"https:\/\/www.pr-neu.de\/newsroom\/wp-json\/wp\/v2\/posts\/13645\/revisions\/13653"}],"wp:featuredmedia":[{"embeddable":true,"href":"https:\/\/www.pr-neu.de\/newsroom\/wp-json\/wp\/v2\/media\/13647"}],"wp:attachment":[{"href":"https:\/\/www.pr-neu.de\/newsroom\/wp-json\/wp\/v2\/media?parent=13645"}],"wp:term":[{"taxonomy":"category","embeddable":true,"href":"https:\/\/www.pr-neu.de\/newsroom\/wp-json\/wp\/v2\/categories?post=13645"},{"taxonomy":"post_tag","embeddable":true,"href":"https:\/\/www.pr-neu.de\/newsroom\/wp-json\/wp\/v2\/tags?post=13645"}],"curies":[{"name":"wp","href":"https:\/\/api.w.org\/{rel}","templated":true}]}}