{"id":13632,"date":"2020-08-17T11:09:03","date_gmt":"2020-08-17T09:09:03","guid":{"rendered":"http:\/\/www.pr-neu.de\/newsroom\/?p=13632"},"modified":"2020-08-17T11:09:03","modified_gmt":"2020-08-17T09:09:03","slug":"tapeten-zum-blaettern","status":"publish","type":"post","link":"https:\/\/www.pr-neu.de\/newsroom\/tapeten-zum-blaettern\/","title":{"rendered":"Tapeten zum Bl\u00e4ttern"},"content":{"rendered":"<p><!--MBNHE--><\/p>\n<p><span style=\"font-size: medium;\"><u><span style=\"font-size: 12pt;\">Neue Brosch\u00fcre von Sto: Wand- und Deckenbel\u00e4ge<\/span><\/u><\/span><\/p>\n<p>Strapazierf\u00e4hig oder dekorativ, glatt oder mit Relief, zur\u00fcck\u00adhaltend oder effektvoll \u2013 Wand- und Deckenbel\u00e4ge gibt es in einer weiten Bandbreite. Bei der Wahl hilft jetzt die neue Brosch\u00fcre \u201eWand- und Deckenbel\u00e4ge\u201c von Sto. Neben der gro\u00dfen Zahl an Tapeten und Wandbel\u00e4gen werden hier auch die dazugeh\u00f6rigen Systemkomponenten vorgestellt, vom Kleber bis zur Innenfarbe. So wird die zwanzigseitige Brosch\u00fcre zum Systemratgeber. Zu StoTap-Vliesen, StoTex-Glasdekogeweben sowie der Relieftapete StoTap Infinity lassen sich einfach die jeweils optimal abgestimmten weiteren Kompo\u00adnenten finden. Die Brosch\u00fcre gibt es kostenlos als Download im Media-Center auf <a href=\"http:\/\/www.sto.de\/\">www.sto.de<\/a> oder \u00fcber <a href=\"&#x6d;&#97;&#105;&#x6c;&#x74;&#111;&#58;&#x69;&#x6e;&#102;&#111;&#x73;&#x65;&#114;&#118;&#x69;&#x63;&#101;&#64;&#x73;&#x74;&#111;&#46;&#x63;&#x6f;&#109;\">&#x69;n&#x66;&#111;&#x73;&#x65;r&#x76;&#105;&#x63;&#x65;&#64;&#x73;&#116;&#x6f;&#x2e;c&#x6f;&#109;<\/a>.<\/p>\n<p>&nbsp;<\/p>\n<hr \/>\n<p>&nbsp;<\/p>\n<p><a href=\"http:\/\/www.pr-neu.de\/newsroom\/wordpress\/wp-content\/uploads\/2020\/08\/20-31-Broschuere-Wandbelaege_1-scaled.jpg\" target=\"_blank\" rel=\"noopener noreferrer\"><img loading=\"lazy\" decoding=\"async\" class=\"aligncenter wp-image-13633 size-medium\" src=\"http:\/\/www.pr-neu.de\/newsroom\/wordpress\/wp-content\/uploads\/2020\/08\/20-31-Broschuere-Wandbelaege_1-212x300.jpg\" alt=\"\" width=\"212\" height=\"300\" srcset=\"https:\/\/www.pr-neu.de\/newsroom\/wordpress\/wp-content\/uploads\/2020\/08\/20-31-Broschuere-Wandbelaege_1-212x300.jpg 212w, https:\/\/www.pr-neu.de\/newsroom\/wordpress\/wp-content\/uploads\/2020\/08\/20-31-Broschuere-Wandbelaege_1-724x1024.jpg 724w, https:\/\/www.pr-neu.de\/newsroom\/wordpress\/wp-content\/uploads\/2020\/08\/20-31-Broschuere-Wandbelaege_1-768x1086.jpg 768w, https:\/\/www.pr-neu.de\/newsroom\/wordpress\/wp-content\/uploads\/2020\/08\/20-31-Broschuere-Wandbelaege_1-1086x1536.jpg 1086w, https:\/\/www.pr-neu.de\/newsroom\/wordpress\/wp-content\/uploads\/2020\/08\/20-31-Broschuere-Wandbelaege_1-1448x2048.jpg 1448w, https:\/\/www.pr-neu.de\/newsroom\/wordpress\/wp-content\/uploads\/2020\/08\/20-31-Broschuere-Wandbelaege_1-78x110.jpg 78w, https:\/\/www.pr-neu.de\/newsroom\/wordpress\/wp-content\/uploads\/2020\/08\/20-31-Broschuere-Wandbelaege_1-297x420.jpg 297w, https:\/\/www.pr-neu.de\/newsroom\/wordpress\/wp-content\/uploads\/2020\/08\/20-31-Broschuere-Wandbelaege_1-304x430.jpg 304w, https:\/\/www.pr-neu.de\/newsroom\/wordpress\/wp-content\/uploads\/2020\/08\/20-31-Broschuere-Wandbelaege_1-scaled.jpg 1810w\" sizes=\"auto, (max-width: 212px) 100vw, 212px\" \/><\/a><\/p>\n<p style=\"text-align: center;\">Neue Brosch\u00fcre von Sto: Wand- und Deckenbel\u00e4ge.<br \/>\nFoto: Sto SE &amp; Co. KGaA<\/p>\n<p>&nbsp;<\/p>\n<hr \/>\n<p>&nbsp;<\/p>\n<p>Abdruck honorarfrei, Belegexemplar erbeten<\/p>\n","protected":false},"excerpt":{"rendered":"<p>Neue Brosch\u00fcre von Sto: Wand- und Deckenbel\u00e4ge Strapazierf\u00e4hig oder dekorativ, glatt oder mit Relief, zur\u00fcck\u00adhaltend oder effektvoll \u2013 Wand- und Deckenbel\u00e4ge gibt es in einer weiten Bandbreite. Bei der Wahl hilft jetzt die neue Brosch\u00fcre \u201eWand- und Deckenbel\u00e4ge\u201c von Sto. Neben der gro\u00dfen Zahl an Tapeten und Wandbel\u00e4gen werden hier auch die dazugeh\u00f6rigen Systemkomponenten vorgestellt, [&hellip;]<\/p>\n","protected":false},"author":6,"featured_media":13634,"comment_status":"closed","ping_status":"open","sticky":false,"template":"","format":"standard","meta":{"footnotes":""},"categories":[15],"tags":[],"class_list":["post-13632","post","type-post","status-publish","format-standard","has-post-thumbnail","hentry","category-sto"],"_links":{"self":[{"href":"https:\/\/www.pr-neu.de\/newsroom\/wp-json\/wp\/v2\/posts\/13632","targetHints":{"allow":["GET"]}}],"collection":[{"href":"https:\/\/www.pr-neu.de\/newsroom\/wp-json\/wp\/v2\/posts"}],"about":[{"href":"https:\/\/www.pr-neu.de\/newsroom\/wp-json\/wp\/v2\/types\/post"}],"author":[{"embeddable":true,"href":"https:\/\/www.pr-neu.de\/newsroom\/wp-json\/wp\/v2\/users\/6"}],"replies":[{"embeddable":true,"href":"https:\/\/www.pr-neu.de\/newsroom\/wp-json\/wp\/v2\/comments?post=13632"}],"version-history":[{"count":1,"href":"https:\/\/www.pr-neu.de\/newsroom\/wp-json\/wp\/v2\/posts\/13632\/revisions"}],"predecessor-version":[{"id":13635,"href":"https:\/\/www.pr-neu.de\/newsroom\/wp-json\/wp\/v2\/posts\/13632\/revisions\/13635"}],"wp:featuredmedia":[{"embeddable":true,"href":"https:\/\/www.pr-neu.de\/newsroom\/wp-json\/wp\/v2\/media\/13634"}],"wp:attachment":[{"href":"https:\/\/www.pr-neu.de\/newsroom\/wp-json\/wp\/v2\/media?parent=13632"}],"wp:term":[{"taxonomy":"category","embeddable":true,"href":"https:\/\/www.pr-neu.de\/newsroom\/wp-json\/wp\/v2\/categories?post=13632"},{"taxonomy":"post_tag","embeddable":true,"href":"https:\/\/www.pr-neu.de\/newsroom\/wp-json\/wp\/v2\/tags?post=13632"}],"curies":[{"name":"wp","href":"https:\/\/api.w.org\/{rel}","templated":true}]}}