{"id":13613,"date":"2020-08-11T10:24:13","date_gmt":"2020-08-11T08:24:13","guid":{"rendered":"http:\/\/www.pr-neu.de\/newsroom\/?p=13613"},"modified":"2020-08-11T10:24:25","modified_gmt":"2020-08-11T08:24:25","slug":"wasserwerkstatt-sauberer-wasserkreislauf","status":"publish","type":"post","link":"https:\/\/www.pr-neu.de\/newsroom\/wasserwerkstatt-sauberer-wasserkreislauf\/","title":{"rendered":"Wasserwerkstatt: Sauberer Wasserkreislauf"},"content":{"rendered":"<p><span style=\"font-family: 'Arial','sans-serif';\">Stadtentw\u00e4sserung Braunschweig GmbH (SE|BS) reinigt Zisternen der Freien Schule \/ Langj\u00e4hrige Partnerschaft <\/span><\/p>\n<p><strong><u><span style=\"font-family: 'Arial','sans-serif';\">Braunschweig, 11. August 2020<\/span><\/u><\/strong><span style=\"font-family: 'Arial','sans-serif';\"> Zwei unterirdische Zisternen sind seit 20 Jahren das \u201everborgene Herz\u201c der Wasserwerkstatt der Freien Schule: Hier sammelt sich Regenwasser vom Dach und aus der Wasserlandschaft, in der die Grundsch\u00fcler spielerisch das Thema \u201eWasserkreislauf\u201c kennen lernen. Nun steht die Sanierung der Au\u00dfenanlage an, dabei kam es nun zur Reinigung und Inspektion der rund 20 Kubikmeter gro\u00dfen Wasserspeicher. Pragmatisch und unb\u00fcrokratisch half die Stadtentw\u00e4sserung Braunschweig (SE|BS): Sie r\u00fcckte mit dem gro\u00dfen Saug- und Sp\u00fclwagen an und pumpte mit dem Spezialfahrzeug zun\u00e4chst die Beh\u00e4lter leer. Das Zisternen-Wasser bekam gleich wieder eine sinnvolle Verwendung \u2013 und wurde in den Schulteich geleitet. Anschlie\u00dfend stieg SE|BS-Profi Uwe Otte in die Unterwelt hinab und sorgte daf\u00fcr, dass auch die Ablagerungen aus der Zisterne kamen. Zugleich pr\u00fcfte er Boden und W\u00e4nde auf Risse und Leckagen \u2013 gl\u00fccklicherweise ohne etwas zu finden.<\/span><\/p>\n<p><span style=\"font-family: 'Arial','sans-serif';\">\u201eWir f\u00f6rdern seit vielen Jahren die Umweltbildung bei Grundsch\u00fclern und freuen uns sehr, dass hier diese tolle M\u00f6glichkeit besteht, den Kindern den Wasserkreislauf und den Wert von Wasser n\u00e4her zu bringen\u201c, erkl\u00e4rte Umweltp\u00e4dagogin Ina Patricia Rieger von der SE|BS, \u201eund f\u00fcr diese spezielle Aufgabe sind unsere Teams die idealen Spezialisten\u201c. Nach der langen Nutzzeit von rund 20 Jahren hatten die Profis zwar mit mehr Schlamm am Boden gerechnet, aber die Reinigung hat sich auch so gelohnt: Nun ist die Wasserwerkstatt der Freien Schule wieder optimal ger\u00fcstet \u2013 auch wenn noch nicht alle Sanierungsschritte umgesetzt sind. Die Schule plant zudem, das Lernangebot um Inhalte zum Klimawandel zu erweitern.<\/span><\/p>\n<p><span style=\"font-family: 'Arial','sans-serif';\">Seit 2008 bietet die SE|BS Workshops f\u00fcr Grundschulen rund um die Themen Wasser und Energie an. Auch mit der Freien Schule besteht eine langj\u00e4hrige Kooperation. \u201eKinder sind wichtige Umweltbotschafter: Sie geben ihre Erfahrung und ihr Wissen gern an ihre Familienangeh\u00f6rigen weiter\u201c, meint Ina Rieger.<\/span><\/p>\n<p>&nbsp;<\/p>\n<hr \/>\n<p>&nbsp;<\/p>\n<p><a href=\"http:\/\/www.pr-neu.de\/newsroom\/wordpress\/wp-content\/uploads\/2020\/08\/20-09-Zisterne_1.jpg\" target=\"_blank\" rel=\"noopener noreferrer\"><img loading=\"lazy\" decoding=\"async\" class=\"aligncenter wp-image-13615 size-medium\" src=\"http:\/\/www.pr-neu.de\/newsroom\/wordpress\/wp-content\/uploads\/2020\/08\/20-09-Zisterne_1-300x219.jpg\" alt=\"\" width=\"300\" height=\"219\" srcset=\"https:\/\/www.pr-neu.de\/newsroom\/wordpress\/wp-content\/uploads\/2020\/08\/20-09-Zisterne_1-300x219.jpg 300w, https:\/\/www.pr-neu.de\/newsroom\/wordpress\/wp-content\/uploads\/2020\/08\/20-09-Zisterne_1-1024x749.jpg 1024w, https:\/\/www.pr-neu.de\/newsroom\/wordpress\/wp-content\/uploads\/2020\/08\/20-09-Zisterne_1-768x562.jpg 768w, https:\/\/www.pr-neu.de\/newsroom\/wordpress\/wp-content\/uploads\/2020\/08\/20-09-Zisterne_1-1536x1123.jpg 1536w, https:\/\/www.pr-neu.de\/newsroom\/wordpress\/wp-content\/uploads\/2020\/08\/20-09-Zisterne_1-2048x1498.jpg 2048w, https:\/\/www.pr-neu.de\/newsroom\/wordpress\/wp-content\/uploads\/2020\/08\/20-09-Zisterne_1-110x80.jpg 110w, https:\/\/www.pr-neu.de\/newsroom\/wordpress\/wp-content\/uploads\/2020\/08\/20-09-Zisterne_1-420x307.jpg 420w, https:\/\/www.pr-neu.de\/newsroom\/wordpress\/wp-content\/uploads\/2020\/08\/20-09-Zisterne_1-588x430.jpg 588w\" sizes=\"auto, (max-width: 300px) 100vw, 300px\" \/><\/a><\/p>\n<p style=\"text-align: center;\"><span style=\"font-family: 'Arial','sans-serif';\">Kennt die Arbeit \u201eunter Tage\u201c: SE|BS-Profi Uwe Otte stieg in<br \/>\ndie Zisterne hinab, um ihren Boden vom Schlamm zu befreien<br \/>\nund die H\u00fclle auf Lecks zu untersuchen.<br \/>\nFoto: SE|BS \/ Peter Sierigk<\/span><\/p>\n<p>&nbsp;<\/p>\n<p><a href=\"http:\/\/www.pr-neu.de\/newsroom\/wordpress\/wp-content\/uploads\/2020\/08\/20-09-Zisterne_2.jpg\" target=\"_blank\" rel=\"noopener noreferrer\"><img loading=\"lazy\" decoding=\"async\" class=\"aligncenter wp-image-13614 size-medium\" src=\"http:\/\/www.pr-neu.de\/newsroom\/wordpress\/wp-content\/uploads\/2020\/08\/20-09-Zisterne_2-300x200.jpg\" alt=\"\" width=\"300\" height=\"200\" srcset=\"https:\/\/www.pr-neu.de\/newsroom\/wordpress\/wp-content\/uploads\/2020\/08\/20-09-Zisterne_2-300x200.jpg 300w, https:\/\/www.pr-neu.de\/newsroom\/wordpress\/wp-content\/uploads\/2020\/08\/20-09-Zisterne_2-1024x683.jpg 1024w, https:\/\/www.pr-neu.de\/newsroom\/wordpress\/wp-content\/uploads\/2020\/08\/20-09-Zisterne_2-768x512.jpg 768w, https:\/\/www.pr-neu.de\/newsroom\/wordpress\/wp-content\/uploads\/2020\/08\/20-09-Zisterne_2-1536x1024.jpg 1536w, https:\/\/www.pr-neu.de\/newsroom\/wordpress\/wp-content\/uploads\/2020\/08\/20-09-Zisterne_2-2048x1365.jpg 2048w, https:\/\/www.pr-neu.de\/newsroom\/wordpress\/wp-content\/uploads\/2020\/08\/20-09-Zisterne_2-110x73.jpg 110w, https:\/\/www.pr-neu.de\/newsroom\/wordpress\/wp-content\/uploads\/2020\/08\/20-09-Zisterne_2-420x280.jpg 420w, https:\/\/www.pr-neu.de\/newsroom\/wordpress\/wp-content\/uploads\/2020\/08\/20-09-Zisterne_2-645x430.jpg 645w\" sizes=\"auto, (max-width: 300px) 100vw, 300px\" \/><\/a><\/p>\n<p style=\"text-align: center;\"><span style=\"font-family: 'Arial','sans-serif';\">Pragmatische Hilfe: Damit die Wasserwerkstatt der Freien Schule<br \/>\nwieder mit einer sauberen Zisterne l\u00e4uft, organisierten Regina Bornhak<br \/>\n(Freie Schule, 2.v.r.), Tanja Rudahl (Elternverein, r.) und Ina Patricia<br \/>\nRieger (SE|BS, 3. V. r.) den Saug- und Sp\u00fclwagen mit dem SE|BS-<br \/>\nTechniker-Team Vincent Otte (l.) und Uwe Otte (3.v.l.). Zur Termin<br \/>\nkam auch der \u201eVater\u201c der Wasserwerkstatt, Prof. Joseph H\u00f6lscher<br \/>\n(2.v.l.): Er hat die Anlage vor mehr als 20 Jahren projektiert und<br \/>\nden Bau damals begleitet.<br \/>\nFoto: SE|BS \/ Peter Sierigk<\/span><\/p>\n<p>&nbsp;<\/p>\n<hr \/>\n<p>&nbsp;<\/p>\n<p><strong>SE|BS-Pressestelle<\/strong><br \/>\npr neu &#8211; gedacht<\/p>\n<p>Telefon: 05307 80093 \u2013 80<br \/>\nFax: 05307 80093 \u2013 69<br \/>\nE-Mail: &#x69;&#x6e;&#x66;&#x6f;&#x40;&#x70;&#x72;&#45;&#110;&#101;&#117;&#46;de<br \/>\nInternet: www.pr-neu.de<\/p>\n","protected":false},"excerpt":{"rendered":"<p>Stadtentw\u00e4sserung Braunschweig GmbH (SE|BS) reinigt Zisternen der Freien Schule \/ Langj\u00e4hrige Partnerschaft Braunschweig, 11. August 2020 Zwei unterirdische Zisternen sind seit 20 Jahren das \u201everborgene Herz\u201c der Wasserwerkstatt der Freien Schule: Hier sammelt sich Regenwasser vom Dach und aus der Wasserlandschaft, in der die Grundsch\u00fcler spielerisch das Thema \u201eWasserkreislauf\u201c kennen lernen. Nun steht die Sanierung [&hellip;]<\/p>\n","protected":false},"author":6,"featured_media":13615,"comment_status":"closed","ping_status":"open","sticky":false,"template":"","format":"standard","meta":{"footnotes":""},"categories":[1517],"tags":[],"class_list":["post-13613","post","type-post","status-publish","format-standard","has-post-thumbnail","hentry","category-sebs"],"_links":{"self":[{"href":"https:\/\/www.pr-neu.de\/newsroom\/wp-json\/wp\/v2\/posts\/13613","targetHints":{"allow":["GET"]}}],"collection":[{"href":"https:\/\/www.pr-neu.de\/newsroom\/wp-json\/wp\/v2\/posts"}],"about":[{"href":"https:\/\/www.pr-neu.de\/newsroom\/wp-json\/wp\/v2\/types\/post"}],"author":[{"embeddable":true,"href":"https:\/\/www.pr-neu.de\/newsroom\/wp-json\/wp\/v2\/users\/6"}],"replies":[{"embeddable":true,"href":"https:\/\/www.pr-neu.de\/newsroom\/wp-json\/wp\/v2\/comments?post=13613"}],"version-history":[{"count":2,"href":"https:\/\/www.pr-neu.de\/newsroom\/wp-json\/wp\/v2\/posts\/13613\/revisions"}],"predecessor-version":[{"id":13617,"href":"https:\/\/www.pr-neu.de\/newsroom\/wp-json\/wp\/v2\/posts\/13613\/revisions\/13617"}],"wp:featuredmedia":[{"embeddable":true,"href":"https:\/\/www.pr-neu.de\/newsroom\/wp-json\/wp\/v2\/media\/13615"}],"wp:attachment":[{"href":"https:\/\/www.pr-neu.de\/newsroom\/wp-json\/wp\/v2\/media?parent=13613"}],"wp:term":[{"taxonomy":"category","embeddable":true,"href":"https:\/\/www.pr-neu.de\/newsroom\/wp-json\/wp\/v2\/categories?post=13613"},{"taxonomy":"post_tag","embeddable":true,"href":"https:\/\/www.pr-neu.de\/newsroom\/wp-json\/wp\/v2\/tags?post=13613"}],"curies":[{"name":"wp","href":"https:\/\/api.w.org\/{rel}","templated":true}]}}