{"id":13568,"date":"2020-07-16T08:52:08","date_gmt":"2020-07-16T06:52:08","guid":{"rendered":"http:\/\/www.pr-neu.de\/newsroom\/?p=13568"},"modified":"2020-08-17T09:13:25","modified_gmt":"2020-08-17T07:13:25","slug":"ab-20-juli-sperrung-alte-frankfurter-strasse","status":"publish","type":"post","link":"https:\/\/www.pr-neu.de\/newsroom\/ab-20-juli-sperrung-alte-frankfurter-strasse\/","title":{"rendered":"Ab 20. Juli: Sperrung Alte Frankfurter Stra\u00dfe"},"content":{"rendered":"<p><strong>Braunschweig, 16.07.2020<\/strong> Aufgrund von Kanalarbeiten wird die Alte Frankfurter Stra\u00dfe in der Woche vom 20. bis 24. Juli 2020 stadtausw\u00e4rts gesperrt. Dies betrifft den Abschnitt Marienberger Stra\u00dfe bis Friedrich-Seele-Stra\u00dfe. Die Strecke stadteinw\u00e4rts bleibt befahrbar. Stadtausw\u00e4rts wird der Verkehr \u00fcber Friedrich-Seele-Stra\u00dfe, Donaustra\u00dfe und Westerbergstra\u00dfe umgeleitet. Die Umleitung ist ausgeschildert.<\/p>\n<p>Auch der Busverkehr stadtausw\u00e4rts wird umgeleitet, die Haltestellen Am Klosterkamp, Friedrich-Seele-Stra\u00dfe, Marienberger Stra\u00dfe, Im Seumel und Rh\u00f6nweg stehen in dieser Woche nicht zur Verf\u00fcgung. \u00dcber die konkreten \u00c4nderungen im \u00d6PNV informiert die Braunschweiger Verkehrs-GmbH auf Ihrer Website (www.verkehr-bs.de).<\/p>\n<p>F\u00fcr die Einschr\u00e4nkungen bittet die Stadtentw\u00e4sserung Braunschweig (SE|BS) um Verst\u00e4ndnis.<\/p>\n<p>&nbsp;<\/p>\n<hr \/>\n<p>&nbsp;<\/p>\n<p><strong>SE|BS-Pressestelle<\/strong><br \/>\npr neu \u2013 gedacht<\/p>\n<p>Telefon: 05307 80093 \u2013 80<br \/>\nFax: 05307 80093 \u2013 69<br \/>\nE-Mail: i&#110;&#102;&#x6f;&#x40;pr&#45;&#110;&#x65;&#x75;&#46;d&#101;<br \/>\nInternet: www.pr-neu.de<\/p>\n","protected":false},"excerpt":{"rendered":"<p>Braunschweig, 16.07.2020 Aufgrund von Kanalarbeiten wird die Alte Frankfurter Stra\u00dfe in der Woche vom 20. bis 24. Juli 2020 stadtausw\u00e4rts gesperrt. Dies betrifft den Abschnitt Marienberger Stra\u00dfe bis Friedrich-Seele-Stra\u00dfe. Die Strecke stadteinw\u00e4rts bleibt befahrbar. Stadtausw\u00e4rts wird der Verkehr \u00fcber Friedrich-Seele-Stra\u00dfe, Donaustra\u00dfe und Westerbergstra\u00dfe umgeleitet. Die Umleitung ist ausgeschildert. Auch der Busverkehr stadtausw\u00e4rts wird umgeleitet, die [&hellip;]<\/p>\n","protected":false},"author":6,"featured_media":8697,"comment_status":"closed","ping_status":"open","sticky":false,"template":"","format":"standard","meta":{"footnotes":""},"categories":[1517],"tags":[],"class_list":["post-13568","post","type-post","status-publish","format-standard","has-post-thumbnail","hentry","category-sebs"],"_links":{"self":[{"href":"https:\/\/www.pr-neu.de\/newsroom\/wp-json\/wp\/v2\/posts\/13568","targetHints":{"allow":["GET"]}}],"collection":[{"href":"https:\/\/www.pr-neu.de\/newsroom\/wp-json\/wp\/v2\/posts"}],"about":[{"href":"https:\/\/www.pr-neu.de\/newsroom\/wp-json\/wp\/v2\/types\/post"}],"author":[{"embeddable":true,"href":"https:\/\/www.pr-neu.de\/newsroom\/wp-json\/wp\/v2\/users\/6"}],"replies":[{"embeddable":true,"href":"https:\/\/www.pr-neu.de\/newsroom\/wp-json\/wp\/v2\/comments?post=13568"}],"version-history":[{"count":1,"href":"https:\/\/www.pr-neu.de\/newsroom\/wp-json\/wp\/v2\/posts\/13568\/revisions"}],"predecessor-version":[{"id":13569,"href":"https:\/\/www.pr-neu.de\/newsroom\/wp-json\/wp\/v2\/posts\/13568\/revisions\/13569"}],"wp:featuredmedia":[{"embeddable":true,"href":"https:\/\/www.pr-neu.de\/newsroom\/wp-json\/wp\/v2\/media\/8697"}],"wp:attachment":[{"href":"https:\/\/www.pr-neu.de\/newsroom\/wp-json\/wp\/v2\/media?parent=13568"}],"wp:term":[{"taxonomy":"category","embeddable":true,"href":"https:\/\/www.pr-neu.de\/newsroom\/wp-json\/wp\/v2\/categories?post=13568"},{"taxonomy":"post_tag","embeddable":true,"href":"https:\/\/www.pr-neu.de\/newsroom\/wp-json\/wp\/v2\/tags?post=13568"}],"curies":[{"name":"wp","href":"https:\/\/api.w.org\/{rel}","templated":true}]}}