{"id":13563,"date":"2020-07-15T11:32:45","date_gmt":"2020-07-15T09:32:45","guid":{"rendered":"http:\/\/www.pr-neu.de\/newsroom\/?p=13563"},"modified":"2020-07-15T11:37:50","modified_gmt":"2020-07-15T09:37:50","slug":"wasserdichte-fensterbankanschluesse","status":"publish","type":"post","link":"https:\/\/www.pr-neu.de\/newsroom\/wasserdichte-fensterbankanschluesse\/","title":{"rendered":"Wasserdichte Fensterbankanschl\u00fcsse"},"content":{"rendered":"<p><strong>StoSeal L 110: Neue Abdichtungsmasse<\/strong><\/p>\n<p>Bei W\u00e4rmed\u00e4mm-Verbundsystemen steckt der Teufel im Detail. Nur wer die Anschl\u00fcsse technisch sauber ausf\u00fchrt, erzielt ein dauerhaft funktionierendes System. Die neue Abdichtungsmasse StoSeal L 110 erleichtert die WDVS-Verarbeitung an Fenstern. Sie wird an der Br\u00fcstung unverd\u00fcnnt auf den Unterputz aufgestrichen. Zur Ausbildung einer zweiten Dichtebene kommt das faserverst\u00e4rkte Material auch unterhalb von Fensterb\u00e4nken zum Einsatz. Das einkomponentige, past\u00f6se Material bildet eine wasserdichte, elastische Membran, durch die keine Feuchtigkeit ins System eindringt. Aufgrund seiner Elastizit\u00e4t eignet es sich auch zur \u00dcberbr\u00fcckung von kleinen Rissen (\u02c21,5 mm).<\/p>\n<p>&nbsp;<\/p>\n<hr \/>\n<p>&nbsp;<\/p>\n<p style=\"text-align: center;\"><a href=\"http:\/\/www.pr-neu.de\/newsroom\/wordpress\/wp-content\/uploads\/2020\/07\/20-28-StoSeal_K.jpg\" target=\"_blank\" rel=\"noopener noreferrer\"><img loading=\"lazy\" decoding=\"async\" class=\"aligncenter wp-image-13564 size-medium\" src=\"http:\/\/www.pr-neu.de\/newsroom\/wordpress\/wp-content\/uploads\/2020\/07\/20-28-StoSeal_K-300x200.jpg\" alt=\"\" width=\"300\" height=\"200\" srcset=\"https:\/\/www.pr-neu.de\/newsroom\/wordpress\/wp-content\/uploads\/2020\/07\/20-28-StoSeal_K-300x200.jpg 300w, https:\/\/www.pr-neu.de\/newsroom\/wordpress\/wp-content\/uploads\/2020\/07\/20-28-StoSeal_K-1024x682.jpg 1024w, https:\/\/www.pr-neu.de\/newsroom\/wordpress\/wp-content\/uploads\/2020\/07\/20-28-StoSeal_K-768x512.jpg 768w, https:\/\/www.pr-neu.de\/newsroom\/wordpress\/wp-content\/uploads\/2020\/07\/20-28-StoSeal_K-1536x1024.jpg 1536w, https:\/\/www.pr-neu.de\/newsroom\/wordpress\/wp-content\/uploads\/2020\/07\/20-28-StoSeal_K-110x73.jpg 110w, https:\/\/www.pr-neu.de\/newsroom\/wordpress\/wp-content\/uploads\/2020\/07\/20-28-StoSeal_K-420x280.jpg 420w, https:\/\/www.pr-neu.de\/newsroom\/wordpress\/wp-content\/uploads\/2020\/07\/20-28-StoSeal_K-645x430.jpg 645w, https:\/\/www.pr-neu.de\/newsroom\/wordpress\/wp-content\/uploads\/2020\/07\/20-28-StoSeal_K.jpg 1796w\" sizes=\"auto, (max-width: 300px) 100vw, 300px\" \/><\/a><\/p>\n<p style=\"text-align: center;\">StoSeal L 110 wird einfach mit dem Pinsel aufgetragen.<br \/>\nBild: Sto SE &amp; Co. KGaA<\/p>\n<p>&nbsp;<\/p>\n<hr \/>\n<p>&nbsp;<\/p>\n<p>Abdruck honorarfrei, Belegexemplar erbeten<\/p>\n","protected":false},"excerpt":{"rendered":"<p>StoSeal L 110: Neue Abdichtungsmasse Bei W\u00e4rmed\u00e4mm-Verbundsystemen steckt der Teufel im Detail. Nur wer die Anschl\u00fcsse technisch sauber ausf\u00fchrt, erzielt ein dauerhaft funktionierendes System. Die neue Abdichtungsmasse StoSeal L 110 erleichtert die WDVS-Verarbeitung an Fenstern. Sie wird an der Br\u00fcstung unverd\u00fcnnt auf den Unterputz aufgestrichen. Zur Ausbildung einer zweiten Dichtebene kommt das faserverst\u00e4rkte Material auch [&hellip;]<\/p>\n","protected":false},"author":6,"featured_media":13564,"comment_status":"closed","ping_status":"open","sticky":false,"template":"","format":"standard","meta":{"footnotes":""},"categories":[15],"tags":[],"class_list":["post-13563","post","type-post","status-publish","format-standard","has-post-thumbnail","hentry","category-sto"],"_links":{"self":[{"href":"https:\/\/www.pr-neu.de\/newsroom\/wp-json\/wp\/v2\/posts\/13563","targetHints":{"allow":["GET"]}}],"collection":[{"href":"https:\/\/www.pr-neu.de\/newsroom\/wp-json\/wp\/v2\/posts"}],"about":[{"href":"https:\/\/www.pr-neu.de\/newsroom\/wp-json\/wp\/v2\/types\/post"}],"author":[{"embeddable":true,"href":"https:\/\/www.pr-neu.de\/newsroom\/wp-json\/wp\/v2\/users\/6"}],"replies":[{"embeddable":true,"href":"https:\/\/www.pr-neu.de\/newsroom\/wp-json\/wp\/v2\/comments?post=13563"}],"version-history":[{"count":2,"href":"https:\/\/www.pr-neu.de\/newsroom\/wp-json\/wp\/v2\/posts\/13563\/revisions"}],"predecessor-version":[{"id":13566,"href":"https:\/\/www.pr-neu.de\/newsroom\/wp-json\/wp\/v2\/posts\/13563\/revisions\/13566"}],"wp:featuredmedia":[{"embeddable":true,"href":"https:\/\/www.pr-neu.de\/newsroom\/wp-json\/wp\/v2\/media\/13564"}],"wp:attachment":[{"href":"https:\/\/www.pr-neu.de\/newsroom\/wp-json\/wp\/v2\/media?parent=13563"}],"wp:term":[{"taxonomy":"category","embeddable":true,"href":"https:\/\/www.pr-neu.de\/newsroom\/wp-json\/wp\/v2\/categories?post=13563"},{"taxonomy":"post_tag","embeddable":true,"href":"https:\/\/www.pr-neu.de\/newsroom\/wp-json\/wp\/v2\/tags?post=13563"}],"curies":[{"name":"wp","href":"https:\/\/api.w.org\/{rel}","templated":true}]}}