{"id":13548,"date":"2020-07-15T11:25:14","date_gmt":"2020-07-15T09:25:14","guid":{"rendered":"http:\/\/www.pr-neu.de\/newsroom\/?p=13548"},"modified":"2020-07-15T11:28:11","modified_gmt":"2020-07-15T09:28:11","slug":"sauber-mit-ozon-zu-reinem-abwasser-im-schlachtbetrieb","status":"publish","type":"post","link":"https:\/\/www.pr-neu.de\/newsroom\/sauber-mit-ozon-zu-reinem-abwasser-im-schlachtbetrieb\/","title":{"rendered":"Sauber: Mit Ozon zu reinem Abwasser im Schlachtbetrieb"},"content":{"rendered":"<p>&nbsp;<\/p>\n<p>\u2022 Emsland Frischgefl\u00fcgel: AOX und CSB unter den Grenzwerten<br \/>\n\u2022 WEDECO-Ozonanlage vereint Sicherheit und Wirtschaftlichkeit<br \/>\n\u2022 Xylem: \u201eAlles aus einer Hand\u201c &#8211; Technik, Garantie, kurze Lieferzeit<\/p>\n<p>Mit Ozon l\u00e4sst sich Abwasser in Schlachtbetrieben wirt-schaftlich, umweltfreundlich und sicher reinigen \u2013 wie das Beispiel der Anlage bei der Emsland Frischgefl\u00fcgel GmbH klar belegt. Hier ist das Abwasser, wie in (gro\u00dfen) Gefl\u00fcgel-betrieben \u00fcblich, organisch belastet und muss daher vor der Einleitung in \u00f6ffentliche Gew\u00e4sser gereinigt werden. Typische Belastungen k\u00f6nnen ein hoher CSB Wert, AOX und eventuell multiresistente Keime im Abwasser sein. Nachdem die Betriebsst\u00e4tte in Haren (Niedersachsen) vergr\u00f6\u00dfert wurde, war es notwendig, die Abwasser-Einleitung auch mit der erh\u00f6hten Produktionsmenge (wieder) genehmigt zu bekom-men \u2013 also den Nachweis zu erbringen, dass das Abwasser die g\u00fcltigen Grenzwerte unterschreitet. Dies gelang mit einer entsprechend dimensionierten Ozon-Anlage von Wedeco. Die Wasseranalyse (mit Sensortechnik der Xylem-Marke WTW) geh\u00f6rte ebenso zum Gesamtpaket. F\u00fcr den Schlachtbetrieb war Xylem aufgrund der langj\u00e4hrigen erfolgreichen Zusam-menarbeit erster Ansprechpartner \u2013 und \u00fcberzeugte mit einer \u201eAlles-aus-einer-Hand-L\u00f6sung\u201c sowie den Faktoren Technik, Garantie und besonders wegen der kurzen Lieferzeit.<\/p>\n<p>Abwasser in Schlachtbetrieben ist mit organischen Stoffen belastet, die nicht in den normalen Wasserkreislauf gelangen d\u00fcrfen, dazu geh\u00f6ren kohlenstoffhaltige Verbindungen, Chlor, Nitrit und Nitrat. Aufgrund der Produktionserweiterung des Betriebs in Haren (Emsland) war nun sicherzustellen, dass trotz der steigenden Abwasserlast nur ausreichend gereinigtes Wasser den Betrieb verl\u00e4sst. F\u00fcr die Bereitstellung der neuen Anlagen\u00actechnik stand zudem nur ein kurzes Zeitfenster von weniger als einem Jahr zur Verf\u00fcgung, in dem die gesamte Anlage projektiert, gefertigt und geliefert werden musste.<\/p>\n<p><strong>Sauberes Abwasser durch Ozonung<\/strong><\/p>\n<p>Mit der Ozonung des Abwassers erreicht Emsland Frischgefl\u00fcgel mehrere Ziele zugleich: Abbau der Schadstoffe in einem umwelt-freundlichen Verfahren, das durch den stets bedarfsgerechten Einsatz des Ozons zudem h\u00f6chst wirtschaftlich l\u00e4uft. \u201eDas Wasser l\u00e4uft kaskadenf\u00f6rmig durch drei Stufen, an jeder Stufe kann Ozon beigemengt werden. Bei hoher Schadstoffbelastung sind alle Stufen aktiv, bei geringerer Last erfolgt die Dosierung entsprechend niedriger\u201c, erkl\u00e4rt Robert Rongen, Key-Account-Manager f\u00fcr Ozon- und UV-Anlagen bei Wedeco. Durchschnittlich ist eine Verweilzeit von etwa 30 Minuten einzuhalten, um die notwendige Wasserreinheit zu erreichen.<\/p>\n<p>Die Anlage in Haren wird vom zentralen Sauerstofftank auf dem Werksgel\u00e4nde versorgt. Bei einer Spannung von 5.500 Volt wird aus Sauerstoff (O2) Ozon (O3) hergestellt. Vertriebsingenieurin Sonja Winandi: \u201eDas Gasgemisch besteht nach dem Ozongene-rator zu rund 10 Prozent aus Ozon, die restlichen 90 Prozent sind reiner Sauerstoff. Das gen\u00fcgt, um zuverl\u00e4ssig die gew\u00fcnschten Reaktionen im Abwasser auszul\u00f6sen.\u201c Konkret bricht das hoch reaktive Ozon insbesondere langkettige organische Molek\u00fcle auf, die nicht oder nur schwer biologisch abbaubar sind. Die nun kur-zen Molek\u00fcle dagegen lassen sich problemlos in der n\u00e4chsten Filterstufe \u2013 hier ein nachgelagerter Sandfilter \u2013 aus dem Wasser eliminieren.<\/p>\n<p>\u201eDas Wasser, das letztlich \u00fcber den Kanal in die Ems flie\u00dft, ist nicht nur sehr sauber mit Unterschreitung aller relevanter Grenz-werte, es ist zudem sehr sauerstoffhaltig, was f\u00fcr das gesamte \u00d6kosystem \u201aFlie\u00dfgew\u00e4sser\u2018 gut ist\u201c, freut sich Rongen \u00fcber einen positiven Nebeneffekt. Ein weiterer positiver Nebeneffekt war eine wesentliche Reduzierung der Keimbelastung des Wassers.<\/p>\n<p>Die Technik: Die Wedeco-Anlage hat eine O3-Kapazit\u00e4t von 7 kg\/h. Damit k\u00f6nnen selbst Lastspitzen bis 175 m\u00b3\/h sicher gefah-ren werden. Im Regelbetrieb liegt der Ozon-Bedarf bei 3,5 bis 4,0 kg\/h. Das Kontaktbecken \u2013 zwei Meter breit, sechs Meter tief, sechs Meter lang \u2013 ist mit der dreistufigen Kaskade unterirdisch angelegt. Bevor das Abwasser in das Becken gelangt, ermittelt ein Sensor (WTW) im \u00dcbergabeschacht den CSB-Wert. Danach dosiert die Anlage automatisch den Ozon-Bedarf. \u201eDiese verschmutzungsabh\u00e4ngige Dosierung stellt den wirtschaftlichen Betrieb sicher\u201c, erkl\u00e4rt Jan Nielebock, Applikationsmanager f\u00fcr Lebensmittel\u00acanwendungen bei Wedeco.<\/p>\n<p><strong>Sicherheit inklusive, kurze Lieferzeit<\/strong><\/p>\n<p>Damit die Anlage nicht nur zuverl\u00e4ssig, sondern auch sicher l\u00e4uft, sind mehrere Aspekte ber\u00fccksichtigt: Eine Zwangsentl\u00fcftung sorgt beispielsweise daf\u00fcr, dass im Becken stets ein (geringer) Unterdruck herrscht und damit kein Ozon in die Umwelt gelangt. Zur Umwandlung des abgesaugten Restozons in unsch\u00e4dlichen Sauerstoff ist ein Restozon-Vernichter installiert.<\/p>\n<p>Nachdem die Wedeco-Ingenieure und die Planer von Emsland Frischgefl\u00fcgel die Abwasser-Reinigung geplant hatten, galt es, die Anlage in kurzer Frist aufzubauen \u2013 mit Ozonung und der Technik f\u00fcr die Strom-Erzeugung. Hier zahlte sich die Erfahrung des Herstellers aus. \u201eWir konnten eine \u201aAlles-aus-einer-Hand-L\u00f6sung\u2018 anbieten. Diese umfasste die Lieferung der kompletten Anlage in einem Container. So musste auf dem Werksgel\u00e4nde nur das Becken und die Ozonzuleitung mit den Leitungsbr\u00fccken gebaut werden, ein eigenes Geb\u00e4ude f\u00fcr die Anlage war nicht erforderlich\u201c, berichtet Rongen.<\/p>\n<p>Hans-Georg Meyer, Abteilungsleiter bei Emsland Frischgefl\u00fcgel, ist von der Anlage \u00fcberzeugt: \u201eProjektierung und Zusammenarbeit liefen erstklassig, die Anlage selbst l\u00e4uft v\u00f6llig problemlos. Wir haben diese Technik nun auch in unserem Betrieb in Wietze installiert\u201c. Zuvor hatte sich Meyer sein eigenes Bild gemacht und eine Referenzanlage in Rheinland-Pfalz besichtigt \u2013 dort reinigt eine Wedeco-Anlage das Abwasser einer Papier-Fabrik.<\/p>\n<p>&nbsp;<\/p>\n<p>&nbsp;<\/p>\n<hr \/>\n<p>&nbsp;<\/p>\n<p><strong>Leistungsf\u00e4higkeit von Ozon-Anlagen<\/strong><\/p>\n<p>Die Anwendung in Schlachtbetrieben ist ein typisches Einsatzfeld f\u00fcr Ozon-Anlagen, das Spektrum reicht jedoch wesentlich weiter: Organische Verbindungen zu zersetzen reicht von AOX bis zu multiresistenten Keimen. Die Abwasserbehandlung mit Ozon ist daher auch ideal in Schwimmb\u00e4dern, Krankenh\u00e4usern oder landwirtschaftlichen Betrieben.<\/p>\n<p>&nbsp;<\/p>\n<hr \/>\n<p>&nbsp;<\/p>\n<p><strong>Projekt-\u00dcbersicht<\/strong><\/p>\n<p><strong>Bauherr:<\/strong><br \/>\nEmsland Frischgefl\u00fcgel GmbH, Haren<\/p>\n<p><strong>Aufgabe:<\/strong><br \/>\nNach Kapazit\u00e4ts-Erweiterung des Gefl\u00fcgel-Betriebs: Sauberes Abwasser mit Einhaltung aller Grenzwerte sicherstellen.<\/p>\n<p><strong>L\u00f6sung:<\/strong><br \/>\nInstallation einer Ozon-Anlage zur Abwasser-Reinigung \u2013 full-service, inklusive Sensortechnik mit einem Komplett-Angebot von Xylem.<\/p>\n<p><strong>Ergebnis:<\/strong><br \/>\nDurch bedarfsgerechte Ozonung des Abwassers werden die Grenzwerte f\u00fcr AOX und CSB sicher stets unterschritten, das Abwasser wird nach der letzten Reinigungsstufe in \u00f6ffentliche Flie\u00dfgew\u00e4sser geleitet.<\/p>\n<p><strong>Wirtschaftlicher Vorteil:<\/strong><br \/>\nOzonangabe passt sich automatisch dem tats\u00e4chlichen Bedarf an. Das \u201eAlles-aus-einer-Hand-Angebot\u201c erm\u00f6glichte die L\u00f6sung innerhalb der kurzen Zeit.<\/p>\n<p><strong>Anlagen:<\/strong><br \/>\nOzon-Anlage: Wedeco SMOevo 710<\/p>\n<p><strong>Sensortechnik:<\/strong><br \/>\nWTW NiCaVis UV 705 IQ NI<\/p>\n<p>&nbsp;<\/p>\n<hr \/>\n<p>&nbsp;<\/p>\n<p>&nbsp;<\/p>\n<p style=\"text-align: center;\"><a href=\"http:\/\/www.pr-neu.de\/newsroom\/wordpress\/wp-content\/uploads\/2020\/07\/XYL_Emsland_01_K.jpg\" target=\"_blank\" rel=\"noopener noreferrer\"><img loading=\"lazy\" decoding=\"async\" class=\"alignnone wp-image-13551 size-medium\" src=\"http:\/\/www.pr-neu.de\/newsroom\/wordpress\/wp-content\/uploads\/2020\/07\/XYL_Emsland_01_K-300x200.jpg\" alt=\"\" width=\"300\" height=\"200\" srcset=\"https:\/\/www.pr-neu.de\/newsroom\/wordpress\/wp-content\/uploads\/2020\/07\/XYL_Emsland_01_K-300x200.jpg 300w, https:\/\/www.pr-neu.de\/newsroom\/wordpress\/wp-content\/uploads\/2020\/07\/XYL_Emsland_01_K-1024x683.jpg 1024w, https:\/\/www.pr-neu.de\/newsroom\/wordpress\/wp-content\/uploads\/2020\/07\/XYL_Emsland_01_K-768x512.jpg 768w, https:\/\/www.pr-neu.de\/newsroom\/wordpress\/wp-content\/uploads\/2020\/07\/XYL_Emsland_01_K-1536x1024.jpg 1536w, https:\/\/www.pr-neu.de\/newsroom\/wordpress\/wp-content\/uploads\/2020\/07\/XYL_Emsland_01_K-2048x1365.jpg 2048w, https:\/\/www.pr-neu.de\/newsroom\/wordpress\/wp-content\/uploads\/2020\/07\/XYL_Emsland_01_K-110x73.jpg 110w, https:\/\/www.pr-neu.de\/newsroom\/wordpress\/wp-content\/uploads\/2020\/07\/XYL_Emsland_01_K-420x280.jpg 420w, https:\/\/www.pr-neu.de\/newsroom\/wordpress\/wp-content\/uploads\/2020\/07\/XYL_Emsland_01_K-645x430.jpg 645w\" sizes=\"auto, (max-width: 300px) 100vw, 300px\" \/><\/a><\/p>\n<p style=\"text-align: center;\">Leitungsbr\u00fccke: Insgesamt sind drei Ozon-Zuleitungen realisiert.<br \/>\nFoto: Thomas Lerch \/ Xylem<\/p>\n<p>&nbsp;<\/p>\n<p style=\"text-align: center;\"><a href=\"http:\/\/www.pr-neu.de\/newsroom\/wordpress\/wp-content\/uploads\/2020\/07\/XYL_Emsland_02_K.jpg\" target=\"_blank\" rel=\"noopener noreferrer\"><img loading=\"lazy\" decoding=\"async\" class=\"alignnone wp-image-13552 size-medium\" src=\"http:\/\/www.pr-neu.de\/newsroom\/wordpress\/wp-content\/uploads\/2020\/07\/XYL_Emsland_02_K-300x200.jpg\" alt=\"\" width=\"300\" height=\"200\" srcset=\"https:\/\/www.pr-neu.de\/newsroom\/wordpress\/wp-content\/uploads\/2020\/07\/XYL_Emsland_02_K-300x200.jpg 300w, https:\/\/www.pr-neu.de\/newsroom\/wordpress\/wp-content\/uploads\/2020\/07\/XYL_Emsland_02_K-1024x683.jpg 1024w, https:\/\/www.pr-neu.de\/newsroom\/wordpress\/wp-content\/uploads\/2020\/07\/XYL_Emsland_02_K-768x512.jpg 768w, https:\/\/www.pr-neu.de\/newsroom\/wordpress\/wp-content\/uploads\/2020\/07\/XYL_Emsland_02_K-1536x1024.jpg 1536w, https:\/\/www.pr-neu.de\/newsroom\/wordpress\/wp-content\/uploads\/2020\/07\/XYL_Emsland_02_K-2048x1365.jpg 2048w, https:\/\/www.pr-neu.de\/newsroom\/wordpress\/wp-content\/uploads\/2020\/07\/XYL_Emsland_02_K-110x73.jpg 110w, https:\/\/www.pr-neu.de\/newsroom\/wordpress\/wp-content\/uploads\/2020\/07\/XYL_Emsland_02_K-420x280.jpg 420w, https:\/\/www.pr-neu.de\/newsroom\/wordpress\/wp-content\/uploads\/2020\/07\/XYL_Emsland_02_K-645x430.jpg 645w\" sizes=\"auto, (max-width: 300px) 100vw, 300px\" \/><\/a><\/p>\n<p style=\"text-align: center;\">Der Sensor (von WTW) misst den Verschmutzungsgrad des Abwassers.<br \/>\nDaraus ermittelt die Anlage vollautomatisch den CSB-Wert und den<br \/>\nOzon-Bedarf. Die Prozessleittechnik stammt ebenfalls von Wedeco.<br \/>\nFoto: Thomas Lerch \/ Xylem<\/p>\n<p>&nbsp;<\/p>\n<p style=\"text-align: center;\"><a href=\"http:\/\/www.pr-neu.de\/newsroom\/wordpress\/wp-content\/uploads\/2020\/07\/XYL_Emsland_03_K.jpg\" target=\"_blank\" rel=\"noopener noreferrer\"><img loading=\"lazy\" decoding=\"async\" class=\"alignnone wp-image-13553 size-medium\" src=\"http:\/\/www.pr-neu.de\/newsroom\/wordpress\/wp-content\/uploads\/2020\/07\/XYL_Emsland_03_K-300x200.jpg\" alt=\"\" width=\"300\" height=\"200\" srcset=\"https:\/\/www.pr-neu.de\/newsroom\/wordpress\/wp-content\/uploads\/2020\/07\/XYL_Emsland_03_K-300x200.jpg 300w, https:\/\/www.pr-neu.de\/newsroom\/wordpress\/wp-content\/uploads\/2020\/07\/XYL_Emsland_03_K-1024x683.jpg 1024w, https:\/\/www.pr-neu.de\/newsroom\/wordpress\/wp-content\/uploads\/2020\/07\/XYL_Emsland_03_K-768x512.jpg 768w, https:\/\/www.pr-neu.de\/newsroom\/wordpress\/wp-content\/uploads\/2020\/07\/XYL_Emsland_03_K-1536x1024.jpg 1536w, https:\/\/www.pr-neu.de\/newsroom\/wordpress\/wp-content\/uploads\/2020\/07\/XYL_Emsland_03_K-2048x1365.jpg 2048w, https:\/\/www.pr-neu.de\/newsroom\/wordpress\/wp-content\/uploads\/2020\/07\/XYL_Emsland_03_K-110x73.jpg 110w, https:\/\/www.pr-neu.de\/newsroom\/wordpress\/wp-content\/uploads\/2020\/07\/XYL_Emsland_03_K-420x280.jpg 420w, https:\/\/www.pr-neu.de\/newsroom\/wordpress\/wp-content\/uploads\/2020\/07\/XYL_Emsland_03_K-645x430.jpg 645w\" sizes=\"auto, (max-width: 300px) 100vw, 300px\" \/><\/a><\/p>\n<p style=\"text-align: center;\">Der Sensor (von WTW) misst den Verschmutzungsgrad des Abwassers.<br \/>\nDaraus ermittelt die Anlage vollautomatisch den CSB-Wert und den<br \/>\nOzon-Bedarf. Die Prozessleittechnik stammt ebenfalls von Wedeco.<br \/>\nFoto: Thomas Lerch \/ Xylem<\/p>\n<p>&nbsp;<\/p>\n<p style=\"text-align: center;\"><a href=\"http:\/\/www.pr-neu.de\/newsroom\/wordpress\/wp-content\/uploads\/2020\/07\/XYL_Emsland_04_K.jpg\" target=\"_blank\" rel=\"noopener noreferrer\"><img loading=\"lazy\" decoding=\"async\" class=\"alignnone wp-image-13554 size-medium\" src=\"http:\/\/www.pr-neu.de\/newsroom\/wordpress\/wp-content\/uploads\/2020\/07\/XYL_Emsland_04_K-300x200.jpg\" alt=\"\" width=\"300\" height=\"200\" srcset=\"https:\/\/www.pr-neu.de\/newsroom\/wordpress\/wp-content\/uploads\/2020\/07\/XYL_Emsland_04_K-300x200.jpg 300w, https:\/\/www.pr-neu.de\/newsroom\/wordpress\/wp-content\/uploads\/2020\/07\/XYL_Emsland_04_K-1024x683.jpg 1024w, https:\/\/www.pr-neu.de\/newsroom\/wordpress\/wp-content\/uploads\/2020\/07\/XYL_Emsland_04_K-768x512.jpg 768w, https:\/\/www.pr-neu.de\/newsroom\/wordpress\/wp-content\/uploads\/2020\/07\/XYL_Emsland_04_K-1536x1024.jpg 1536w, https:\/\/www.pr-neu.de\/newsroom\/wordpress\/wp-content\/uploads\/2020\/07\/XYL_Emsland_04_K-2048x1365.jpg 2048w, https:\/\/www.pr-neu.de\/newsroom\/wordpress\/wp-content\/uploads\/2020\/07\/XYL_Emsland_04_K-110x73.jpg 110w, https:\/\/www.pr-neu.de\/newsroom\/wordpress\/wp-content\/uploads\/2020\/07\/XYL_Emsland_04_K-420x280.jpg 420w, https:\/\/www.pr-neu.de\/newsroom\/wordpress\/wp-content\/uploads\/2020\/07\/XYL_Emsland_04_K-645x430.jpg 645w\" sizes=\"auto, (max-width: 300px) 100vw, 300px\" \/><\/a><\/p>\n<p style=\"text-align: center;\">Kompakt gebaut, schnell geliefert: Die gesamte Anlage kam<br \/>\nim Container auf das Werksgel\u00e4nde in Haren.<br \/>\nFoto: Thomas Lerch \/ Xylem<\/p>\n<p>&nbsp;<\/p>\n<p style=\"text-align: center;\"><a href=\"http:\/\/www.pr-neu.de\/newsroom\/wordpress\/wp-content\/uploads\/2020\/07\/XYL_Emsland_05_K.jpg\" target=\"_blank\" rel=\"noopener noreferrer\"><img loading=\"lazy\" decoding=\"async\" class=\"alignnone wp-image-13555 size-medium\" src=\"http:\/\/www.pr-neu.de\/newsroom\/wordpress\/wp-content\/uploads\/2020\/07\/XYL_Emsland_05_K-300x200.jpg\" alt=\"\" width=\"300\" height=\"200\" srcset=\"https:\/\/www.pr-neu.de\/newsroom\/wordpress\/wp-content\/uploads\/2020\/07\/XYL_Emsland_05_K-300x200.jpg 300w, https:\/\/www.pr-neu.de\/newsroom\/wordpress\/wp-content\/uploads\/2020\/07\/XYL_Emsland_05_K-1024x683.jpg 1024w, https:\/\/www.pr-neu.de\/newsroom\/wordpress\/wp-content\/uploads\/2020\/07\/XYL_Emsland_05_K-768x512.jpg 768w, https:\/\/www.pr-neu.de\/newsroom\/wordpress\/wp-content\/uploads\/2020\/07\/XYL_Emsland_05_K-1536x1024.jpg 1536w, https:\/\/www.pr-neu.de\/newsroom\/wordpress\/wp-content\/uploads\/2020\/07\/XYL_Emsland_05_K-2048x1365.jpg 2048w, https:\/\/www.pr-neu.de\/newsroom\/wordpress\/wp-content\/uploads\/2020\/07\/XYL_Emsland_05_K-110x73.jpg 110w, https:\/\/www.pr-neu.de\/newsroom\/wordpress\/wp-content\/uploads\/2020\/07\/XYL_Emsland_05_K-420x280.jpg 420w, https:\/\/www.pr-neu.de\/newsroom\/wordpress\/wp-content\/uploads\/2020\/07\/XYL_Emsland_05_K-645x430.jpg 645w\" sizes=\"auto, (max-width: 300px) 100vw, 300px\" \/><\/a><\/p>\n<p style=\"text-align: center;\">Hier werden 5.500 Volt Spannung erzeugt \u2013 mit dieser Kraft<br \/>\nwandelt sich Sauerstoff zu Ozon. F\u00fcr die Abwasserreinigung<br \/>\nkommt ein Gemisch von etwa 10 Prozent O3 und 90 Prozent<br \/>\nO2 zum Einsatz.<br \/>\nFoto: Thomas Lerch \/ Xylem<\/p>\n<p>&nbsp;<\/p>\n<p style=\"text-align: center;\"><a href=\"http:\/\/www.pr-neu.de\/newsroom\/wordpress\/wp-content\/uploads\/2020\/07\/XYL_Emsland_06_K.jpg\" target=\"_blank\" rel=\"noopener noreferrer\"><img loading=\"lazy\" decoding=\"async\" class=\"alignnone wp-image-13556 size-medium\" src=\"http:\/\/www.pr-neu.de\/newsroom\/wordpress\/wp-content\/uploads\/2020\/07\/XYL_Emsland_06_K-300x200.jpg\" alt=\"\" width=\"300\" height=\"200\" srcset=\"https:\/\/www.pr-neu.de\/newsroom\/wordpress\/wp-content\/uploads\/2020\/07\/XYL_Emsland_06_K-300x200.jpg 300w, https:\/\/www.pr-neu.de\/newsroom\/wordpress\/wp-content\/uploads\/2020\/07\/XYL_Emsland_06_K-1024x683.jpg 1024w, https:\/\/www.pr-neu.de\/newsroom\/wordpress\/wp-content\/uploads\/2020\/07\/XYL_Emsland_06_K-768x512.jpg 768w, https:\/\/www.pr-neu.de\/newsroom\/wordpress\/wp-content\/uploads\/2020\/07\/XYL_Emsland_06_K-1536x1024.jpg 1536w, https:\/\/www.pr-neu.de\/newsroom\/wordpress\/wp-content\/uploads\/2020\/07\/XYL_Emsland_06_K-2048x1365.jpg 2048w, https:\/\/www.pr-neu.de\/newsroom\/wordpress\/wp-content\/uploads\/2020\/07\/XYL_Emsland_06_K-110x73.jpg 110w, https:\/\/www.pr-neu.de\/newsroom\/wordpress\/wp-content\/uploads\/2020\/07\/XYL_Emsland_06_K-420x280.jpg 420w, https:\/\/www.pr-neu.de\/newsroom\/wordpress\/wp-content\/uploads\/2020\/07\/XYL_Emsland_06_K-645x430.jpg 645w\" sizes=\"auto, (max-width: 300px) 100vw, 300px\" \/><\/a><\/p>\n<p style=\"text-align: center;\">Der Ozongenerator liefert eine Ozon-Kapazit\u00e4t von 7kg\/h.<br \/>\nFoto: Thomas Lerch \/ Xylem<\/p>\n<p>&nbsp;<\/p>\n<p style=\"text-align: center;\"><a href=\"http:\/\/www.pr-neu.de\/newsroom\/wordpress\/wp-content\/uploads\/2020\/07\/XYL_Emsland_07_K.jpg\" target=\"_blank\" rel=\"noopener noreferrer\"><img loading=\"lazy\" decoding=\"async\" class=\"alignnone wp-image-13557 size-medium\" src=\"http:\/\/www.pr-neu.de\/newsroom\/wordpress\/wp-content\/uploads\/2020\/07\/XYL_Emsland_07_K-300x191.jpg\" alt=\"\" width=\"300\" height=\"191\" srcset=\"https:\/\/www.pr-neu.de\/newsroom\/wordpress\/wp-content\/uploads\/2020\/07\/XYL_Emsland_07_K-300x191.jpg 300w, https:\/\/www.pr-neu.de\/newsroom\/wordpress\/wp-content\/uploads\/2020\/07\/XYL_Emsland_07_K-1024x651.jpg 1024w, https:\/\/www.pr-neu.de\/newsroom\/wordpress\/wp-content\/uploads\/2020\/07\/XYL_Emsland_07_K-768x488.jpg 768w, https:\/\/www.pr-neu.de\/newsroom\/wordpress\/wp-content\/uploads\/2020\/07\/XYL_Emsland_07_K-1536x976.jpg 1536w, https:\/\/www.pr-neu.de\/newsroom\/wordpress\/wp-content\/uploads\/2020\/07\/XYL_Emsland_07_K-2048x1301.jpg 2048w, https:\/\/www.pr-neu.de\/newsroom\/wordpress\/wp-content\/uploads\/2020\/07\/XYL_Emsland_07_K-110x70.jpg 110w, https:\/\/www.pr-neu.de\/newsroom\/wordpress\/wp-content\/uploads\/2020\/07\/XYL_Emsland_07_K-420x267.jpg 420w, https:\/\/www.pr-neu.de\/newsroom\/wordpress\/wp-content\/uploads\/2020\/07\/XYL_Emsland_07_K-677x430.jpg 677w\" sizes=\"auto, (max-width: 300px) 100vw, 300px\" \/><\/a><\/p>\n<p style=\"text-align: center;\">Die Anlage kann \u00fcber drei Leitungen Ozon zum Abwasser geben<br \/>\n\u2013 die Aufteilung erfolgt dann im Verh\u00e4ltnis 40 \u2013 40 -20. Dadurch<br \/>\nist die stets bedarfsgerechte Ozonmenge einfach zu steuern.<br \/>\nFoto: Thomas Lerch \/ Xylem<\/p>\n<p>&nbsp;<\/p>\n<p style=\"text-align: center;\"><a href=\"http:\/\/www.pr-neu.de\/newsroom\/wordpress\/wp-content\/uploads\/2020\/07\/XYL_Emsland_08_K.jpg\" target=\"_blank\" rel=\"noopener noreferrer\"><img loading=\"lazy\" decoding=\"async\" class=\"alignnone wp-image-13549 size-medium\" src=\"http:\/\/www.pr-neu.de\/newsroom\/wordpress\/wp-content\/uploads\/2020\/07\/XYL_Emsland_08_K-200x300.jpg\" alt=\"\" width=\"200\" height=\"300\" srcset=\"https:\/\/www.pr-neu.de\/newsroom\/wordpress\/wp-content\/uploads\/2020\/07\/XYL_Emsland_08_K-200x300.jpg 200w, https:\/\/www.pr-neu.de\/newsroom\/wordpress\/wp-content\/uploads\/2020\/07\/XYL_Emsland_08_K-683x1024.jpg 683w, https:\/\/www.pr-neu.de\/newsroom\/wordpress\/wp-content\/uploads\/2020\/07\/XYL_Emsland_08_K-768x1152.jpg 768w, https:\/\/www.pr-neu.de\/newsroom\/wordpress\/wp-content\/uploads\/2020\/07\/XYL_Emsland_08_K-1024x1536.jpg 1024w, https:\/\/www.pr-neu.de\/newsroom\/wordpress\/wp-content\/uploads\/2020\/07\/XYL_Emsland_08_K-1365x2048.jpg 1365w, https:\/\/www.pr-neu.de\/newsroom\/wordpress\/wp-content\/uploads\/2020\/07\/XYL_Emsland_08_K-73x110.jpg 73w, https:\/\/www.pr-neu.de\/newsroom\/wordpress\/wp-content\/uploads\/2020\/07\/XYL_Emsland_08_K-280x420.jpg 280w, https:\/\/www.pr-neu.de\/newsroom\/wordpress\/wp-content\/uploads\/2020\/07\/XYL_Emsland_08_K-287x430.jpg 287w, https:\/\/www.pr-neu.de\/newsroom\/wordpress\/wp-content\/uploads\/2020\/07\/XYL_Emsland_08_K.jpg 1600w\" sizes=\"auto, (max-width: 200px) 100vw, 200px\" \/><\/a><\/p>\n<p style=\"text-align: center;\">Die nachgelagerte Sandfiltration reinigt das Abwasser weiter:<br \/>\nNach dieser Stufe liegen alle Messwerte unter den<br \/>\nvorgeschriebenen Richtwerten.<br \/>\nFoto: Thomas Lerch \/ Xylem<\/p>\n<p>&nbsp;<\/p>\n<p style=\"text-align: center;\"><a href=\"http:\/\/www.pr-neu.de\/newsroom\/wordpress\/wp-content\/uploads\/2020\/07\/XYL_Emsland_09_K.jpg\" target=\"_blank\" rel=\"noopener noreferrer\"><img loading=\"lazy\" decoding=\"async\" class=\"alignnone wp-image-13550 size-medium\" src=\"http:\/\/www.pr-neu.de\/newsroom\/wordpress\/wp-content\/uploads\/2020\/07\/XYL_Emsland_09_K-300x200.jpg\" alt=\"\" width=\"300\" height=\"200\" srcset=\"https:\/\/www.pr-neu.de\/newsroom\/wordpress\/wp-content\/uploads\/2020\/07\/XYL_Emsland_09_K-300x200.jpg 300w, https:\/\/www.pr-neu.de\/newsroom\/wordpress\/wp-content\/uploads\/2020\/07\/XYL_Emsland_09_K-1024x683.jpg 1024w, https:\/\/www.pr-neu.de\/newsroom\/wordpress\/wp-content\/uploads\/2020\/07\/XYL_Emsland_09_K-768x512.jpg 768w, https:\/\/www.pr-neu.de\/newsroom\/wordpress\/wp-content\/uploads\/2020\/07\/XYL_Emsland_09_K-1536x1024.jpg 1536w, https:\/\/www.pr-neu.de\/newsroom\/wordpress\/wp-content\/uploads\/2020\/07\/XYL_Emsland_09_K-2048x1365.jpg 2048w, https:\/\/www.pr-neu.de\/newsroom\/wordpress\/wp-content\/uploads\/2020\/07\/XYL_Emsland_09_K-110x73.jpg 110w, https:\/\/www.pr-neu.de\/newsroom\/wordpress\/wp-content\/uploads\/2020\/07\/XYL_Emsland_09_K-420x280.jpg 420w, https:\/\/www.pr-neu.de\/newsroom\/wordpress\/wp-content\/uploads\/2020\/07\/XYL_Emsland_09_K-645x430.jpg 645w\" sizes=\"auto, (max-width: 300px) 100vw, 300px\" \/><\/a><\/p>\n<p style=\"text-align: center;\">Das Wedeco-Team: Robert Rongen, Sonja Winandi, Jan Nielebock.<br \/>\nFoto: Thomas Lerch \/ Xylem<\/p>\n<p>&nbsp;<\/p>\n<hr \/>\n<p>&nbsp;<\/p>\n<p><strong>\u00dcber Xylem<\/strong><\/p>\n<p>Xylem (XYL) ist ein f\u00fchrendes globales Wassertechnologie-Unternehmen, das Probleme rund um Wasser und in der kritischen Infrastruktur mit technologischen Innovationen l\u00f6st. Unsere mehr als 16.000 Mitarbeiterinnen und Mitarbeiter weltweit erwirtschafteten 2019 einen Umsatz von 5,25 Milliarden US-Dollar. Wir schaffen eine nachhaltigere Welt, indem wir unsere Kunden dabei unterst\u00fctzen, das Wasser- und Ressourcen-Management zu optimieren, indem wir Gemeinden und Regionen in mehr als 150 L\u00e4ndern dabei helfen, eine sichere Wasserversorgung aufzubauen und zu erhalten.<\/p>\n<p>Besuchen Sie uns unter <a href=\"http:\/\/www.xylem.com\">www.xylem.com<\/a>.<\/p>\n<p>&nbsp;<\/p>\n<hr \/>\n<p>&nbsp;<\/p>\n<p><strong>Info- und Kontaktadressen:<\/strong><\/p>\n<p><strong>Xylem Water Solutions Deutschland GmbH <\/strong><\/p>\n<p>Christian Farago<\/p>\n<p>Industriestra\u00dfe 16<\/p>\n<p>67063 Ludwigshafen<\/p>\n<p>Telefon +49(621) 6904 -1472<\/p>\n<p>E-Mail: <a href=\"&#109;&#x61;i&#x6c;&#x74;&#111;&#x3a;c&#x68;&#x72;&#105;&#x73;t&#x69;&#x61;&#110;&#x2e;f&#x61;&#x72;&#97;&#x67;o&#x40;&#x78;&#121;&#x6c;e&#x6d;&#x69;&#110;&#x63;&#46;&#x63;&#x6f;&#109;\">&#x63;&#x68;&#114;i&#x73;&#x74;&#105;&#97;n&#x2e;&#x66;&#97;&#114;a&#x67;&#x6f;&#64;xy&#x6c;&#x65;&#109;i&#x6e;&#x63;&#46;&#99;o&#x6d;<\/a><\/p>\n","protected":false},"excerpt":{"rendered":"<p>&nbsp; \u2022 Emsland Frischgefl\u00fcgel: AOX und CSB unter den Grenzwerten \u2022 WEDECO-Ozonanlage vereint Sicherheit und Wirtschaftlichkeit \u2022 Xylem: \u201eAlles aus einer Hand\u201c &#8211; Technik, Garantie, kurze Lieferzeit Mit Ozon l\u00e4sst sich Abwasser in Schlachtbetrieben wirt-schaftlich, umweltfreundlich und sicher reinigen \u2013 wie das Beispiel der Anlage bei der Emsland Frischgefl\u00fcgel GmbH klar belegt. Hier ist das [&hellip;]<\/p>\n","protected":false},"author":6,"featured_media":13550,"comment_status":"closed","ping_status":"open","sticky":false,"template":"","format":"standard","meta":{"footnotes":""},"categories":[1520],"tags":[],"class_list":["post-13548","post","type-post","status-publish","format-standard","has-post-thumbnail","hentry","category-xylem"],"_links":{"self":[{"href":"https:\/\/www.pr-neu.de\/newsroom\/wp-json\/wp\/v2\/posts\/13548","targetHints":{"allow":["GET"]}}],"collection":[{"href":"https:\/\/www.pr-neu.de\/newsroom\/wp-json\/wp\/v2\/posts"}],"about":[{"href":"https:\/\/www.pr-neu.de\/newsroom\/wp-json\/wp\/v2\/types\/post"}],"author":[{"embeddable":true,"href":"https:\/\/www.pr-neu.de\/newsroom\/wp-json\/wp\/v2\/users\/6"}],"replies":[{"embeddable":true,"href":"https:\/\/www.pr-neu.de\/newsroom\/wp-json\/wp\/v2\/comments?post=13548"}],"version-history":[{"count":5,"href":"https:\/\/www.pr-neu.de\/newsroom\/wp-json\/wp\/v2\/posts\/13548\/revisions"}],"predecessor-version":[{"id":13562,"href":"https:\/\/www.pr-neu.de\/newsroom\/wp-json\/wp\/v2\/posts\/13548\/revisions\/13562"}],"wp:featuredmedia":[{"embeddable":true,"href":"https:\/\/www.pr-neu.de\/newsroom\/wp-json\/wp\/v2\/media\/13550"}],"wp:attachment":[{"href":"https:\/\/www.pr-neu.de\/newsroom\/wp-json\/wp\/v2\/media?parent=13548"}],"wp:term":[{"taxonomy":"category","embeddable":true,"href":"https:\/\/www.pr-neu.de\/newsroom\/wp-json\/wp\/v2\/categories?post=13548"},{"taxonomy":"post_tag","embeddable":true,"href":"https:\/\/www.pr-neu.de\/newsroom\/wp-json\/wp\/v2\/tags?post=13548"}],"curies":[{"name":"wp","href":"https:\/\/api.w.org\/{rel}","templated":true}]}}