{"id":13529,"date":"2020-07-02T09:37:19","date_gmt":"2020-07-02T07:37:19","guid":{"rendered":"http:\/\/www.pr-neu.de\/newsroom\/?p=13529"},"modified":"2020-07-07T10:03:39","modified_gmt":"2020-07-07T08:03:39","slug":"suedwest-ist-top-arbeitgeber-im-mittelstand","status":"publish","type":"post","link":"https:\/\/www.pr-neu.de\/newsroom\/suedwest-ist-top-arbeitgeber-im-mittelstand\/","title":{"rendered":"S\u00fcdwest ist \u201eTop-Arbeitgeber im Mittelstand\u201c"},"content":{"rendered":"<p><strong>Auszeichnung f\u00fcr Farben- und Lack-Hersteller<\/strong><\/p>\n<p>\u201eTop-Arbeitgeber im Mittelstand 2020\u201c \u2013 diese Auszeichnung erhielt jetzt der Farbenhersteller S\u00fcdwest (B\u00f6hl-Iggelheim) von \u201eyourfirm.de\u201c, einer f\u00fchrenden Online-Jobb\u00f6rse f\u00fcr den Mittelstand. \u201eWir freuen uns sehr \u00fcber diese Ehrung. Unsere Mitarbeiter sind ein wesentlicher Erfolgsfaktor und machen den Unterschied \u2013 sie sorgen daf\u00fcr, dass wir einzigartige Produkte entwickeln, produzieren und verkaufen\u201c, meint S\u00fcdwest-Gesch\u00e4ftsf\u00fchrer Hans-J\u00f6rg von Rhade.<\/p>\n<p>S\u00fcdwest hat sich als attraktiver Arbeitgeber in der Metropolregion Rhein-Neckar etabliert mit einem umfangreichen Angebot f\u00fcr innerbetriebliche Ausbildung. Diese ist dem Unternehmen von jeher ein Anliegen: \u201eJungen Menschen eine Perspektive zu geben und durch diese auch gefordert zu werden, ist f\u00fcr uns alle ein Ansporn\u201c, so von Rhade. \u201eDas ganze gepaart mit einem mittelst\u00e4ndischen Umfeld und direktem Zugang zu allen Kolleginnen und Kollegen macht S\u00fcdwest zu einem attraktiven, stabilen Arbeitgeber. Und wir arbeiten daran, dass das so bleibt!\u201c Verbesserungspotenzial sieht von Rhade in der Kommunikation untereinander; Ziel sei, die bereichs\u00fcbergreifende Projektarbeit zu optimieren, um noch leistungsf\u00e4higer und flexibler zu werden.<\/p>\n<p>Yourfirm zeichnet die Unternehmen aus, die unter den Portal-Besuchern die beste Resonanz erzielen \u2013 die Quote der pr\u00e4mierten Firmen liegt unter 10 Prozent bei mehr als 10.000 aktiven Anbietern.<\/p>\n<p>&nbsp;<\/p>\n<hr \/>\n<p style=\"text-align: center;\"><a href=\"http:\/\/www.pr-neu.de\/newsroom\/wordpress\/wp-content\/uploads\/2020\/07\/20-07-Auszeichnung_K.jpg\" target=\"_blank\" rel=\"noopener noreferrer\"><img loading=\"lazy\" decoding=\"async\" class=\"aligncenter wp-image-13530 size-medium\" src=\"http:\/\/www.pr-neu.de\/newsroom\/wordpress\/wp-content\/uploads\/2020\/07\/20-07-Auszeichnung_K-282x300.jpg\" alt=\"\" width=\"282\" height=\"300\" srcset=\"https:\/\/www.pr-neu.de\/newsroom\/wordpress\/wp-content\/uploads\/2020\/07\/20-07-Auszeichnung_K-282x300.jpg 282w, https:\/\/www.pr-neu.de\/newsroom\/wordpress\/wp-content\/uploads\/2020\/07\/20-07-Auszeichnung_K-964x1024.jpg 964w, https:\/\/www.pr-neu.de\/newsroom\/wordpress\/wp-content\/uploads\/2020\/07\/20-07-Auszeichnung_K-768x816.jpg 768w, https:\/\/www.pr-neu.de\/newsroom\/wordpress\/wp-content\/uploads\/2020\/07\/20-07-Auszeichnung_K-1446x1536.jpg 1446w, https:\/\/www.pr-neu.de\/newsroom\/wordpress\/wp-content\/uploads\/2020\/07\/20-07-Auszeichnung_K-104x110.jpg 104w, https:\/\/www.pr-neu.de\/newsroom\/wordpress\/wp-content\/uploads\/2020\/07\/20-07-Auszeichnung_K-395x420.jpg 395w, https:\/\/www.pr-neu.de\/newsroom\/wordpress\/wp-content\/uploads\/2020\/07\/20-07-Auszeichnung_K-405x430.jpg 405w, https:\/\/www.pr-neu.de\/newsroom\/wordpress\/wp-content\/uploads\/2020\/07\/20-07-Auszeichnung_K.jpg 1796w\" sizes=\"auto, (max-width: 282px) 100vw, 282px\" \/><\/a><\/p>\n<p style=\"text-align: center;\">Ausgezeichnet: S\u00fcdwest ist<br \/>\n\u201eTop-Arbeitgeber im Mittelstand 2020\u201c.<br \/>\nBild: yourfirm.de<\/p>\n<p>&nbsp;<\/p>\n<hr \/>\n<p>&nbsp;<\/p>\n<p><strong>\u00dcber S\u00fcdwest Lacke + Farben<\/strong><\/p>\n<p>Die S\u00fcdwest Lacke + Farben GmbH &amp; Co. KG ist ein in der Pfalz beheimateter Hersteller von Lacken und Farben. Sein Produktsortiment reicht von der Bodenbeschichtung \u00fcber Holzschutz bis zur Dachfarbe, von der Innenfarbe \u00fcber Lacke bis zum W\u00e4rmed\u00e4mmverbundsystem (WDVS). Das Unternehmen steht f\u00fcr Produkte von h\u00f6chster Qualit\u00e4t, Funktionalit\u00e4t und Umweltvertr\u00e4glichkeit im Profi-Segment und z\u00e4hlt zu den f\u00fchrenden mittelst\u00e4ndischen Lackherstellern in Deutschland und Zentraleuropa.<\/p>\n<p>&nbsp;<\/p>\n<hr \/>\n<p>&nbsp;<\/p>\n<p>Abdruck honorarfrei, Belegexemplar erbeten<\/p>\n","protected":false},"excerpt":{"rendered":"<p>Auszeichnung f\u00fcr Farben- und Lack-Hersteller \u201eTop-Arbeitgeber im Mittelstand 2020\u201c \u2013 diese Auszeichnung erhielt jetzt der Farbenhersteller S\u00fcdwest (B\u00f6hl-Iggelheim) von \u201eyourfirm.de\u201c, einer f\u00fchrenden Online-Jobb\u00f6rse f\u00fcr den Mittelstand. \u201eWir freuen uns sehr \u00fcber diese Ehrung. Unsere Mitarbeiter sind ein wesentlicher Erfolgsfaktor und machen den Unterschied \u2013 sie sorgen daf\u00fcr, dass wir einzigartige Produkte entwickeln, produzieren und verkaufen\u201c, [&hellip;]<\/p>\n","protected":false},"author":6,"featured_media":13533,"comment_status":"closed","ping_status":"open","sticky":false,"template":"","format":"standard","meta":{"footnotes":""},"categories":[17],"tags":[],"class_list":["post-13529","post","type-post","status-publish","format-standard","has-post-thumbnail","hentry","category-sudwest"],"_links":{"self":[{"href":"https:\/\/www.pr-neu.de\/newsroom\/wp-json\/wp\/v2\/posts\/13529","targetHints":{"allow":["GET"]}}],"collection":[{"href":"https:\/\/www.pr-neu.de\/newsroom\/wp-json\/wp\/v2\/posts"}],"about":[{"href":"https:\/\/www.pr-neu.de\/newsroom\/wp-json\/wp\/v2\/types\/post"}],"author":[{"embeddable":true,"href":"https:\/\/www.pr-neu.de\/newsroom\/wp-json\/wp\/v2\/users\/6"}],"replies":[{"embeddable":true,"href":"https:\/\/www.pr-neu.de\/newsroom\/wp-json\/wp\/v2\/comments?post=13529"}],"version-history":[{"count":2,"href":"https:\/\/www.pr-neu.de\/newsroom\/wp-json\/wp\/v2\/posts\/13529\/revisions"}],"predecessor-version":[{"id":13534,"href":"https:\/\/www.pr-neu.de\/newsroom\/wp-json\/wp\/v2\/posts\/13529\/revisions\/13534"}],"wp:featuredmedia":[{"embeddable":true,"href":"https:\/\/www.pr-neu.de\/newsroom\/wp-json\/wp\/v2\/media\/13533"}],"wp:attachment":[{"href":"https:\/\/www.pr-neu.de\/newsroom\/wp-json\/wp\/v2\/media?parent=13529"}],"wp:term":[{"taxonomy":"category","embeddable":true,"href":"https:\/\/www.pr-neu.de\/newsroom\/wp-json\/wp\/v2\/categories?post=13529"},{"taxonomy":"post_tag","embeddable":true,"href":"https:\/\/www.pr-neu.de\/newsroom\/wp-json\/wp\/v2\/tags?post=13529"}],"curies":[{"name":"wp","href":"https:\/\/api.w.org\/{rel}","templated":true}]}}