{"id":13524,"date":"2020-06-29T09:52:41","date_gmt":"2020-06-29T07:52:41","guid":{"rendered":"http:\/\/www.pr-neu.de\/newsroom\/?p=13524"},"modified":"2020-06-29T09:53:06","modified_gmt":"2020-06-29T07:53:06","slug":"sichere-montage-fuer-leichte-bauteile","status":"publish","type":"post","link":"https:\/\/www.pr-neu.de\/newsroom\/sichere-montage-fuer-leichte-bauteile\/","title":{"rendered":"Sichere Montage f\u00fcr leichte Bauteile"},"content":{"rendered":"<p><strong>StoFix Iso-Dart: D\u00fcbel zur nachtr\u00e4glichen Montage an ged\u00e4mmten Fassaden<\/strong><\/p>\n<p>Mit dem StoFix Iso-Dart k\u00f6nnen Fachhandwerker Anbauteile bis 15 Kilogramm nachtr\u00e4glich und w\u00e4rmebr\u00fcckenreduziert an ged\u00e4mmten W\u00e4nden montieren \u2013 Briefk\u00e4sten, Schilder, Lam-pen etc. Der thermisch entkoppelte Montaged\u00fcbel funktioniert an Fassaden mit D\u00e4mmplatten aus EPS, Mineralwolle oder Mineralschaum mit Beton, Voll-\/Lochstein oder Vollholz als Untergrund. Er besteht aus der Aufnahmebuchse f\u00fcr handels-\u00fcbliche Grobgewinde- oder Stockschrauben (9 mm), kombiniert mit einem Fassadend\u00fcbel (8 mm). Das Reduzierst\u00fcck ist f\u00fcr Gro\u00dfgewindeschrauben mit 5 bis 6 mm Durchmesser geeignet.<\/p>\n<p>&nbsp;<\/p>\n<hr \/>\n<p>&nbsp;<\/p>\n<p><a href=\"http:\/\/www.pr-neu.de\/newsroom\/wordpress\/wp-content\/uploads\/2020\/06\/20-26_StoFix-Iso-Dart_K.jpg\" target=\"_blank\" rel=\"noopener noreferrer\"><img loading=\"lazy\" decoding=\"async\" class=\"wp-image-13525 size-medium aligncenter\" src=\"http:\/\/www.pr-neu.de\/newsroom\/wordpress\/wp-content\/uploads\/2020\/06\/20-26_StoFix-Iso-Dart_K-300x300.jpg\" alt=\"\" width=\"300\" height=\"300\" srcset=\"https:\/\/www.pr-neu.de\/newsroom\/wordpress\/wp-content\/uploads\/2020\/06\/20-26_StoFix-Iso-Dart_K-300x300.jpg 300w, https:\/\/www.pr-neu.de\/newsroom\/wordpress\/wp-content\/uploads\/2020\/06\/20-26_StoFix-Iso-Dart_K-1024x1024.jpg 1024w, https:\/\/www.pr-neu.de\/newsroom\/wordpress\/wp-content\/uploads\/2020\/06\/20-26_StoFix-Iso-Dart_K-150x150.jpg 150w, https:\/\/www.pr-neu.de\/newsroom\/wordpress\/wp-content\/uploads\/2020\/06\/20-26_StoFix-Iso-Dart_K-768x768.jpg 768w, https:\/\/www.pr-neu.de\/newsroom\/wordpress\/wp-content\/uploads\/2020\/06\/20-26_StoFix-Iso-Dart_K-1536x1536.jpg 1536w, https:\/\/www.pr-neu.de\/newsroom\/wordpress\/wp-content\/uploads\/2020\/06\/20-26_StoFix-Iso-Dart_K-250x250.jpg 250w, https:\/\/www.pr-neu.de\/newsroom\/wordpress\/wp-content\/uploads\/2020\/06\/20-26_StoFix-Iso-Dart_K-125x125.jpg 125w, https:\/\/www.pr-neu.de\/newsroom\/wordpress\/wp-content\/uploads\/2020\/06\/20-26_StoFix-Iso-Dart_K-110x110.jpg 110w, https:\/\/www.pr-neu.de\/newsroom\/wordpress\/wp-content\/uploads\/2020\/06\/20-26_StoFix-Iso-Dart_K-420x420.jpg 420w, https:\/\/www.pr-neu.de\/newsroom\/wordpress\/wp-content\/uploads\/2020\/06\/20-26_StoFix-Iso-Dart_K-430x430.jpg 430w, https:\/\/www.pr-neu.de\/newsroom\/wordpress\/wp-content\/uploads\/2020\/06\/20-26_StoFix-Iso-Dart_K.jpg 1772w\" sizes=\"auto, (max-width: 300px) 100vw, 300px\" \/><\/a><\/p>\n<p style=\"text-align: center;\">Der StoFix Iso-Dart ist ein D\u00fcbel f\u00fcr die nachtr\u00e4gliche<br \/>\nMontage von Bauteilen an ged\u00e4mmten Fassaden.<br \/>\nBild: Sto SE &amp; Co. KGaA<\/p>\n<p>&nbsp;<\/p>\n<p style=\"text-align: center;\"><a href=\"http:\/\/www.pr-neu.de\/newsroom\/wordpress\/wp-content\/uploads\/2020\/06\/20-26_StoFix-Iso-Dart_3_K.jpg\" target=\"_blank\" rel=\"noopener noreferrer\"><img loading=\"lazy\" decoding=\"async\" class=\"aligncenter wp-image-13526 size-medium\" src=\"http:\/\/www.pr-neu.de\/newsroom\/wordpress\/wp-content\/uploads\/2020\/06\/20-26_StoFix-Iso-Dart_3_K-300x200.jpg\" alt=\"\" width=\"300\" height=\"200\" srcset=\"https:\/\/www.pr-neu.de\/newsroom\/wordpress\/wp-content\/uploads\/2020\/06\/20-26_StoFix-Iso-Dart_3_K-300x200.jpg 300w, https:\/\/www.pr-neu.de\/newsroom\/wordpress\/wp-content\/uploads\/2020\/06\/20-26_StoFix-Iso-Dart_3_K-1024x683.jpg 1024w, https:\/\/www.pr-neu.de\/newsroom\/wordpress\/wp-content\/uploads\/2020\/06\/20-26_StoFix-Iso-Dart_3_K-768x512.jpg 768w, https:\/\/www.pr-neu.de\/newsroom\/wordpress\/wp-content\/uploads\/2020\/06\/20-26_StoFix-Iso-Dart_3_K-110x73.jpg 110w, https:\/\/www.pr-neu.de\/newsroom\/wordpress\/wp-content\/uploads\/2020\/06\/20-26_StoFix-Iso-Dart_3_K-420x280.jpg 420w, https:\/\/www.pr-neu.de\/newsroom\/wordpress\/wp-content\/uploads\/2020\/06\/20-26_StoFix-Iso-Dart_3_K-645x430.jpg 645w, https:\/\/www.pr-neu.de\/newsroom\/wordpress\/wp-content\/uploads\/2020\/06\/20-26_StoFix-Iso-Dart_3_K.jpg 1500w\" sizes=\"auto, (max-width: 300px) 100vw, 300px\" \/><\/a><\/p>\n<p style=\"text-align: center;\">Der StoFix Iso-Dart ist ein D\u00fcbel f\u00fcr die nachtr\u00e4gliche<br \/>\nMontage von Bauteilen an ged\u00e4mmten Fassaden.<br \/>\nBild: Sto SE &amp; Co. KGaA<\/p>\n<p>&nbsp;<\/p>\n<p>&nbsp;<\/p>\n<hr \/>\n<p>&nbsp;<\/p>\n<p>Abdruck honorarfrei, Belegexemplar erbeten<\/p>\n","protected":false},"excerpt":{"rendered":"<p>StoFix Iso-Dart: D\u00fcbel zur nachtr\u00e4glichen Montage an ged\u00e4mmten Fassaden Mit dem StoFix Iso-Dart k\u00f6nnen Fachhandwerker Anbauteile bis 15 Kilogramm nachtr\u00e4glich und w\u00e4rmebr\u00fcckenreduziert an ged\u00e4mmten W\u00e4nden montieren \u2013 Briefk\u00e4sten, Schilder, Lam-pen etc. Der thermisch entkoppelte Montaged\u00fcbel funktioniert an Fassaden mit D\u00e4mmplatten aus EPS, Mineralwolle oder Mineralschaum mit Beton, Voll-\/Lochstein oder Vollholz als Untergrund. Er besteht aus [&hellip;]<\/p>\n","protected":false},"author":6,"featured_media":13525,"comment_status":"closed","ping_status":"open","sticky":false,"template":"","format":"standard","meta":{"footnotes":""},"categories":[15],"tags":[],"class_list":["post-13524","post","type-post","status-publish","format-standard","has-post-thumbnail","hentry","category-sto"],"_links":{"self":[{"href":"https:\/\/www.pr-neu.de\/newsroom\/wp-json\/wp\/v2\/posts\/13524","targetHints":{"allow":["GET"]}}],"collection":[{"href":"https:\/\/www.pr-neu.de\/newsroom\/wp-json\/wp\/v2\/posts"}],"about":[{"href":"https:\/\/www.pr-neu.de\/newsroom\/wp-json\/wp\/v2\/types\/post"}],"author":[{"embeddable":true,"href":"https:\/\/www.pr-neu.de\/newsroom\/wp-json\/wp\/v2\/users\/6"}],"replies":[{"embeddable":true,"href":"https:\/\/www.pr-neu.de\/newsroom\/wp-json\/wp\/v2\/comments?post=13524"}],"version-history":[{"count":2,"href":"https:\/\/www.pr-neu.de\/newsroom\/wp-json\/wp\/v2\/posts\/13524\/revisions"}],"predecessor-version":[{"id":13528,"href":"https:\/\/www.pr-neu.de\/newsroom\/wp-json\/wp\/v2\/posts\/13524\/revisions\/13528"}],"wp:featuredmedia":[{"embeddable":true,"href":"https:\/\/www.pr-neu.de\/newsroom\/wp-json\/wp\/v2\/media\/13525"}],"wp:attachment":[{"href":"https:\/\/www.pr-neu.de\/newsroom\/wp-json\/wp\/v2\/media?parent=13524"}],"wp:term":[{"taxonomy":"category","embeddable":true,"href":"https:\/\/www.pr-neu.de\/newsroom\/wp-json\/wp\/v2\/categories?post=13524"},{"taxonomy":"post_tag","embeddable":true,"href":"https:\/\/www.pr-neu.de\/newsroom\/wp-json\/wp\/v2\/tags?post=13524"}],"curies":[{"name":"wp","href":"https:\/\/api.w.org\/{rel}","templated":true}]}}