{"id":13504,"date":"2020-06-24T13:23:16","date_gmt":"2020-06-24T11:23:16","guid":{"rendered":"http:\/\/www.pr-neu.de\/newsroom\/?p=13504"},"modified":"2020-06-24T13:24:08","modified_gmt":"2020-06-24T11:24:08","slug":"gold-aus-dem-drucker","status":"publish","type":"post","link":"https:\/\/www.pr-neu.de\/newsroom\/gold-aus-dem-drucker\/","title":{"rendered":"Gold aus dem Drucker"},"content":{"rendered":"<p>Edle Brillanz im Digitaldruck: sedak stellt neue Kompetenz vor<\/p>\n<p><strong>Mit digitaler Drucktechnologie bringt sedak Edelmetall auf Glas. Aus dem Zusammenspiel von Gold, Silber und Glas entstehen Scheiben mit faszinierender Optik \u2013 als Isolier- und Sicherheitsglas, auch gebogen. Besonders beeindruckend: Das Druckverfahren erlaubt selbst feinste Details und filigrane Strukturen. Komplexe Gestaltungsideen lassen sich hochpr\u00e4zise realisieren.<\/strong><\/p>\n<p>Zwei Materialien faszinieren die Menschheit seit jeher: Gold und Glas. Der edle Glanz des Edelmetalls mit seiner hohen Wertigkeit und die leichte Transparenz des fragilen Werkstoffs Glas entfalten kombiniert eine eigene, ganz au\u00dfergew\u00f6hnliche Wirkung. Sedak (Gersthofen) realisiert diese brillante Symbiose und bedruckt Scheiben bis 3,30 x 18 Meter mit echtem Gold und Silber \u2013 in h\u00f6chster Pr\u00e4zision und in einer Aufl\u00f6sung bis zu 1024 dpi.<\/p>\n<p>Der Druck erfolgt auf Basisglas. F\u00fcr das Druckverfahren werden die Gold- und Silberpartikel in einer speziellen L\u00f6sung gebunden und hochfein im Digitalverfahren auf das Glas appliziert. Beim anschlie\u00dfenden Vorspannprozess verbindet sich das wertvolle Metall dauerhaft mit dem Glas.<\/p>\n<p>Um das Druckbild vor Umwelteinfl\u00fcssen und mechanischen Sch\u00e4den wie Kratzern zu bewahren, liegt die bedruckte Seite im Laminat innen zur Folie hin und ist so durch das Glas gesch\u00fctzt. \u201eNach drei Jahren Forschung und Entwicklung erweitern wir nun unser Spektrum des Digitaldrucks um die M\u00f6glichkeit, Gl\u00e4ser mit dem edlen Glanz von Echtgold und Echtsilber zu gestalten \u2013 sogar im \u00dcberformat\u201c, freut sich Ulrich Theisen, Prokurist und Leiter Vertrieb bei sedak. \u201eDie Transparenz des Glases und die Brillanz der Edelmetalle gehen eine reizvolle Verbindung ein, die den Betrachter in seinen Bann zieht\u201c. Aus den Scheiben mit Echtmetalldruck fertigt sedak Isolier- und Sicherheitsgl\u00e4ser, auch gebogen.<\/p>\n<p><strong>Digitaldruck: schnell, flexibel, kreativ<\/strong><\/p>\n<p>Der Digitaldruck von Edelmetallen bietet gegen\u00fcber anderen Verfahren mehrere Vorteile. Ist beim Beschichten nur ein vollfl\u00e4chiger Auftrag der Metallschicht m\u00f6glich, k\u00f6nnen mit dem digitalen Druck selbst feinste Linien gedruckt werden: Filigrane Punkte, aufwendige Designs und sogar Farbverl\u00e4ufe sind gestalterisch m\u00f6glich. Der Kreativit\u00e4t sind kaum Grenzen gesetzt: \u201eDer digitale Gold- und Silberdruck kann auch mit keramischem Farbdruck kombiniert werden\u201c, erkl\u00e4rt Theisen. Ein weiterer Vorteil des Digitaldrucks ist der sparsame Farbauftrag \u2013 gerade bei Edelmetall ein Kostenvorteil.<\/p>\n<p>Gold und Silber sind zeitlose Klassiker und verstr\u00f6men luxuri\u00f6sen Glanz als optische Highlights. Mit dem hochwertigen Material werden extravagante Konzepte im Innenraum und auf Fassaden realisiert. F\u00fcr ein Gro\u00dfprojekt im asiatischen Raum kommt die neue Druckkompetenz von sedak nun erstmalig zum Einsatz.<\/p>\n<p>&nbsp;<\/p>\n<hr \/>\n<p>&nbsp;<\/p>\n<p>&nbsp;<\/p>\n<p><a href=\"http:\/\/www.pr-neu.de\/newsroom\/wordpress\/wp-content\/uploads\/2020\/06\/20-03_Edelmetall-Druck_01_K.jpg\" target=\"_blank\" rel=\"noopener noreferrer\"><img loading=\"lazy\" decoding=\"async\" class=\"aligncenter wp-image-13505 size-medium\" src=\"http:\/\/www.pr-neu.de\/newsroom\/wordpress\/wp-content\/uploads\/2020\/06\/20-03_Edelmetall-Druck_01_K-300x200.jpg\" alt=\"\" width=\"300\" height=\"200\" srcset=\"https:\/\/www.pr-neu.de\/newsroom\/wordpress\/wp-content\/uploads\/2020\/06\/20-03_Edelmetall-Druck_01_K-300x200.jpg 300w, https:\/\/www.pr-neu.de\/newsroom\/wordpress\/wp-content\/uploads\/2020\/06\/20-03_Edelmetall-Druck_01_K-1024x682.jpg 1024w, https:\/\/www.pr-neu.de\/newsroom\/wordpress\/wp-content\/uploads\/2020\/06\/20-03_Edelmetall-Druck_01_K-768x512.jpg 768w, https:\/\/www.pr-neu.de\/newsroom\/wordpress\/wp-content\/uploads\/2020\/06\/20-03_Edelmetall-Druck_01_K-1536x1024.jpg 1536w, https:\/\/www.pr-neu.de\/newsroom\/wordpress\/wp-content\/uploads\/2020\/06\/20-03_Edelmetall-Druck_01_K-110x73.jpg 110w, https:\/\/www.pr-neu.de\/newsroom\/wordpress\/wp-content\/uploads\/2020\/06\/20-03_Edelmetall-Druck_01_K-420x280.jpg 420w, https:\/\/www.pr-neu.de\/newsroom\/wordpress\/wp-content\/uploads\/2020\/06\/20-03_Edelmetall-Druck_01_K-645x430.jpg 645w, https:\/\/www.pr-neu.de\/newsroom\/wordpress\/wp-content\/uploads\/2020\/06\/20-03_Edelmetall-Druck_01_K.jpg 1796w\" sizes=\"auto, (max-width: 300px) 100vw, 300px\" \/><\/a><\/p>\n<p style=\"text-align: center;\">sedak bedruckt im Digitaldruckverfahren Scheiben<br \/>\nbis 3,30 x 18 Meter mit echtem Gold und Silber.<br \/>\nFoto: sedak<\/p>\n<p>&nbsp;<\/p>\n<p><a href=\"http:\/\/www.pr-neu.de\/newsroom\/wordpress\/wp-content\/uploads\/2020\/06\/20-03_Edelmetall-Druck_02_K.jpg\" target=\"_blank\" rel=\"noopener noreferrer\"><img loading=\"lazy\" decoding=\"async\" class=\"aligncenter wp-image-13506 size-medium\" src=\"http:\/\/www.pr-neu.de\/newsroom\/wordpress\/wp-content\/uploads\/2020\/06\/20-03_Edelmetall-Druck_02_K-300x225.jpg\" alt=\"\" width=\"300\" height=\"225\" srcset=\"https:\/\/www.pr-neu.de\/newsroom\/wordpress\/wp-content\/uploads\/2020\/06\/20-03_Edelmetall-Druck_02_K-300x225.jpg 300w, https:\/\/www.pr-neu.de\/newsroom\/wordpress\/wp-content\/uploads\/2020\/06\/20-03_Edelmetall-Druck_02_K-1024x768.jpg 1024w, https:\/\/www.pr-neu.de\/newsroom\/wordpress\/wp-content\/uploads\/2020\/06\/20-03_Edelmetall-Druck_02_K-768x576.jpg 768w, https:\/\/www.pr-neu.de\/newsroom\/wordpress\/wp-content\/uploads\/2020\/06\/20-03_Edelmetall-Druck_02_K-1536x1152.jpg 1536w, https:\/\/www.pr-neu.de\/newsroom\/wordpress\/wp-content\/uploads\/2020\/06\/20-03_Edelmetall-Druck_02_K-110x83.jpg 110w, https:\/\/www.pr-neu.de\/newsroom\/wordpress\/wp-content\/uploads\/2020\/06\/20-03_Edelmetall-Druck_02_K-420x315.jpg 420w, https:\/\/www.pr-neu.de\/newsroom\/wordpress\/wp-content\/uploads\/2020\/06\/20-03_Edelmetall-Druck_02_K-573x430.jpg 573w, https:\/\/www.pr-neu.de\/newsroom\/wordpress\/wp-content\/uploads\/2020\/06\/20-03_Edelmetall-Druck_02_K.jpg 1796w\" sizes=\"auto, (max-width: 300px) 100vw, 300px\" \/><\/a><\/p>\n<p style=\"text-align: center;\">Brillantes Ergebnis: Der Edelmetalldruck erlaubt selbst<br \/>\naufwendige Designs und filigrane Details \u2013 mit einer<br \/>\nAufl\u00f6sung bis zu 1024 dpi.<br \/>\nFoto: sedak<\/p>\n<p>&nbsp;<\/p>\n<p><a href=\"http:\/\/www.pr-neu.de\/newsroom\/wordpress\/wp-content\/uploads\/2020\/06\/20-03_Edelmetall-Druck_03_K.jpg\" target=\"_blank\" rel=\"noopener noreferrer\"><img loading=\"lazy\" decoding=\"async\" class=\"aligncenter wp-image-13507 size-medium\" src=\"http:\/\/www.pr-neu.de\/newsroom\/wordpress\/wp-content\/uploads\/2020\/06\/20-03_Edelmetall-Druck_03_K-300x215.jpg\" alt=\"\" width=\"300\" height=\"215\" srcset=\"https:\/\/www.pr-neu.de\/newsroom\/wordpress\/wp-content\/uploads\/2020\/06\/20-03_Edelmetall-Druck_03_K-300x215.jpg 300w, https:\/\/www.pr-neu.de\/newsroom\/wordpress\/wp-content\/uploads\/2020\/06\/20-03_Edelmetall-Druck_03_K-1024x734.jpg 1024w, https:\/\/www.pr-neu.de\/newsroom\/wordpress\/wp-content\/uploads\/2020\/06\/20-03_Edelmetall-Druck_03_K-768x550.jpg 768w, https:\/\/www.pr-neu.de\/newsroom\/wordpress\/wp-content\/uploads\/2020\/06\/20-03_Edelmetall-Druck_03_K-1536x1101.jpg 1536w, https:\/\/www.pr-neu.de\/newsroom\/wordpress\/wp-content\/uploads\/2020\/06\/20-03_Edelmetall-Druck_03_K-110x79.jpg 110w, https:\/\/www.pr-neu.de\/newsroom\/wordpress\/wp-content\/uploads\/2020\/06\/20-03_Edelmetall-Druck_03_K-420x301.jpg 420w, https:\/\/www.pr-neu.de\/newsroom\/wordpress\/wp-content\/uploads\/2020\/06\/20-03_Edelmetall-Druck_03_K-600x430.jpg 600w, https:\/\/www.pr-neu.de\/newsroom\/wordpress\/wp-content\/uploads\/2020\/06\/20-03_Edelmetall-Druck_03_K.jpg 1796w\" sizes=\"auto, (max-width: 300px) 100vw, 300px\" \/><\/a><\/p>\n<p style=\"text-align: center;\">Kreativit\u00e4t ohne Grenzen: Das bedruckte Glas l\u00e4sst sich zu<br \/>\nIsolier- und Sicherheitsglas weiterverarbeiten und sogar biegen.<br \/>\nFoto: sedak<\/p>\n<p>&nbsp;<\/p>\n<p><a href=\"http:\/\/www.pr-neu.de\/newsroom\/wordpress\/wp-content\/uploads\/2020\/06\/20-03_Edelmetall-Druck_04_K.jpg\" target=\"_blank\" rel=\"noopener noreferrer\"><img loading=\"lazy\" decoding=\"async\" class=\"aligncenter wp-image-13508 size-medium\" src=\"http:\/\/www.pr-neu.de\/newsroom\/wordpress\/wp-content\/uploads\/2020\/06\/20-03_Edelmetall-Druck_04_K-300x237.jpg\" alt=\"\" width=\"300\" height=\"237\" srcset=\"https:\/\/www.pr-neu.de\/newsroom\/wordpress\/wp-content\/uploads\/2020\/06\/20-03_Edelmetall-Druck_04_K-300x237.jpg 300w, https:\/\/www.pr-neu.de\/newsroom\/wordpress\/wp-content\/uploads\/2020\/06\/20-03_Edelmetall-Druck_04_K-1024x810.jpg 1024w, https:\/\/www.pr-neu.de\/newsroom\/wordpress\/wp-content\/uploads\/2020\/06\/20-03_Edelmetall-Druck_04_K-768x607.jpg 768w, https:\/\/www.pr-neu.de\/newsroom\/wordpress\/wp-content\/uploads\/2020\/06\/20-03_Edelmetall-Druck_04_K-110x87.jpg 110w, https:\/\/www.pr-neu.de\/newsroom\/wordpress\/wp-content\/uploads\/2020\/06\/20-03_Edelmetall-Druck_04_K-420x332.jpg 420w, https:\/\/www.pr-neu.de\/newsroom\/wordpress\/wp-content\/uploads\/2020\/06\/20-03_Edelmetall-Druck_04_K-544x430.jpg 544w, https:\/\/www.pr-neu.de\/newsroom\/wordpress\/wp-content\/uploads\/2020\/06\/20-03_Edelmetall-Druck_04_K.jpg 1514w\" sizes=\"auto, (max-width: 300px) 100vw, 300px\" \/><\/a><\/p>\n<p style=\"text-align: center;\">Reich verziert: Der Edelmetall-Druck in Gold und Silber<br \/>\nwird zu Laminat weiterverarbeitet, bleibt so vor mechanischen<br \/>\nEinfl\u00fcssen gesch\u00fctzt und beh\u00e4lt seinen charakteristischen Glanz.<br \/>\nFoto: sedak<\/p>\n<p>&nbsp;<\/p>\n<p>&nbsp;<\/p>\n<hr \/>\n<p>&nbsp;<\/p>\n<p><strong>R\u00fcckfragen beantwortet gern<\/strong><\/p>\n<table width=\"567\">\n<tbody>\n<tr>\n<td valign=\"top\" width=\"260\" height=\"25\"><strong>sedak GmbH &amp; Co. KG<br \/>\n<\/strong>Tatjana Vinkovic<br \/>\nTel.: +49(0)821\/2494-823<br \/>\nFax: +49(0)821\/2494-777<br \/>\nE-Mail: <a href=\"&#109;&#x61;&#105;&#x6c;&#116;&#x6f;&#58;&#x74;&#97;&#x74;&#106;&#x61;&#110;&#x61;&#46;&#x76;&#105;&#x6e;&#107;&#x6f;&#118;&#x69;&#99;&#x40;&#115;&#x65;d&#x61;k&#x2e;c&#x6f;m\">&#x74;&#x61;&#x74;&#106;&#97;na&#x2e;&#x76;&#x69;&#x6e;&#107;&#111;vi&#x63;&#x40;&#x73;&#101;&#100;&#97;k&#46;&#x63;&#x6f;&#x6d;<\/a><\/td>\n<td colspan=\"3\" valign=\"top\" width=\"260\" height=\"21\"><\/td>\n<\/tr>\n<\/tbody>\n<\/table>\n<p>Abdruck honorarfrei, Belegexemplar erbeten<\/p>\n<p>&nbsp;<\/p>\n<hr \/>\n<p>&nbsp;<\/p>\n<p><strong>sedak &#8211; leading glass<\/strong><\/p>\n<p>Mit Pioniergeist hat sich der Glasveredler sedak (Gersthofen) seit der Gr\u00fcndung 2007 zum Premiumhersteller f\u00fcr gro\u00dfformatige Isolier- und Sicherheitsgl\u00e4ser entwickelt und Glas als Baustoff f\u00fcr Ganzglasfassaden und -d\u00e4cher weitergedacht. Dank innovativer Produkte in h\u00f6chster Qualit\u00e4t werden ikonische Fassaden und Bauwerke mit einer bislang unerreichten Transparenz realisiert.<\/p>\n<p>Monogl\u00e4ser, Mehrfachgl\u00e4ser und Funktions-Isoliergl\u00e4ser in Formaten bis 3,6 x 20 Meter fertigt sedak hochautomatisiert und effizient. Auf einer Fertigungsfl\u00e4che von 35.000 Quadratmetern und mit einem einzigartigen Maschinenpark wird das Rohglas bearbeitet, vorgespannt, laminiert, bedruckt und laminationsgebogen und zu Isolierglas gebaut. Mit der Integration des Glasspezialisten f\u00fcr gebogenes Glas, Sunglass Industry srl (Italien), geh\u00f6rt nun auch das thermische Glasbiegen zu den Kernkompetenzen. Au\u00dfergew\u00f6hnliche L\u00f6sungen liefert der Spezialist zudem f\u00fcr Luxus-Jachten mit Gl\u00e4sern, optimiert f\u00fcr den Einsatz auf hoher See.<\/p>\n<p>Insbesondere bei Sonderkonstruktionen beweist der Glasveredler l\u00f6sungsorientierte Kompetenz. Mit Forschungs- und Entwicklungsgeist, neuen Technologien sowie der Expertise von 190 Mitarbeitern treibt sedak Innovationen der Glasveredelung stetig voran und versteht sich als Partner von Architekten, Bauherren, Fassaden- und Metallbauern. Als Spezialist f\u00fcr \u00fcbergro\u00dfe und extrem schwere Gl\u00e4ser entwickelt das Unternehmen zukunftsorientierte L\u00f6sungen, um Kundenvisionen flexibel zu verwirklichen. Vom Auftrag bis zur Lieferung agiert der Glasveredler dabei als Full-Service-Supplier. So leistet sedak schon heute einen Beitrag f\u00fcr die vision\u00e4re Architektur von morgen.<\/p>\n<p>Herausragende Referenzen belegen die eindrucksvolle Kompetenz. Dazu geh\u00f6ren u.a.: Lakhta Center, St. Petersburg \/ Haus der Europ\u00e4ischen Geschichte, Br\u00fcssel \/ medizinische Fakult\u00e4t, Montpellier \/ Torre Europa, Madrid \/ Iconsiam, Bangkok \/ Apple Park, Cupertino \/ Apple-Cube, New York \/ Experimenta, Heilbronn \/ zahlreiche Premium-Flagship-Stores.<\/p>\n<p>&nbsp;<\/p>\n<p><strong>Anwendungsgebiete <\/strong><\/p>\n<table>\n<tbody>\n<tr>\n<td width=\"251\">\u00b7\u00a0\u00a0\u00a0\u00a0\u00a0\u00a0\u00a0\u00a0 Glasfassaden<br \/>\n\u00b7\u00a0\u00a0\u00a0\u00a0\u00a0\u00a0\u00a0\u00a0 Glasd\u00e4cher<br \/>\n\u00b7\u00a0\u00a0\u00a0\u00a0\u00a0\u00a0\u00a0\u00a0 Glastreppen<br \/>\n\u00b7\u00a0\u00a0\u00a0\u00a0\u00a0\u00a0\u00a0\u00a0 Glasbr\u00fcstungen<br \/>\n\u00b7\u00a0\u00a0\u00a0\u00a0\u00a0\u00a0\u00a0\u00a0 Jachtverglasungen<\/td>\n<td width=\"251\">\u00b7\u00a0\u00a0\u00a0\u00a0\u00a0\u00a0\u00a0\u00a0 Poolverglasungen<br \/>\n\u00b7\u00a0\u00a0\u00a0\u00a0\u00a0\u00a0\u00a0\u00a0 Sicherheitsverglasungen<br \/>\n\u00b7\u00a0\u00a0\u00a0\u00a0\u00a0\u00a0\u00a0\u00a0 Ganzglaskonstruktionen<br \/>\n\u00b7\u00a0\u00a0\u00a0\u00a0\u00a0\u00a0\u00a0\u00a0 Innenarchitektur<br \/>\n\u00b7\u00a0\u00a0\u00a0\u00a0\u00a0\u00a0\u00a0\u00a0 Sonderanfertigung<\/td>\n<\/tr>\n<\/tbody>\n<\/table>\n<p>&nbsp;<\/p>\n","protected":false},"excerpt":{"rendered":"<p>Edle Brillanz im Digitaldruck: sedak stellt neue Kompetenz vor Mit digitaler Drucktechnologie bringt sedak Edelmetall auf Glas. Aus dem Zusammenspiel von Gold, Silber und Glas entstehen Scheiben mit faszinierender Optik \u2013 als Isolier- und Sicherheitsglas, auch gebogen. Besonders beeindruckend: Das Druckverfahren erlaubt selbst feinste Details und filigrane Strukturen. Komplexe Gestaltungsideen lassen sich hochpr\u00e4zise realisieren. Zwei [&hellip;]<\/p>\n","protected":false},"author":6,"featured_media":13507,"comment_status":"closed","ping_status":"open","sticky":false,"template":"","format":"standard","meta":{"footnotes":""},"categories":[12],"tags":[],"class_list":["post-13504","post","type-post","status-publish","format-standard","has-post-thumbnail","hentry","category-sedak"],"_links":{"self":[{"href":"https:\/\/www.pr-neu.de\/newsroom\/wp-json\/wp\/v2\/posts\/13504","targetHints":{"allow":["GET"]}}],"collection":[{"href":"https:\/\/www.pr-neu.de\/newsroom\/wp-json\/wp\/v2\/posts"}],"about":[{"href":"https:\/\/www.pr-neu.de\/newsroom\/wp-json\/wp\/v2\/types\/post"}],"author":[{"embeddable":true,"href":"https:\/\/www.pr-neu.de\/newsroom\/wp-json\/wp\/v2\/users\/6"}],"replies":[{"embeddable":true,"href":"https:\/\/www.pr-neu.de\/newsroom\/wp-json\/wp\/v2\/comments?post=13504"}],"version-history":[{"count":2,"href":"https:\/\/www.pr-neu.de\/newsroom\/wp-json\/wp\/v2\/posts\/13504\/revisions"}],"predecessor-version":[{"id":13510,"href":"https:\/\/www.pr-neu.de\/newsroom\/wp-json\/wp\/v2\/posts\/13504\/revisions\/13510"}],"wp:featuredmedia":[{"embeddable":true,"href":"https:\/\/www.pr-neu.de\/newsroom\/wp-json\/wp\/v2\/media\/13507"}],"wp:attachment":[{"href":"https:\/\/www.pr-neu.de\/newsroom\/wp-json\/wp\/v2\/media?parent=13504"}],"wp:term":[{"taxonomy":"category","embeddable":true,"href":"https:\/\/www.pr-neu.de\/newsroom\/wp-json\/wp\/v2\/categories?post=13504"},{"taxonomy":"post_tag","embeddable":true,"href":"https:\/\/www.pr-neu.de\/newsroom\/wp-json\/wp\/v2\/tags?post=13504"}],"curies":[{"name":"wp","href":"https:\/\/api.w.org\/{rel}","templated":true}]}}