{"id":13498,"date":"2020-06-22T09:59:25","date_gmt":"2020-06-22T07:59:25","guid":{"rendered":"http:\/\/www.pr-neu.de\/newsroom\/?p=13498"},"modified":"2020-06-22T10:10:31","modified_gmt":"2020-06-22T08:10:31","slug":"teckentrup-sagt-bau-2021-ab","status":"publish","type":"post","link":"https:\/\/www.pr-neu.de\/newsroom\/teckentrup-sagt-bau-2021-ab\/","title":{"rendered":"Teckentrup sagt BAU 2021 ab"},"content":{"rendered":"<p><!--MBNHE--><\/p>\n<p><strong>Verl, 22.06.2020.<\/strong> 2021 wird Teckentrup nicht an der BAU in M\u00fcnchen teilnehmen. Diese Entscheidung traf das Verler Unternehmen aufgrund der weiterhin nicht absehbaren Entwicklung der Corona-Pandemie. \u201eAnfang des Jahres h\u00e4tte wohl niemand gedacht, dass es soweit kommt. Nach dem f\u00fcr uns sehr erfolgreichen Messeauftritt im Jahr 2019 war die BAU f\u00fcr uns \u2018gesetzt\u2018 und wir haben uns sehr auf die Messe gefreut. Die Entscheidung fiel uns nicht leicht, aber die zu erwartenden Rahmenbedingungen werden einen \u00e4hnlich erfolgreichen Auftritt wie 2019 nicht zulassen. Auch zum Schutz unserer Mitarbeiter, Kunden und aller Messebesucher sind wir daher zu dem Schluss gekommen, nicht an der BAU teilzunehmen\u201c, erkl\u00e4rt Kai Teckentrup, Gesch\u00e4ftsf\u00fchrer von Teckentrup Door Solutions.<\/p>\n<p>Als einer der gr\u00f6\u00dften Hersteller von T\u00fcren und Toren in Europa ist Teckentrup seit vielen Jahren auf der BAU vertreten. \u201eAktuell kann niemand vorhersagen, in welcher Form ein Messebesuch m\u00f6glich sein wird. Eine BAU mit Besucherbeschr\u00e4nkungen, strengen Hygienevorschriften und Abstandsregeln k\u00f6nnen wir uns nicht vorstellen. Eine Messe lebt einfach vom pers\u00f6nlichen Austausch mit den Kunden\u201c, erl\u00e4utert Christian Hanke, Gesch\u00e4ftsleiter Marketing und Vertrieb. \u201eUnd nat\u00fcrlich spielt neben der Qualit\u00e4t auch die Quantit\u00e4t der Kontakte eine Rolle. Hier erwarten wir einen deutlichen R\u00fcckgang, insbesondere bei den internationalen G\u00e4sten.\u201c Dem Unternehmensmotto \u201eImmer die beste L\u00f6sung \u2013 Ihre L\u00f6sung\u201c bleibt das Unternehmen treu: \u201eWir halten an unserer hohen Kunden- und Serviceorientierung fest und werden unsere Ressourcen nun darauf ausrichten, gemeinsam mit unseren Kunden alternative Ma\u00dfnahmen umzusetzen\u201c, erg\u00e4nzt Kai Teckentrup.<\/p>\n<p>&nbsp;<\/p>\n<hr \/>\n<p>&nbsp;<\/p>\n<p>Abdruck honorarfrei, Belegexemplar erbeten<\/p>\n<p>&nbsp;<\/p>\n<hr \/>\n<p>&nbsp;<\/p>\n<p><strong>Teckentrup: Door Solutions<\/strong><\/p>\n<p>Teckentrup z\u00e4hlt mit den Produktionswerken in Verl-S\u00fcrenheide (Hauptsitz, NRW) und Gro\u00dfz\u00f6beritz (Sachsen-Anhalt) zu den gr\u00f6\u00dften Herstellern von T\u00fcren und Toren in Europa. Insgesamt besch\u00e4ftigt das Unternehmen \u00fcber 850 Mitarbeiter, knapp 550 davon in Verl.<br \/>\nDas in dritter Generation inhabergef\u00fchrte mittelst\u00e4ndische Familienunternehmen hat sich insbesondere den Werten Qualit\u00e4t, Design und Service verpflichtet. St\u00e4ndige Verbesserungen der Produkte und die Entwicklung neuer Technologien sind f\u00fcr Teckentrup selbstverst\u00e4nd-lich. F\u00fcr die kontinuierliche Weiterentwicklung wurde im gesamten Unternehmen eine kundenzentrierte Ausrichtung (Customer Centri-city) implementiert. So sorgt das Unternehmen daf\u00fcr, dass gemein-sam mit den Partnern stets die beste L\u00f6sung gefunden wird \u2013 hinsichtlich Design, Sicherheit und Service. Das Angebot umfasst Produktl\u00f6sungen aus den Bereichen HOME (Garagentore), PROFESSIONAL (Funktionst\u00fcren), INDUSTRIAL (Industrietore).<br \/>\nHeute verbindet das 1932 gegr\u00fcndete Unternehmen Tradition mit Fortschritt und das stets \u201emade in Germany\u201c. Zahlreiche internatio\u20acnale Zertifizierungen sind die Basis f\u00fcr einen weltweit erfolgreichen Vertrieb der Produkte. Gesellschaftliche Verantwortung \u00fcbernimmt Teckentrup unter anderem durch die Erf\u00fcllung der \u201eCharta der Vielfalt\u201c.<\/p>\n<p>&nbsp;<\/p>\n","protected":false},"excerpt":{"rendered":"<p>Verl, 22.06.2020. 2021 wird Teckentrup nicht an der BAU in M\u00fcnchen teilnehmen. Diese Entscheidung traf das Verler Unternehmen aufgrund der weiterhin nicht absehbaren Entwicklung der Corona-Pandemie. \u201eAnfang des Jahres h\u00e4tte wohl niemand gedacht, dass es soweit kommt. Nach dem f\u00fcr uns sehr erfolgreichen Messeauftritt im Jahr 2019 war die BAU f\u00fcr uns \u2018gesetzt\u2018 und wir [&hellip;]<\/p>\n","protected":false},"author":6,"featured_media":13501,"comment_status":"closed","ping_status":"open","sticky":false,"template":"","format":"standard","meta":{"footnotes":""},"categories":[18],"tags":[],"class_list":["post-13498","post","type-post","status-publish","format-standard","has-post-thumbnail","hentry","category-teckentrup"],"_links":{"self":[{"href":"https:\/\/www.pr-neu.de\/newsroom\/wp-json\/wp\/v2\/posts\/13498","targetHints":{"allow":["GET"]}}],"collection":[{"href":"https:\/\/www.pr-neu.de\/newsroom\/wp-json\/wp\/v2\/posts"}],"about":[{"href":"https:\/\/www.pr-neu.de\/newsroom\/wp-json\/wp\/v2\/types\/post"}],"author":[{"embeddable":true,"href":"https:\/\/www.pr-neu.de\/newsroom\/wp-json\/wp\/v2\/users\/6"}],"replies":[{"embeddable":true,"href":"https:\/\/www.pr-neu.de\/newsroom\/wp-json\/wp\/v2\/comments?post=13498"}],"version-history":[{"count":1,"href":"https:\/\/www.pr-neu.de\/newsroom\/wp-json\/wp\/v2\/posts\/13498\/revisions"}],"predecessor-version":[{"id":13500,"href":"https:\/\/www.pr-neu.de\/newsroom\/wp-json\/wp\/v2\/posts\/13498\/revisions\/13500"}],"wp:featuredmedia":[{"embeddable":true,"href":"https:\/\/www.pr-neu.de\/newsroom\/wp-json\/wp\/v2\/media\/13501"}],"wp:attachment":[{"href":"https:\/\/www.pr-neu.de\/newsroom\/wp-json\/wp\/v2\/media?parent=13498"}],"wp:term":[{"taxonomy":"category","embeddable":true,"href":"https:\/\/www.pr-neu.de\/newsroom\/wp-json\/wp\/v2\/categories?post=13498"},{"taxonomy":"post_tag","embeddable":true,"href":"https:\/\/www.pr-neu.de\/newsroom\/wp-json\/wp\/v2\/tags?post=13498"}],"curies":[{"name":"wp","href":"https:\/\/api.w.org\/{rel}","templated":true}]}}