{"id":13494,"date":"2020-06-08T09:51:29","date_gmt":"2020-06-08T07:51:29","guid":{"rendered":"http:\/\/www.pr-neu.de\/newsroom\/?p=13494"},"modified":"2020-06-22T09:54:47","modified_gmt":"2020-06-22T07:54:47","slug":"hanno-sagt-bau-2021-ab","status":"publish","type":"post","link":"https:\/\/www.pr-neu.de\/newsroom\/hanno-sagt-bau-2021-ab\/","title":{"rendered":"Hanno sagt BAU 2021 ab"},"content":{"rendered":"<p><strong>Absage BAU 2021: Hanno will Digitalisierung st\u00e4rken<\/strong><\/p>\n<p>Auch der Dicht- und D\u00e4mmstoff- Hersteller Hanno aus Laatzen hat sich gegen eine Teilnahme an der Messe entschieden. \u201eWir bedauern unseren R\u00fcckzug\u201c, sagt Markus Fehrmann, Vertriebsleiter Bau, \u201edoch im Hinblick auf den Schutz unserer Kollegen vor Ort ist dies f\u00fcr uns die einzig richtige Entscheidung. Es gibt kein h\u00f6heres Gut als die Gesundheit und Sicherheit unserer Mitarbeiter, Gesch\u00e4ftspartner und Kunden.\u201c<\/p>\n<p>Die BAU geh\u00f6rt seit vielen Jahren zum Kommunikations-Portfolio des Herstellers. \u201eWir werden die Arbeit an der Digitalisierung unseres Angebots weiter fortsetzen und hoffen darauf, im Jahr 2023 wieder ein Teil der BAU zu sein\u201c, blickt Fehrmann in die Zukunft.<\/p>\n<p>&nbsp;<\/p>\n<hr \/>\n<p>&nbsp;<\/p>\n<p><a href=\"http:\/\/www.pr-neu.de\/newsroom\/wordpress\/wp-content\/uploads\/2020\/06\/20-08_Fehrmann_K.jpg\" target=\"_blank\" rel=\"noopener noreferrer\"><img loading=\"lazy\" decoding=\"async\" class=\"aligncenter wp-image-13495 size-medium\" src=\"http:\/\/www.pr-neu.de\/newsroom\/wordpress\/wp-content\/uploads\/2020\/06\/20-08_Fehrmann_K-241x300.jpg\" alt=\"\" width=\"241\" height=\"300\" srcset=\"https:\/\/www.pr-neu.de\/newsroom\/wordpress\/wp-content\/uploads\/2020\/06\/20-08_Fehrmann_K-241x300.jpg 241w, https:\/\/www.pr-neu.de\/newsroom\/wordpress\/wp-content\/uploads\/2020\/06\/20-08_Fehrmann_K-823x1024.jpg 823w, https:\/\/www.pr-neu.de\/newsroom\/wordpress\/wp-content\/uploads\/2020\/06\/20-08_Fehrmann_K-768x956.jpg 768w, https:\/\/www.pr-neu.de\/newsroom\/wordpress\/wp-content\/uploads\/2020\/06\/20-08_Fehrmann_K-88x110.jpg 88w, https:\/\/www.pr-neu.de\/newsroom\/wordpress\/wp-content\/uploads\/2020\/06\/20-08_Fehrmann_K-337x420.jpg 337w, https:\/\/www.pr-neu.de\/newsroom\/wordpress\/wp-content\/uploads\/2020\/06\/20-08_Fehrmann_K-345x430.jpg 345w, https:\/\/www.pr-neu.de\/newsroom\/wordpress\/wp-content\/uploads\/2020\/06\/20-08_Fehrmann_K.jpg 1226w\" sizes=\"auto, (max-width: 241px) 100vw, 241px\" \/><\/a><\/p>\n<p>Zum Schutz der Kollegen vor Ort zieht Hanno die Teilnahme an der BAU 2021 zur\u00fcck. \u201eUnsere Ressourcen nutzen wir weiterhin f\u00fcr die Digitalisierung unseres Angebots\u201c, sagt Markus Fehrmann, Vertriebsleiter Bau.<br \/>\nBild: Hanno Werk GmbH &amp; Co. KG<\/p>\n<p>&nbsp;<\/p>\n<hr \/>\n<p>&nbsp;<\/p>\n<p>Abdruck honorarfrei, Belegexemplar erbeten<\/p>\n","protected":false},"excerpt":{"rendered":"<p>Absage BAU 2021: Hanno will Digitalisierung st\u00e4rken Auch der Dicht- und D\u00e4mmstoff- Hersteller Hanno aus Laatzen hat sich gegen eine Teilnahme an der Messe entschieden. \u201eWir bedauern unseren R\u00fcckzug\u201c, sagt Markus Fehrmann, Vertriebsleiter Bau, \u201edoch im Hinblick auf den Schutz unserer Kollegen vor Ort ist dies f\u00fcr uns die einzig richtige Entscheidung. Es gibt kein [&hellip;]<\/p>\n","protected":false},"author":6,"featured_media":13496,"comment_status":"closed","ping_status":"open","sticky":false,"template":"","format":"standard","meta":{"footnotes":""},"categories":[655],"tags":[],"class_list":["post-13494","post","type-post","status-publish","format-standard","has-post-thumbnail","hentry","category-hanno"],"_links":{"self":[{"href":"https:\/\/www.pr-neu.de\/newsroom\/wp-json\/wp\/v2\/posts\/13494","targetHints":{"allow":["GET"]}}],"collection":[{"href":"https:\/\/www.pr-neu.de\/newsroom\/wp-json\/wp\/v2\/posts"}],"about":[{"href":"https:\/\/www.pr-neu.de\/newsroom\/wp-json\/wp\/v2\/types\/post"}],"author":[{"embeddable":true,"href":"https:\/\/www.pr-neu.de\/newsroom\/wp-json\/wp\/v2\/users\/6"}],"replies":[{"embeddable":true,"href":"https:\/\/www.pr-neu.de\/newsroom\/wp-json\/wp\/v2\/comments?post=13494"}],"version-history":[{"count":1,"href":"https:\/\/www.pr-neu.de\/newsroom\/wp-json\/wp\/v2\/posts\/13494\/revisions"}],"predecessor-version":[{"id":13497,"href":"https:\/\/www.pr-neu.de\/newsroom\/wp-json\/wp\/v2\/posts\/13494\/revisions\/13497"}],"wp:featuredmedia":[{"embeddable":true,"href":"https:\/\/www.pr-neu.de\/newsroom\/wp-json\/wp\/v2\/media\/13496"}],"wp:attachment":[{"href":"https:\/\/www.pr-neu.de\/newsroom\/wp-json\/wp\/v2\/media?parent=13494"}],"wp:term":[{"taxonomy":"category","embeddable":true,"href":"https:\/\/www.pr-neu.de\/newsroom\/wp-json\/wp\/v2\/categories?post=13494"},{"taxonomy":"post_tag","embeddable":true,"href":"https:\/\/www.pr-neu.de\/newsroom\/wp-json\/wp\/v2\/tags?post=13494"}],"curies":[{"name":"wp","href":"https:\/\/api.w.org\/{rel}","templated":true}]}}