{"id":13490,"date":"2020-06-16T09:41:44","date_gmt":"2020-06-16T07:41:44","guid":{"rendered":"http:\/\/www.pr-neu.de\/newsroom\/?p=13490"},"modified":"2020-06-22T09:44:16","modified_gmt":"2020-06-22T07:44:16","slug":"alexandra-blum-leitet-marketing-von-suedwest","status":"publish","type":"post","link":"https:\/\/www.pr-neu.de\/newsroom\/alexandra-blum-leitet-marketing-von-suedwest\/","title":{"rendered":"Alexandra Blum leitet Marketing von S\u00fcdwest"},"content":{"rendered":"<p>Alexandra Blum (40) ist neue Leiterin Marketing sowie Mitglied des F\u00fchrungsteams beim Farbenhersteller S\u00fcdwest mit Sitz in B\u00f6hl-Iggelheim. In dieser Funktion verantwortet sie neben Produktmanagement, Werbung &amp; PR auch die Abteilungen Forschung und Entwicklung sowie den Technischen Service, als Bereichsleiterin berichtet sie an S\u00fcdwest-Gesch\u00e4ftsf\u00fchrer Hans-J\u00f6rg von Rhade. Die geb\u00fcrtige Pf\u00e4lzerin kommt vom Energieversorger Vattenfall, wo sie seit 2011 verschiedene F\u00fchrungspositionen bei der W\u00e4rmesparte in den M\u00e4rkten Deutschland, Schweden und Niederlande innehatte. Zuletzt war sie als Head of Marketing Germany f\u00fcr die Vattenfall Tochter Energy Solutions in Berlin und Hamburg t\u00e4tig. \u201eUnser Unternehmen ist stark im heimischen Markt verwurzelt, muss sich aber auch als Mittelst\u00e4ndler dem immer schnelleren Wandel und der Internationalisierung stellen\u201c, sagt Blum. \u201eIch danke den Kolleginnen und Kollegen f\u00fcr den herzlichen Empfang und freue mich auf die spannenden Aufgaben bei S\u00fcdwest.\u201c Vorg\u00e4nger Michael Killing ging in den Ruhestand. \u00a0<\/p>\r\n<p>&nbsp;<\/p>\r\n<hr \/>\r\n<p style=\"text-align: center;\">\u00a0<\/p>\r\n<p><a href=\"http:\/\/www.pr-neu.de\/newsroom\/wordpress\/wp-content\/uploads\/2020\/06\/20-06_Blum_K.jpg\" target=\"_blank\" rel=\"noopener noreferrer\"><img loading=\"lazy\" decoding=\"async\" class=\"aligncenter wp-image-13491 size-medium\" src=\"http:\/\/www.pr-neu.de\/newsroom\/wordpress\/wp-content\/uploads\/2020\/06\/20-06_Blum_K-300x200.jpg\" alt=\"\" width=\"300\" height=\"200\" srcset=\"https:\/\/www.pr-neu.de\/newsroom\/wordpress\/wp-content\/uploads\/2020\/06\/20-06_Blum_K-300x200.jpg 300w, https:\/\/www.pr-neu.de\/newsroom\/wordpress\/wp-content\/uploads\/2020\/06\/20-06_Blum_K-1024x682.jpg 1024w, https:\/\/www.pr-neu.de\/newsroom\/wordpress\/wp-content\/uploads\/2020\/06\/20-06_Blum_K-768x512.jpg 768w, https:\/\/www.pr-neu.de\/newsroom\/wordpress\/wp-content\/uploads\/2020\/06\/20-06_Blum_K-1536x1024.jpg 1536w, https:\/\/www.pr-neu.de\/newsroom\/wordpress\/wp-content\/uploads\/2020\/06\/20-06_Blum_K-110x73.jpg 110w, https:\/\/www.pr-neu.de\/newsroom\/wordpress\/wp-content\/uploads\/2020\/06\/20-06_Blum_K-420x280.jpg 420w, https:\/\/www.pr-neu.de\/newsroom\/wordpress\/wp-content\/uploads\/2020\/06\/20-06_Blum_K-645x430.jpg 645w, https:\/\/www.pr-neu.de\/newsroom\/wordpress\/wp-content\/uploads\/2020\/06\/20-06_Blum_K.jpg 1772w\" sizes=\"auto, (max-width: 300px) 100vw, 300px\" \/><\/a><\/p>\r\n<p style=\"text-align: center;\">Alexandra Blum (40), neue Leiterin Marketing und F&amp;E bei S\u00fcdwest. <br \/>Bild: S\u00fcdwest<\/p>\r\n<p>&nbsp;<\/p>\r\n<hr \/>\r\n<div class=\"wp-block-spacer\" aria-hidden=\"true\">\u00a0<\/div>\r\n<!-- \/wp:post-content -->\r\n\r\n<!-- wp:paragraph -->\r\n<p>Abdruck honorarfrei, Belegexemplar erbeten<\/p>","protected":false},"excerpt":{"rendered":"<p>Alexandra Blum (40) ist neue Leiterin Marketing sowie Mitglied des F\u00fchrungsteams beim Farbenhersteller S\u00fcdwest mit Sitz in B\u00f6hl-Iggelheim. In dieser Funktion verantwortet sie neben Produktmanagement, Werbung &amp; PR auch die Abteilungen Forschung und Entwicklung sowie den Technischen Service, als Bereichsleiterin berichtet sie an S\u00fcdwest-Gesch\u00e4ftsf\u00fchrer Hans-J\u00f6rg von Rhade. Die geb\u00fcrtige Pf\u00e4lzerin kommt vom Energieversorger Vattenfall, wo [&hellip;]<\/p>\n","protected":false},"author":6,"featured_media":13491,"comment_status":"closed","ping_status":"open","sticky":false,"template":"","format":"standard","meta":{"footnotes":""},"categories":[17],"tags":[],"class_list":["post-13490","post","type-post","status-publish","format-standard","has-post-thumbnail","hentry","category-sudwest"],"_links":{"self":[{"href":"https:\/\/www.pr-neu.de\/newsroom\/wp-json\/wp\/v2\/posts\/13490","targetHints":{"allow":["GET"]}}],"collection":[{"href":"https:\/\/www.pr-neu.de\/newsroom\/wp-json\/wp\/v2\/posts"}],"about":[{"href":"https:\/\/www.pr-neu.de\/newsroom\/wp-json\/wp\/v2\/types\/post"}],"author":[{"embeddable":true,"href":"https:\/\/www.pr-neu.de\/newsroom\/wp-json\/wp\/v2\/users\/6"}],"replies":[{"embeddable":true,"href":"https:\/\/www.pr-neu.de\/newsroom\/wp-json\/wp\/v2\/comments?post=13490"}],"version-history":[{"count":2,"href":"https:\/\/www.pr-neu.de\/newsroom\/wp-json\/wp\/v2\/posts\/13490\/revisions"}],"predecessor-version":[{"id":13493,"href":"https:\/\/www.pr-neu.de\/newsroom\/wp-json\/wp\/v2\/posts\/13490\/revisions\/13493"}],"wp:featuredmedia":[{"embeddable":true,"href":"https:\/\/www.pr-neu.de\/newsroom\/wp-json\/wp\/v2\/media\/13491"}],"wp:attachment":[{"href":"https:\/\/www.pr-neu.de\/newsroom\/wp-json\/wp\/v2\/media?parent=13490"}],"wp:term":[{"taxonomy":"category","embeddable":true,"href":"https:\/\/www.pr-neu.de\/newsroom\/wp-json\/wp\/v2\/categories?post=13490"},{"taxonomy":"post_tag","embeddable":true,"href":"https:\/\/www.pr-neu.de\/newsroom\/wp-json\/wp\/v2\/tags?post=13490"}],"curies":[{"name":"wp","href":"https:\/\/api.w.org\/{rel}","templated":true}]}}