{"id":1273,"date":"2012-07-12T10:18:49","date_gmt":"2012-07-12T08:18:49","guid":{"rendered":"http:\/\/www.pr-nord.de\/newsroom\/?p=1273"},"modified":"2020-05-29T09:02:18","modified_gmt":"2020-05-29T07:02:18","slug":"maximale-transparenz-im-brandschutz","status":"publish","type":"post","link":"https:\/\/www.pr-neu.de\/newsroom\/maximale-transparenz-im-brandschutz\/","title":{"rendered":"Maximale Transparenz im Brandschutz"},"content":{"rendered":"<table border=\"0\" width=\"520\" cellspacing=\"0\" cellpadding=\"0\">\n<tbody>\n<tr>\n<td><u>Teckentrup: \u00c4sthetische Feuerschutz-Ganzglast\u00fcr<\/u><\/p>\n<p><strong>Maximale Transparenz im Brandschutz<\/strong><\/p>\n<p><strong>Die neue Ganzglas-Feuerschutzt\u00fcr \u201eTeckentrup GL\u201c vereint \u00c4sthetik mit Funktionalit\u00e4t auf au\u00dfergew\u00f6hnliche Weise: Rahmenlos wirkt sie besonders transparent und leicht und eignet sich so ideal f\u00fcr exklusive Objekt-Architektur. <\/strong><\/p>\n<p>Die neue T30-Feuerschutzt\u00fcr \u201eTeckentrup GL\u201c ist bereits nach EN 1634-1 gepr\u00fcft, optional gibt es sie als rauchdichte Variante.<\/p>\n<p><strong>Eleganz im Feuerschutz<\/strong><\/p>\n<p>Als rahmenloses Ganzglas-Element eignet sie sich f\u00fcr eine sehr filigrane, transparente Architektursprache. Zur Eleganz der T\u00fcr tragen auch die designorientierten Beschl\u00e4ge bei: 3D-Spezialb\u00e4nder mit geb\u00fcrsteten Edelstahlabdeckungen, das Glast\u00fcrschloss mit eleganter Rundgriffgarnitur und der hochwertige Gleitschienen-T\u00fcrschlie\u00dfer unterstreichen die schlichte Eleganz des nur 27 Millimeter d\u00fcnnen T\u00fcrblatts.<\/p>\n<p>Bei der rauchdichten und schalld\u00e4mmenden Ausf\u00fchrung ist eine absenkbare Bodendichtung in die Glasscheibe integriert. Die neue T\u00fcr kann an Mauerwerk, Beton, Porenbeton und Leichtbaust\u00e4nderw\u00e4nde \u00fcber alle g\u00e4ngigen Zargenvarianten (Eck-, Gegen-, Umfassungs-, Blockzarge) montiert werden. Weitere Sonderausstattungen wie Panikfunktion, T\u00fcrantriebe oder ein individueller Siebdruck im Scheibeninnenraum erweitern den funktionellen und gestalterischen Spielraum zus\u00e4tzlich.<\/p>\n<hr noshade=\"noshade\" size=\"1\" \/>\n<p>Technisch Daten <strong>Feuerschutzt\u00fcr Teckentrup GL <\/strong><\/p>\n<table border=\"0\" width=\"90{ab9cb22b1639c68dfef7c1751c9d63405358944ce3964465eb35eb6b5b6beaaa}\" cellspacing=\"0\">\n<tbody>\n<tr>\n<td><\/td>\n<td><strong>Einfl\u00fcgelig<\/strong><\/td>\n<td><strong>Zweifl\u00fcgelig<\/strong><\/td>\n<\/tr>\n<tr>\n<td><strong>Breite<\/strong><\/td>\n<td>0,60 &#8230; 1,25 m<\/td>\n<td>1,50 &#8230; 2,50 m<\/td>\n<\/tr>\n<tr>\n<td><strong>H\u00f6he<\/strong><\/td>\n<td>0,80 &#8230; 2,50 m<\/td>\n<td>1,75 &#8230; 2,50 m<\/td>\n<\/tr>\n<tr>\n<td><strong>Feuerschutz<\/strong><\/td>\n<td>T 30 (EN 1634-1)<\/td>\n<td>T 30 (EN 1634-1)<\/td>\n<\/tr>\n<tr>\n<td><strong>Rauchschutz<\/strong><\/td>\n<td>Optional<\/td>\n<td>Optional<\/td>\n<\/tr>\n<tr>\n<td><strong>Schallschutz<\/strong><\/td>\n<td>Optional bis 34 dB<\/td>\n<td><\/td>\n<\/tr>\n<\/tbody>\n<\/table>\n<hr noshade=\"noshade\" size=\"1\" \/>\n<table border=\"0\" width=\"100{ab9cb22b1639c68dfef7c1751c9d63405358944ce3964465eb35eb6b5b6beaaa}\" cellspacing=\"0\" cellpadding=\"0\">\n<tbody>\n<tr>\n<td valign=\"top\" width=\"370\"><a href=\"http:\/\/www.pr-neu.de\/newsroom\/wordpress\/wp-content\/uploads\/2012\/07\/12-12-Glastuer-1_G.jpg\"><img loading=\"lazy\" decoding=\"async\" class=\"size-medium wp-image-13322\" src=\"http:\/\/www.pr-neu.de\/newsroom\/wordpress\/wp-content\/uploads\/2012\/07\/12-12-Glastuer-1_G-201x300.jpg\" alt=\"\" width=\"201\" height=\"300\" srcset=\"https:\/\/www.pr-neu.de\/newsroom\/wordpress\/wp-content\/uploads\/2012\/07\/12-12-Glastuer-1_G-201x300.jpg 201w, https:\/\/www.pr-neu.de\/newsroom\/wordpress\/wp-content\/uploads\/2012\/07\/12-12-Glastuer-1_G-687x1024.jpg 687w, https:\/\/www.pr-neu.de\/newsroom\/wordpress\/wp-content\/uploads\/2012\/07\/12-12-Glastuer-1_G-768x1144.jpg 768w, https:\/\/www.pr-neu.de\/newsroom\/wordpress\/wp-content\/uploads\/2012\/07\/12-12-Glastuer-1_G-1031x1536.jpg 1031w, https:\/\/www.pr-neu.de\/newsroom\/wordpress\/wp-content\/uploads\/2012\/07\/12-12-Glastuer-1_G-74x110.jpg 74w, https:\/\/www.pr-neu.de\/newsroom\/wordpress\/wp-content\/uploads\/2012\/07\/12-12-Glastuer-1_G-282x420.jpg 282w, https:\/\/www.pr-neu.de\/newsroom\/wordpress\/wp-content\/uploads\/2012\/07\/12-12-Glastuer-1_G-289x430.jpg 289w, https:\/\/www.pr-neu.de\/newsroom\/wordpress\/wp-content\/uploads\/2012\/07\/12-12-Glastuer-1_G.jpg 1205w\" sizes=\"auto, (max-width: 201px) 100vw, 201px\" \/><\/a><\/td>\n<td>H\u00f6chstm\u00f6gliche Transparenz, Feuerschutz nach EN 1634-1: Die neue Ganzglas-Feuerschutzt\u00fcr \u201eTeckentrup GL\u201c.<\/p>\n<p>Bild: Teckentrup<\/td>\n<\/tr>\n<tr>\n<td valign=\"top\" width=\"370\"><a href=\"http:\/\/www.pr-neu.de\/newsroom\/wordpress\/wp-content\/uploads\/2012\/07\/12-12-Glastuer-2_G.jpg\"><img loading=\"lazy\" decoding=\"async\" class=\"size-medium wp-image-13323\" src=\"http:\/\/www.pr-neu.de\/newsroom\/wordpress\/wp-content\/uploads\/2012\/07\/12-12-Glastuer-2_G-201x300.jpg\" alt=\"\" width=\"201\" height=\"300\" srcset=\"https:\/\/www.pr-neu.de\/newsroom\/wordpress\/wp-content\/uploads\/2012\/07\/12-12-Glastuer-2_G-201x300.jpg 201w, https:\/\/www.pr-neu.de\/newsroom\/wordpress\/wp-content\/uploads\/2012\/07\/12-12-Glastuer-2_G-687x1024.jpg 687w, https:\/\/www.pr-neu.de\/newsroom\/wordpress\/wp-content\/uploads\/2012\/07\/12-12-Glastuer-2_G-768x1144.jpg 768w, https:\/\/www.pr-neu.de\/newsroom\/wordpress\/wp-content\/uploads\/2012\/07\/12-12-Glastuer-2_G-1031x1536.jpg 1031w, https:\/\/www.pr-neu.de\/newsroom\/wordpress\/wp-content\/uploads\/2012\/07\/12-12-Glastuer-2_G-74x110.jpg 74w, https:\/\/www.pr-neu.de\/newsroom\/wordpress\/wp-content\/uploads\/2012\/07\/12-12-Glastuer-2_G-282x420.jpg 282w, https:\/\/www.pr-neu.de\/newsroom\/wordpress\/wp-content\/uploads\/2012\/07\/12-12-Glastuer-2_G-289x430.jpg 289w, https:\/\/www.pr-neu.de\/newsroom\/wordpress\/wp-content\/uploads\/2012\/07\/12-12-Glastuer-2_G.jpg 1205w\" sizes=\"auto, (max-width: 201px) 100vw, 201px\" \/><\/a><\/td>\n<td>H\u00f6chstm\u00f6gliche Transparenz, Feuerschutz nach EN 1634-1: Die neue Ganzglas-Feuerschutzt\u00fcr \u201eTeckentrup GL\u201c.<\/p>\n<p>Bild: Teckentrup<\/td>\n<\/tr>\n<tr>\n<td valign=\"top\" width=\"370\"><a href=\"http:\/\/www.pr-neu.de\/newsroom\/wordpress\/wp-content\/uploads\/2012\/07\/12-12_GL-Details_G.jpg\"><img loading=\"lazy\" decoding=\"async\" class=\"size-medium wp-image-13324\" src=\"http:\/\/www.pr-neu.de\/newsroom\/wordpress\/wp-content\/uploads\/2012\/07\/12-12_GL-Details_G-150x300.jpg\" alt=\"\" width=\"150\" height=\"300\" srcset=\"https:\/\/www.pr-neu.de\/newsroom\/wordpress\/wp-content\/uploads\/2012\/07\/12-12_GL-Details_G-150x300.jpg 150w, https:\/\/www.pr-neu.de\/newsroom\/wordpress\/wp-content\/uploads\/2012\/07\/12-12_GL-Details_G-512x1024.jpg 512w, https:\/\/www.pr-neu.de\/newsroom\/wordpress\/wp-content\/uploads\/2012\/07\/12-12_GL-Details_G-768x1536.jpg 768w, https:\/\/www.pr-neu.de\/newsroom\/wordpress\/wp-content\/uploads\/2012\/07\/12-12_GL-Details_G-1024x2048.jpg 1024w, https:\/\/www.pr-neu.de\/newsroom\/wordpress\/wp-content\/uploads\/2012\/07\/12-12_GL-Details_G-300x600.jpg 300w, https:\/\/www.pr-neu.de\/newsroom\/wordpress\/wp-content\/uploads\/2012\/07\/12-12_GL-Details_G-55x110.jpg 55w, https:\/\/www.pr-neu.de\/newsroom\/wordpress\/wp-content\/uploads\/2012\/07\/12-12_GL-Details_G-210x420.jpg 210w, https:\/\/www.pr-neu.de\/newsroom\/wordpress\/wp-content\/uploads\/2012\/07\/12-12_GL-Details_G-215x430.jpg 215w, https:\/\/www.pr-neu.de\/newsroom\/wordpress\/wp-content\/uploads\/2012\/07\/12-12_GL-Details_G.jpg 1181w\" sizes=\"auto, (max-width: 150px) 100vw, 150px\" \/><\/a><\/td>\n<td>Perfekt durch Details: Edelstahl-Dr\u00fcckergarnitur, leicht einstellbare 3D-Spezialb\u00e4nder mit Edelstahlabdeckung, und Gleitschienen-T\u00fcrschlie\u00dfer in Edelstahloptik unterstreichen die Eleganz der neuen T\u00fcr. Bei der rauchdichten bzw. schalld\u00e4mmenden Variante (Mitte links) ist die Bodendichtung in die Konstruktion integriert \u2013 sie senkt sich erst bei geschlossener T\u00fcr und verschlei\u00dft daher kaum.<\/p>\n<p>Bild: Teckentrup<\/td>\n<\/tr>\n<\/tbody>\n<\/table>\n<hr noshade=\"noshade\" size=\"1\" \/>\n<p>Abdruck honorarfrei, Belegexemplar erbeten<\/p>\n<p>R\u00fcckfragen beantwortet gern:<\/p>\n<p><strong>Teckentrup<\/strong> GmbH &amp; Co. KG<br \/>\nThomas Moldrickx<br \/>\nTel.: 05246 \/ 5 04-350 \/ Fax: -173<br \/>\nE-Mail: <a href=\"&#x6d;&#97;&#x69;&#108;t&#x6f;&#58;t&#x68;&#111;&#x6d;&#x61;s&#x2e;&#109;o&#x6c;&#100;&#x72;&#x69;c&#x6b;&#120;&#64;&#x74;&#101;c&#x6b;&#101;&#x6e;&#116;r&#x75;&#112;&#46;&#x62;&#105;&#x7a;\">t&#104;&#111;&#x6d;&#x61;&#x73;&#46;m&#111;&#108;&#x64;&#x72;&#x69;c&#107;&#120;&#64;&#x74;&#x65;&#x63;k&#101;&#110;&#x74;&#x72;&#x75;p&#46;&#98;&#105;&#x7a;<\/a><\/td>\n<\/tr>\n<\/tbody>\n<\/table>\n<table border=\"0\" width=\"95{ab9cb22b1639c68dfef7c1751c9d63405358944ce3964465eb35eb6b5b6beaaa}\">\n<tbody>\n<tr>\n<td><\/td>\n<\/tr>\n<\/tbody>\n<\/table>\n","protected":false},"excerpt":{"rendered":"<p>Teckentrup: \u00c4sthetische Feuerschutz-Ganzglast\u00fcr Maximale Transparenz im Brandschutz Die neue Ganzglas-Feuerschutzt\u00fcr \u201eTeckentrup GL\u201c vereint \u00c4sthetik mit Funktionalit\u00e4t auf au\u00dfergew\u00f6hnliche Weise: Rahmenlos wirkt sie besonders transparent und leicht und eignet sich so ideal f\u00fcr exklusive Objekt-Architektur. Die neue T30-Feuerschutzt\u00fcr \u201eTeckentrup GL\u201c ist bereits nach EN 1634-1 gepr\u00fcft, optional gibt es sie als rauchdichte Variante. Eleganz im Feuerschutz [&hellip;]<\/p>\n","protected":false},"author":6,"featured_media":0,"comment_status":"closed","ping_status":"open","sticky":false,"template":"","format":"standard","meta":{"footnotes":""},"categories":[3,18],"tags":[199,239,565,589],"class_list":["post-1273","post","type-post","status-publish","format-standard","hentry","category-kundenmeldungen","category-teckentrup","tag-feuerschutz","tag-glastur","tag-teckentrup","tag-tur"],"_links":{"self":[{"href":"https:\/\/www.pr-neu.de\/newsroom\/wp-json\/wp\/v2\/posts\/1273","targetHints":{"allow":["GET"]}}],"collection":[{"href":"https:\/\/www.pr-neu.de\/newsroom\/wp-json\/wp\/v2\/posts"}],"about":[{"href":"https:\/\/www.pr-neu.de\/newsroom\/wp-json\/wp\/v2\/types\/post"}],"author":[{"embeddable":true,"href":"https:\/\/www.pr-neu.de\/newsroom\/wp-json\/wp\/v2\/users\/6"}],"replies":[{"embeddable":true,"href":"https:\/\/www.pr-neu.de\/newsroom\/wp-json\/wp\/v2\/comments?post=1273"}],"version-history":[{"count":4,"href":"https:\/\/www.pr-neu.de\/newsroom\/wp-json\/wp\/v2\/posts\/1273\/revisions"}],"predecessor-version":[{"id":13325,"href":"https:\/\/www.pr-neu.de\/newsroom\/wp-json\/wp\/v2\/posts\/1273\/revisions\/13325"}],"wp:attachment":[{"href":"https:\/\/www.pr-neu.de\/newsroom\/wp-json\/wp\/v2\/media?parent=1273"}],"wp:term":[{"taxonomy":"category","embeddable":true,"href":"https:\/\/www.pr-neu.de\/newsroom\/wp-json\/wp\/v2\/categories?post=1273"},{"taxonomy":"post_tag","embeddable":true,"href":"https:\/\/www.pr-neu.de\/newsroom\/wp-json\/wp\/v2\/tags?post=1273"}],"curies":[{"name":"wp","href":"https:\/\/api.w.org\/{rel}","templated":true}]}}