{"id":1270,"date":"2012-07-09T16:56:57","date_gmt":"2012-07-09T14:56:57","guid":{"rendered":"http:\/\/www.pr-nord.de\/newsroom\/?p=1270"},"modified":"2020-05-29T08:58:42","modified_gmt":"2020-05-29T06:58:42","slug":"kicken-fr-den-guten-zweck","status":"publish","type":"post","link":"https:\/\/www.pr-neu.de\/newsroom\/kicken-fr-den-guten-zweck\/","title":{"rendered":"Kicken f\u00fcr den guten Zweck"},"content":{"rendered":"<table border=\"0\" width=\"520\" cellspacing=\"0\" cellpadding=\"0\">\n<tbody>\n<tr>\n<td><u>\u201eToleranz-Cup\u201c: Teckentrup unterst\u00fctzt regionale Initiative gegen Fremdenfeindlichkeit<\/u><\/p>\n<p><strong>Kicken f\u00fcr den guten Zweck<\/strong><\/p>\n<p>Unter dem Motto \u201eToleranz f\u00fcr Vielfalt\u201c fand im Juli der dritte Toleranz-Cup in Verl statt, ausgerichtet vom Vorjahressieger Teckentrup und dem FC S\u00fcrenheide. Mit diesem Turnier wollen die Organisatoren und die \u201eInitiative Besch\u00e4ftigung OWL\u201c ein Zeichen gegen Diskriminierung und Fremdenfeindlichkeit setzten. Am Fu\u00dfballturnier nahmen 15 Hobby- und Betriebsmannschaften teil. Gesch\u00e4ftsf\u00fchrer Kai Teckentrup: \u201eBeim Turnier geht es zwar auch um Tore, aber wichtiger ist das Miteinander vieler Menschen unterschiedlichster Herkunft. Das unterst\u00fctzen wir, denn es passt zu unseren Werten Fairness, Toleranz und Wertsch\u00e4tzung aller Menschen.\u201c Am Ende setzte sich die Fritz Husemann GmbH aus G\u00fctersloh als Sieger durch.<\/p>\n<hr noshade=\"noshade\" size=\"1\" \/>\n<table border=\"0\" width=\"100{ab9cb22b1639c68dfef7c1751c9d63405358944ce3964465eb35eb6b5b6beaaa}\" cellspacing=\"0\" cellpadding=\"0\">\n<tbody>\n<tr>\n<td valign=\"top\" width=\"370\"><a href=\"http:\/\/www.pr-neu.de\/newsroom\/wordpress\/wp-content\/uploads\/2012\/07\/12-14-Toleranz-Cup_2_G-scaled.jpg\"><img loading=\"lazy\" decoding=\"async\" class=\"size-medium wp-image-13319\" src=\"http:\/\/www.pr-neu.de\/newsroom\/wordpress\/wp-content\/uploads\/2012\/07\/12-14-Toleranz-Cup_2_G-300x124.jpg\" alt=\"\" width=\"300\" height=\"124\" srcset=\"https:\/\/www.pr-neu.de\/newsroom\/wordpress\/wp-content\/uploads\/2012\/07\/12-14-Toleranz-Cup_2_G-300x124.jpg 300w, https:\/\/www.pr-neu.de\/newsroom\/wordpress\/wp-content\/uploads\/2012\/07\/12-14-Toleranz-Cup_2_G-1024x423.jpg 1024w, https:\/\/www.pr-neu.de\/newsroom\/wordpress\/wp-content\/uploads\/2012\/07\/12-14-Toleranz-Cup_2_G-768x317.jpg 768w, https:\/\/www.pr-neu.de\/newsroom\/wordpress\/wp-content\/uploads\/2012\/07\/12-14-Toleranz-Cup_2_G-1536x635.jpg 1536w, https:\/\/www.pr-neu.de\/newsroom\/wordpress\/wp-content\/uploads\/2012\/07\/12-14-Toleranz-Cup_2_G-2048x847.jpg 2048w, https:\/\/www.pr-neu.de\/newsroom\/wordpress\/wp-content\/uploads\/2012\/07\/12-14-Toleranz-Cup_2_G-110x45.jpg 110w, https:\/\/www.pr-neu.de\/newsroom\/wordpress\/wp-content\/uploads\/2012\/07\/12-14-Toleranz-Cup_2_G-420x174.jpg 420w, https:\/\/www.pr-neu.de\/newsroom\/wordpress\/wp-content\/uploads\/2012\/07\/12-14-Toleranz-Cup_2_G-770x318.jpg 770w\" sizes=\"auto, (max-width: 300px) 100vw, 300px\" \/><\/a><\/td>\n<td>Bild: Teckentrup<\/p>\n<p>&nbsp;<\/td>\n<\/tr>\n<\/tbody>\n<\/table>\n<hr noshade=\"noshade\" size=\"1\" \/>\n<p>Abdruck honorarfrei, Belegexemplar erbeten<\/p>\n<p>R\u00fcckfragen beantwortet gern:<\/p>\n<p><strong>Teckentrup<\/strong> GmbH &amp; Co. KG<br \/>\nThomas Moldrickx<br \/>\nTel.: 05246 \/ 5 04-350 \/ Fax: -173<br \/>\nE-Mail: <a href=\"&#109;&#x61;&#x69;l&#116;&#x6f;:&#116;&#x68;&#x6f;m&#97;&#x73;&#46;&#109;&#x6f;&#x6c;d&#114;&#x69;c&#107;&#x78;&#x40;&#116;&#101;&#x63;k&#101;&#x6e;&#x74;&#114;&#x75;&#x70;&#46;&#98;&#x69;z\">&#x74;&#x68;&#111;ma&#x73;&#x2e;&#109;&#111;l&#x64;&#x72;&#105;&#99;k&#x78;&#x40;&#x74;&#101;ck&#x65;&#x6e;&#116;&#114;u&#x70;&#x2e;&#98;&#105;z<\/a><\/td>\n<\/tr>\n<\/tbody>\n<\/table>\n<table border=\"0\" width=\"95{ab9cb22b1639c68dfef7c1751c9d63405358944ce3964465eb35eb6b5b6beaaa}\">\n<tbody>\n<tr>\n<td><\/td>\n<\/tr>\n<\/tbody>\n<\/table>\n","protected":false},"excerpt":{"rendered":"<p>\u201eToleranz-Cup\u201c: Teckentrup unterst\u00fctzt regionale Initiative gegen Fremdenfeindlichkeit Kicken f\u00fcr den guten Zweck Unter dem Motto \u201eToleranz f\u00fcr Vielfalt\u201c fand im Juli der dritte Toleranz-Cup in Verl statt, ausgerichtet vom Vorjahressieger Teckentrup und dem FC S\u00fcrenheide. Mit diesem Turnier wollen die Organisatoren und die \u201eInitiative Besch\u00e4ftigung OWL\u201c ein Zeichen gegen Diskriminierung und Fremdenfeindlichkeit setzten. Am Fu\u00dfballturnier [&hellip;]<\/p>\n","protected":false},"author":6,"featured_media":0,"comment_status":"closed","ping_status":"open","sticky":false,"template":"","format":"standard","meta":{"footnotes":""},"categories":[3,18],"tags":[1513,565,574,593],"class_list":["post-1270","post","type-post","status-publish","format-standard","hentry","category-kundenmeldungen","category-teckentrup","tag-fussball","tag-teckentrup","tag-toleranz-cup","tag-turnier"],"_links":{"self":[{"href":"https:\/\/www.pr-neu.de\/newsroom\/wp-json\/wp\/v2\/posts\/1270","targetHints":{"allow":["GET"]}}],"collection":[{"href":"https:\/\/www.pr-neu.de\/newsroom\/wp-json\/wp\/v2\/posts"}],"about":[{"href":"https:\/\/www.pr-neu.de\/newsroom\/wp-json\/wp\/v2\/types\/post"}],"author":[{"embeddable":true,"href":"https:\/\/www.pr-neu.de\/newsroom\/wp-json\/wp\/v2\/users\/6"}],"replies":[{"embeddable":true,"href":"https:\/\/www.pr-neu.de\/newsroom\/wp-json\/wp\/v2\/comments?post=1270"}],"version-history":[{"count":3,"href":"https:\/\/www.pr-neu.de\/newsroom\/wp-json\/wp\/v2\/posts\/1270\/revisions"}],"predecessor-version":[{"id":13320,"href":"https:\/\/www.pr-neu.de\/newsroom\/wp-json\/wp\/v2\/posts\/1270\/revisions\/13320"}],"wp:attachment":[{"href":"https:\/\/www.pr-neu.de\/newsroom\/wp-json\/wp\/v2\/media?parent=1270"}],"wp:term":[{"taxonomy":"category","embeddable":true,"href":"https:\/\/www.pr-neu.de\/newsroom\/wp-json\/wp\/v2\/categories?post=1270"},{"taxonomy":"post_tag","embeddable":true,"href":"https:\/\/www.pr-neu.de\/newsroom\/wp-json\/wp\/v2\/tags?post=1270"}],"curies":[{"name":"wp","href":"https:\/\/api.w.org\/{rel}","templated":true}]}}