{"id":1178,"date":"2012-05-03T15:58:36","date_gmt":"2012-05-03T13:58:36","guid":{"rendered":"http:\/\/www.pr-nord.de\/newsroom\/?p=1178"},"modified":"2020-05-29T08:47:56","modified_gmt":"2020-05-29T06:47:56","slug":"neuer-fullspachtel-komplettiert-angebot","status":"publish","type":"post","link":"https:\/\/www.pr-neu.de\/newsroom\/neuer-fullspachtel-komplettiert-angebot\/","title":{"rendered":"Neuer F\u00fcllspachtel komplettiert Angebot"},"content":{"rendered":"<table border=\"0\" width=\"550\" cellspacing=\"0\" cellpadding=\"0\">\n<tbody>\n<tr>\n<td><span style=\"text-decoration: underline;\">Umfassendes Spachtel-Sortiment von S\u00fcdwest <\/span><\/p>\n<p><strong>Neuer F\u00fcllspachtel komplettiert Angebot<\/strong><\/p>\n<p><strong>S\u00fcdwest rundet mit dem neuen \u201eF\u00fcllSpachtel\u201c sein breites Spachtel-Sortiment ab. Der pulverf\u00f6rmige, optimal schleifbare Gipsspachtel f\u00fcr mineralische Untergr\u00fcnde ist f\u00fcr die Qualit\u00e4tsstufen Q3 und Q4 ausgelegt. Mit dem \u201eProfi-Gf Spachtel\u201c und dem \u201eRapid Spachtel\u201c bietet das Unternehmen ein vollst\u00e4ndiges Spachtel-Sortiment f\u00fcr den Innenraum auf Gips- und Zementbasis f\u00fcr die Qualit\u00e4tsstufen Q1 bis Q4. <\/strong><\/p>\n<p>Der neue dispersionsverg\u00fctete \u201eF\u00fcllSpachtel\u201c funktioniert auch auf gr\u00f6\u00dferen Fugen, Rissen und Vertiefungen in Decken und W\u00e4nden. Aufgrund der guten Schleifbarkeit eignet er sich ideal zum Gl\u00e4tten von Gipskartonplatten. Mit einer Offenzeit von 60 Minuten ist der Spachtel auch noch nach ungeplanten Arbeitsunterbrechungen (z.B. durch einen Anruf) problemlos zu verarbeiten. In einem Arbeitsgang sind Schichtst\u00e4rken bis 30 Millimeter m\u00f6glich.<\/p>\n<p>Au\u00dferdem geh\u00f6rt der \u201eProfi-Gf Spachtel\u201c f\u00fcr Oberfl\u00e4chen von Q1 bis Q4 zum Sortiment. Er ist f\u00fcr viele Untergr\u00fcnde ideal und haftet auch auf organischen Untergr\u00fcnden optimal \u2013 zum Beispiel auf Latexfarben mit Seidenglanz. Mit hoher Dispersionsverg\u00fctung kann er problemlos ohne einzufallen in hoher Schichtst\u00e4rke verarbeitet werden. Der faserverst\u00e4rkte Spachtel kommt ohne Bewehrungsstreifen auf spannungsfrei montierten Trockenbauplatten aus. Eine Grundierung ist nicht erforderlich, der zweite Auftrag kann innerhalb von 90 Minuten nass-in-nass durchgef\u00fchrt werden.<\/p>\n<p>Dritter Teil des Sortiments ist der Zementspachtel \u201eRapid Spachtel\u201c (Q1-Q4). Auch dieser ist faserverst\u00e4rkt und auf fast allen Untergr\u00fcnden (mineralisch, organisch, nicht saugend) anwendbar. Er zeichnet sich durch schnelle Trocknung (30 Minuten) und geringe Spannungsanf\u00e4lligkeit aus. Selbst bei hohen Schichtst\u00e4rken bis 50 Millimeter ist er in einem Arbeitsgang anwendbar.<\/p>\n<p>&nbsp;<\/p>\n<hr noshade=\"noshade\" size=\"1\" \/>\n<p>&nbsp;<\/p>\n<table border=\"0\" width=\"550\">\n<tbody>\n<tr>\n<td><a href=\"http:\/\/www.pr-neu.de\/newsroom\/wordpress\/wp-content\/uploads\/2012\/05\/12-04-Spachtel_K.jpg\"><img loading=\"lazy\" decoding=\"async\" class=\"size-medium wp-image-13298\" src=\"http:\/\/www.pr-neu.de\/newsroom\/wordpress\/wp-content\/uploads\/2012\/05\/12-04-Spachtel_K-300x200.jpg\" alt=\"\" width=\"300\" height=\"200\" srcset=\"https:\/\/www.pr-neu.de\/newsroom\/wordpress\/wp-content\/uploads\/2012\/05\/12-04-Spachtel_K-300x200.jpg 300w, https:\/\/www.pr-neu.de\/newsroom\/wordpress\/wp-content\/uploads\/2012\/05\/12-04-Spachtel_K-110x73.jpg 110w, https:\/\/www.pr-neu.de\/newsroom\/wordpress\/wp-content\/uploads\/2012\/05\/12-04-Spachtel_K.jpg 340w\" sizes=\"auto, (max-width: 300px) 100vw, 300px\" \/><\/a><\/p>\n<p>&nbsp;<\/td>\n<td><\/td>\n<td valign=\"top\"><span style=\"font-family: Arial; font-size: x-small;\">Neben einst\u00fcndiger Offenzeit und 30 Millimetern pro Arbeits-gang bietet der neue \u201eF\u00fcllSpachtel\u201c hohe Qualit\u00e4tsstufen und ideale Schleifbarkeit. Foto. S\u00fcdwest<\/span><\/p>\n<p>Foto: S\u00fcdwest Lacke + Farben<\/td>\n<\/tr>\n<\/tbody>\n<\/table>\n<hr align=\"left\" size=\"1\" width=\"550\" \/>\n<p>&nbsp;<\/p>\n<p><span style=\"font-family: Arial; font-size: x-small;\">Abdruck honorarfrei, Belegexemplar erbeten an:<\/span><\/p>\n<p>&nbsp;<\/p>\n<p>&nbsp;<\/td>\n<\/tr>\n<\/tbody>\n<\/table>\n<p>&nbsp;<\/p>\n<div class=\"addthis_toolbox addthis_default_style\"><\/div>\n<p>&nbsp;<\/p>\n","protected":false},"excerpt":{"rendered":"<p>Umfassendes Spachtel-Sortiment von S\u00fcdwest Neuer F\u00fcllspachtel komplettiert Angebot S\u00fcdwest rundet mit dem neuen \u201eF\u00fcllSpachtel\u201c sein breites Spachtel-Sortiment ab. Der pulverf\u00f6rmige, optimal schleifbare Gipsspachtel f\u00fcr mineralische Untergr\u00fcnde ist f\u00fcr die Qualit\u00e4tsstufen Q3 und Q4 ausgelegt. Mit dem \u201eProfi-Gf Spachtel\u201c und dem \u201eRapid Spachtel\u201c bietet das Unternehmen ein vollst\u00e4ndiges Spachtel-Sortiment f\u00fcr den Innenraum auf Gips- und Zementbasis [&hellip;]<\/p>\n","protected":false},"author":6,"featured_media":0,"comment_status":"closed","ping_status":"open","sticky":false,"template":"","format":"standard","meta":{"footnotes":""},"categories":[17],"tags":[],"class_list":["post-1178","post","type-post","status-publish","format-standard","hentry","category-sudwest"],"_links":{"self":[{"href":"https:\/\/www.pr-neu.de\/newsroom\/wp-json\/wp\/v2\/posts\/1178","targetHints":{"allow":["GET"]}}],"collection":[{"href":"https:\/\/www.pr-neu.de\/newsroom\/wp-json\/wp\/v2\/posts"}],"about":[{"href":"https:\/\/www.pr-neu.de\/newsroom\/wp-json\/wp\/v2\/types\/post"}],"author":[{"embeddable":true,"href":"https:\/\/www.pr-neu.de\/newsroom\/wp-json\/wp\/v2\/users\/6"}],"replies":[{"embeddable":true,"href":"https:\/\/www.pr-neu.de\/newsroom\/wp-json\/wp\/v2\/comments?post=1178"}],"version-history":[{"count":3,"href":"https:\/\/www.pr-neu.de\/newsroom\/wp-json\/wp\/v2\/posts\/1178\/revisions"}],"predecessor-version":[{"id":13299,"href":"https:\/\/www.pr-neu.de\/newsroom\/wp-json\/wp\/v2\/posts\/1178\/revisions\/13299"}],"wp:attachment":[{"href":"https:\/\/www.pr-neu.de\/newsroom\/wp-json\/wp\/v2\/media?parent=1178"}],"wp:term":[{"taxonomy":"category","embeddable":true,"href":"https:\/\/www.pr-neu.de\/newsroom\/wp-json\/wp\/v2\/categories?post=1178"},{"taxonomy":"post_tag","embeddable":true,"href":"https:\/\/www.pr-neu.de\/newsroom\/wp-json\/wp\/v2\/tags?post=1178"}],"curies":[{"name":"wp","href":"https:\/\/api.w.org\/{rel}","templated":true}]}}