{"id":1134,"date":"2012-04-02T10:08:00","date_gmt":"2012-04-02T08:08:00","guid":{"rendered":"http:\/\/www.pr-nord.de\/newsroom\/?p=1134"},"modified":"2020-05-29T08:46:53","modified_gmt":"2020-05-29T06:46:53","slug":"dimmbares-sonnenschutzglas-solarsensor-automatik-vorgestellt","status":"publish","type":"post","link":"https:\/\/www.pr-neu.de\/newsroom\/dimmbares-sonnenschutzglas-solarsensor-automatik-vorgestellt\/","title":{"rendered":"Dimmbares Sonnenschutzglas: Solarsensor-Automatik vorgestellt"},"content":{"rendered":"<p><span style=\"text-decoration: underline;\"> EControl-Glas auf der fensterbau\/frontale <\/span><\/p>\n<p>Dimmbares Glas f\u00fcr \u201eSmart Homes\u201c: Neue Komfort-Steuerung \/ \u201eEC Comfort\u201c f\u00fcrs perfekte Raumklima<\/p>\n<p><strong>Mit dimmbarem Glas, das seine Eigenschaften je nach Wetterlage ver\u00e4ndern kann, wurde die EControl-Glas GmbH (Plauen) bekannt. Auf der fensterbau\/frontale in N\u00fcrnberg stellte das Unternehmen jetzt die automatische Steuerung ihrer Verglasung \u00fcber einen Solarsensor vor. \u00dcberschreitet die Sonnenstrahlung einen vorher eingestellten Grenzwert, dimmt die Elektronik \u201eEC Comfort\u201c das Glas automatisch. Vertriebsleiter Manfred Dittmar freute sich \u00fcber eine hohe Anzahl von Besuchern, die aus ganz Europa an den Stand str\u00f6mten: \u201eDas internationale Interesse an unserer dimmbaren Verglasung w\u00e4chst sp\u00fcrbar. Die Branche hat erkannt, dass EControl eine ebenso intelligente wie innovative L\u00f6sung f\u00fcr den gehobenen Wohnbau und f\u00fcr eine nachhaltige Objektarchitektur ist.\u201c <\/strong><\/p>\n<p>\u201eEC Comfort\u201c ist ein intelligentes Steuerungssystem, dass in Verbindung mit der dimmbaren Verglasung den Energieeintrag und die Tageslichttransmission f\u00fcr jeden Raum eines Geb\u00e4udes automatisch regelt. \u00dcber ein modernes Touch-Panel k\u00f6nnen \u201eper Fingerstreich\u201c frei w\u00e4hlbare Dimmstufen eingestellt werden. Alternativ kommt die \u201eKlimaautomatik\u201c ins Spiel: Registriert ein au\u00dfen installierter Solarsensor das \u00dcberschreiten eines vorher eingestellten Grenzwertes, dimmt die intelligente Elektronik das Glas automatisch. Das ist insbesondere dann interessant, wenn die Nutzer eines Geb\u00e4udes konstant ideale Temperaturen und trotzdem viel Tageslicht ben\u00f6tigen, z.B. hinter gro\u00dffl\u00e4chigen Glasfassaden in B\u00fcrogeb\u00e4uden. Ebenso attraktiv ist es f\u00fcr Hausbesitzer: Bevor die Bewohner morgens zur Arbeit fahren, stellen sie das System auf Automatik ein. Wenn gegen Mittag die Au\u00dfentemperaturen steigen und die Sonne intensiv strahlt, sendet der Solarsensor ein Signal an die Elektronik. \u201eDie Steuerung reduziert daraufhin automatisch den solaren Energieeintrag, indem sie die Scheiben dimmt. So bleiben die Innentemperaturen stets angenehm. Das freut die Bewohner und ihren Geldbeutel \u2013 teure Klimatisierung kann entfallen\u201c, erl\u00e4utert Dittmar.<\/p>\n<p>Ebenfalls auf starkes Besucherinteresse stie\u00df zur Messe die \u00dcberkopfverglasung \u201eEControl smart roof\u201c. Hiermit bleiben R\u00e4ume auch unter gro\u00dffl\u00e4chigen Glasd\u00e4chern ganzj\u00e4hrig angenehm temperiert \u2013 und das ohne au\u00dfenliegende Verschattung. Der Grund: Auf der st\u00e4rksten Dimmstufe l\u00e4sst das Glas nur noch knapp zehn Prozent der w\u00e4rmenden Sonnenstrahlen in den Raum und reduziert durch die angenehme Blaut\u00f6nung gleichzeitig Blendeffekte.<\/p>\n<p>Weitere Informationen finden Sie im Internet unter <a href=\"http:\/\/www.econtrol-glas.de\" target=\"_blank\" rel=\"noopener noreferrer\">www.econtrol-glas.de<\/a>.<\/p>\n<hr noshade=\"noshade\" size=\"1\" \/>\n<table style=\"height: 284px;\" border=\"0\" width=\"668\" cellspacing=\"0\" cellpadding=\"0\">\n<tbody>\n<tr>\n<td valign=\"top\" width=\"370\" height=\"200\"><a href=\"http:\/\/www.pr-neu.de\/newsroom\/wordpress\/wp-content\/uploads\/2012\/04\/12-03_Messestand_G-1.jpg\"><img loading=\"lazy\" decoding=\"async\" class=\"aligncenter size-medium wp-image-13296\" src=\"http:\/\/www.pr-neu.de\/newsroom\/wordpress\/wp-content\/uploads\/2012\/04\/12-03_Messestand_G-1-300x230.jpg\" alt=\"\" width=\"300\" height=\"230\" srcset=\"https:\/\/www.pr-neu.de\/newsroom\/wordpress\/wp-content\/uploads\/2012\/04\/12-03_Messestand_G-1-300x230.jpg 300w, https:\/\/www.pr-neu.de\/newsroom\/wordpress\/wp-content\/uploads\/2012\/04\/12-03_Messestand_G-1-1024x786.jpg 1024w, https:\/\/www.pr-neu.de\/newsroom\/wordpress\/wp-content\/uploads\/2012\/04\/12-03_Messestand_G-1-768x590.jpg 768w, https:\/\/www.pr-neu.de\/newsroom\/wordpress\/wp-content\/uploads\/2012\/04\/12-03_Messestand_G-1-1536x1179.jpg 1536w, https:\/\/www.pr-neu.de\/newsroom\/wordpress\/wp-content\/uploads\/2012\/04\/12-03_Messestand_G-1-2048x1572.jpg 2048w, https:\/\/www.pr-neu.de\/newsroom\/wordpress\/wp-content\/uploads\/2012\/04\/12-03_Messestand_G-1-110x84.jpg 110w, https:\/\/www.pr-neu.de\/newsroom\/wordpress\/wp-content\/uploads\/2012\/04\/12-03_Messestand_G-1-420x322.jpg 420w, https:\/\/www.pr-neu.de\/newsroom\/wordpress\/wp-content\/uploads\/2012\/04\/12-03_Messestand_G-1-560x430.jpg 560w\" sizes=\"auto, (max-width: 300px) 100vw, 300px\" \/><\/a><\/td>\n<td>Auf der fensterbau\/frontale pr\u00e4sentierte EControl die automatische Steuerung des dimmbaren Glases \u00fcber einen Solarsensor \u2013 per Touch-Panel \u201eEC Comfort\u201c.<\/p>\n<p>Foto: EControl-Glas<\/td>\n<\/tr>\n<\/tbody>\n<\/table>\n<hr noshade=\"noshade\" size=\"1\" \/>\n<p>Abdruck honorarfrei, Belegexemplar erbeten<\/p>\n<p><strong>R\u00fcckfragen beantwortet gern<\/strong><\/p>\n<table width=\"532\">\n<tbody>\n<tr>\n<td valign=\"top\" width=\"260\" height=\"25\"><strong>EControl-Glas<\/strong> GmbH &amp; Co. KG<br \/>\nNadine Witt<br \/>\nTel.: +49(0)3741\/14820-116<br \/>\nFax: +49(0)3741\/14820-150<br \/>\nE-Mail: <a href=\"&#109;&#x61;&#x69;l&#116;&#x6f;&#x3a;p&#114;&#x65;s&#115;&#x65;&#x40;e&#99;&#x6f;n&#116;&#x72;&#x6f;l&#45;&#x67;&#x6c;&#97;&#x73;&#x2e;d&#101;\">&#112;&#x72;&#101;&#x73;s&#x65;&#64;&#101;&#x63;&#111;&#x6e;t&#x72;o&#108;&#x2d;&#103;&#x6c;a&#x73;&#46;&#100;&#x65;<\/a><\/td>\n<td colspan=\"3\" valign=\"top\" width=\"260\" height=\"21\"><\/td>\n<\/tr>\n<\/tbody>\n<\/table>\n","protected":false},"excerpt":{"rendered":"<p>EControl-Glas auf der fensterbau\/frontale Dimmbares Glas f\u00fcr \u201eSmart Homes\u201c: Neue Komfort-Steuerung \/ \u201eEC Comfort\u201c f\u00fcrs perfekte Raumklima Mit dimmbarem Glas, das seine Eigenschaften je nach Wetterlage ver\u00e4ndern kann, wurde die EControl-Glas GmbH (Plauen) bekannt. Auf der fensterbau\/frontale in N\u00fcrnberg stellte das Unternehmen jetzt die automatische Steuerung ihrer Verglasung \u00fcber einen Solarsensor vor. \u00dcberschreitet die Sonnenstrahlung [&hellip;]<\/p>\n","protected":false},"author":6,"featured_media":7877,"comment_status":"closed","ping_status":"open","sticky":false,"template":"","format":"standard","meta":{"footnotes":""},"categories":[25,3,6],"tags":[134,143,147,194,195,230,424,474,485,493],"class_list":["post-1134","post","type-post","status-publish","format-standard","has-post-thumbnail","hentry","category-econtrol","category-kundenmeldungen","category-messen","tag-dimmbar","tag-ec-comfort","tag-econtrol-2","tag-fenster","tag-fensterbaufrontale","tag-glas","tag-raumklima","tag-smart-homes","tag-solarsensor-automatik","tag-sonnenschutzglas"],"_links":{"self":[{"href":"https:\/\/www.pr-neu.de\/newsroom\/wp-json\/wp\/v2\/posts\/1134","targetHints":{"allow":["GET"]}}],"collection":[{"href":"https:\/\/www.pr-neu.de\/newsroom\/wp-json\/wp\/v2\/posts"}],"about":[{"href":"https:\/\/www.pr-neu.de\/newsroom\/wp-json\/wp\/v2\/types\/post"}],"author":[{"embeddable":true,"href":"https:\/\/www.pr-neu.de\/newsroom\/wp-json\/wp\/v2\/users\/6"}],"replies":[{"embeddable":true,"href":"https:\/\/www.pr-neu.de\/newsroom\/wp-json\/wp\/v2\/comments?post=1134"}],"version-history":[{"count":4,"href":"https:\/\/www.pr-neu.de\/newsroom\/wp-json\/wp\/v2\/posts\/1134\/revisions"}],"predecessor-version":[{"id":13297,"href":"https:\/\/www.pr-neu.de\/newsroom\/wp-json\/wp\/v2\/posts\/1134\/revisions\/13297"}],"wp:featuredmedia":[{"embeddable":true,"href":"https:\/\/www.pr-neu.de\/newsroom\/wp-json\/wp\/v2\/media\/7877"}],"wp:attachment":[{"href":"https:\/\/www.pr-neu.de\/newsroom\/wp-json\/wp\/v2\/media?parent=1134"}],"wp:term":[{"taxonomy":"category","embeddable":true,"href":"https:\/\/www.pr-neu.de\/newsroom\/wp-json\/wp\/v2\/categories?post=1134"},{"taxonomy":"post_tag","embeddable":true,"href":"https:\/\/www.pr-neu.de\/newsroom\/wp-json\/wp\/v2\/tags?post=1134"}],"curies":[{"name":"wp","href":"https:\/\/api.w.org\/{rel}","templated":true}]}}