{"id":11327,"date":"2020-04-09T08:00:12","date_gmt":"2020-04-09T06:00:12","guid":{"rendered":"http:\/\/www.pr-nord.de\/newsroom\/?p=11327"},"modified":"2020-05-19T08:36:46","modified_gmt":"2020-05-19T06:36:46","slug":"125-jahre-jung_kurz","status":"publish","type":"post","link":"https:\/\/www.pr-neu.de\/newsroom\/125-jahre-jung_kurz\/","title":{"rendered":"\u201e125 Jahre jung\u201c"},"content":{"rendered":"<p><strong>Hanno feiert rundes Jubil\u00e4um<\/strong><\/p>\n<p>An die Spitze in der Nische \u2013 mit eigener Forschungsabteilung entwickelt das Unternehmen Hanno (Laatzen) stetig neue L\u00f6sungen f\u00fcr bessere Verarbeitung sowie optimierte D\u00e4mmung und feiert nun sein 125-j\u00e4hriges Jubil\u00e4um. Im vergangenen Jahr weihte Hanno seine neuen Geb\u00e4ude am Hanno-Ring ein, jetzt folgte die Feier zum Jahrestag. \u201eWir freuen uns \u00fcber dieses seltene Jubil\u00e4um \u2013 und \u00fcber die Anerkennung, die uns durch den prominenten Besuch gezeigt wird\u201c, freute sich Hanno-Gesch\u00e4ftsf\u00fchrer G\u00fcnther Krohn \u00fcber die Gl\u00fcckw\u00fcnsche des stellvertretenden Hauptgesch\u00e4ftsf\u00fchrers der IHK Hannover, Christian Bebek, und des Laatzener B\u00fcrgermeisters J\u00fcrgen K\u00f6hne. Das Versprechen in die Zukunft hei\u00dft auch, sich weiter zu entwickeln. Krohn: \u201eWir wollen L\u00f6sungen f\u00fcr morgen entwickeln. Ich bin davon \u00fcberzeugt, dass uns das mit unseren hochqualifizierten Mitarbeitern auch weiterhin gelingen wird.\u201c Mit mittlerweile rund 200 Mitarbeitern z\u00e4hlt Hanno zu den gr\u00f6\u00dften industriellen Arbeitgebern Laatzens. Die Bilanz nach 125 Jahren Hanno f\u00e4llt also sehr positiv aus \u2013 so sieht Krohn Hanno zwar als Firma mit Geschichte, aber nicht als alt: \u201eWir sind 125 jung!\u201c<\/p>\n<hr \/>\n<p><a href=\"http:\/\/www.pr-neu.de\/newsroom\/wordpress\/wp-content\/uploads\/2020\/03\/20-06-125-Jahre_01_quer_K.jpg\" target=\"_blank\" rel=\"noopener noreferrer\"><img loading=\"lazy\" decoding=\"async\" class=\"aligncenter wp-image-11213 size-medium\" src=\"http:\/\/www.pr-neu.de\/newsroom\/wordpress\/wp-content\/uploads\/2020\/03\/20-06-125-Jahre_01_quer_K-300x200.jpg\" alt=\"\" width=\"300\" height=\"200\" srcset=\"https:\/\/www.pr-neu.de\/newsroom\/wordpress\/wp-content\/uploads\/2020\/03\/20-06-125-Jahre_01_quer_K-300x200.jpg 300w, https:\/\/www.pr-neu.de\/newsroom\/wordpress\/wp-content\/uploads\/2020\/03\/20-06-125-Jahre_01_quer_K-768x512.jpg 768w, https:\/\/www.pr-neu.de\/newsroom\/wordpress\/wp-content\/uploads\/2020\/03\/20-06-125-Jahre_01_quer_K-1024x682.jpg 1024w, https:\/\/www.pr-neu.de\/newsroom\/wordpress\/wp-content\/uploads\/2020\/03\/20-06-125-Jahre_01_quer_K-110x73.jpg 110w, https:\/\/www.pr-neu.de\/newsroom\/wordpress\/wp-content\/uploads\/2020\/03\/20-06-125-Jahre_01_quer_K-420x280.jpg 420w, https:\/\/www.pr-neu.de\/newsroom\/wordpress\/wp-content\/uploads\/2020\/03\/20-06-125-Jahre_01_quer_K-645x430.jpg 645w, https:\/\/www.pr-neu.de\/newsroom\/wordpress\/wp-content\/uploads\/2020\/03\/20-06-125-Jahre_01_quer_K.jpg 1772w\" sizes=\"auto, (max-width: 300px) 100vw, 300px\" \/><\/a><\/p>\n<p style=\"text-align: center;\">Die G\u00e4ste und Redner bei der Feier des 125-j\u00e4hrigen Jubil\u00e4ums von links nach rechts:<br \/>\nRainer Scholz (Vertreter der Eigent\u00fcmerschaft), J\u00fcrgen K\u00f6hne (B\u00fcrgermeister Laatzen),<br \/>\nG\u00fcnter Krohn (Gesch\u00e4ftsf\u00fchrer Hanno), Christian Bebek (stellvertretender Hauptgesch\u00e4ftsf\u00fchrer<br \/>\nder IHK Hannover) und Steffen Koch (Wirtschaftsf\u00f6rderung Hannover).<br \/>\nIm Hintergrund ist die neue Maschine von Hanno zu sehen. Sie soll ab Mai u.a.<br \/>\nf\u00fcr das Impr\u00e4gnieren von Dichtungsb\u00e4ndern genutzt werden.<\/p>\n<p style=\"text-align: center;\">Foto: Hanno Werk GmbH &amp; Co. KG<\/p>\n<p style=\"text-align: center;\"><a href=\"http:\/\/www.pr-neu.de\/newsroom\/wordpress\/wp-content\/uploads\/2020\/03\/20-06_Hanno-Werk_alt_K.jpg\" target=\"_blank\" rel=\"noopener noreferrer\"><img loading=\"lazy\" decoding=\"async\" class=\"aligncenter wp-image-11217 size-medium\" src=\"http:\/\/www.pr-neu.de\/newsroom\/wordpress\/wp-content\/uploads\/2020\/03\/20-06_Hanno-Werk_alt_K-300x200.jpg\" alt=\"\" width=\"300\" height=\"200\" srcset=\"https:\/\/www.pr-neu.de\/newsroom\/wordpress\/wp-content\/uploads\/2020\/03\/20-06_Hanno-Werk_alt_K-300x200.jpg 300w, https:\/\/www.pr-neu.de\/newsroom\/wordpress\/wp-content\/uploads\/2020\/03\/20-06_Hanno-Werk_alt_K-768x511.jpg 768w, https:\/\/www.pr-neu.de\/newsroom\/wordpress\/wp-content\/uploads\/2020\/03\/20-06_Hanno-Werk_alt_K-1024x682.jpg 1024w, https:\/\/www.pr-neu.de\/newsroom\/wordpress\/wp-content\/uploads\/2020\/03\/20-06_Hanno-Werk_alt_K-110x73.jpg 110w, https:\/\/www.pr-neu.de\/newsroom\/wordpress\/wp-content\/uploads\/2020\/03\/20-06_Hanno-Werk_alt_K-420x280.jpg 420w, https:\/\/www.pr-neu.de\/newsroom\/wordpress\/wp-content\/uploads\/2020\/03\/20-06_Hanno-Werk_alt_K-646x430.jpg 646w, https:\/\/www.pr-neu.de\/newsroom\/wordpress\/wp-content\/uploads\/2020\/03\/20-06_Hanno-Werk_alt_K.jpg 1795w\" sizes=\"auto, (max-width: 300px) 100vw, 300px\" \/><\/a><\/p>\n<p style=\"text-align: center;\">Das Hanno Werk in den 50er Jahren aus der Vogelperspektive.<\/p>\n<p style=\"text-align: center;\">Foto: Hanno Werk GmbH &amp; Co. KG<\/p>\n<p><a href=\"http:\/\/www.pr-neu.de\/newsroom\/wordpress\/wp-content\/uploads\/2020\/03\/20-06_Gruppenbild_K.jpg\" target=\"_blank\" rel=\"noopener noreferrer\"><img loading=\"lazy\" decoding=\"async\" class=\"aligncenter wp-image-11216 size-medium\" src=\"http:\/\/www.pr-neu.de\/newsroom\/wordpress\/wp-content\/uploads\/2020\/03\/20-06_Gruppenbild_K-300x200.jpg\" alt=\"\" width=\"300\" height=\"200\" srcset=\"https:\/\/www.pr-neu.de\/newsroom\/wordpress\/wp-content\/uploads\/2020\/03\/20-06_Gruppenbild_K-300x200.jpg 300w, https:\/\/www.pr-neu.de\/newsroom\/wordpress\/wp-content\/uploads\/2020\/03\/20-06_Gruppenbild_K-768x512.jpg 768w, https:\/\/www.pr-neu.de\/newsroom\/wordpress\/wp-content\/uploads\/2020\/03\/20-06_Gruppenbild_K-1024x682.jpg 1024w, https:\/\/www.pr-neu.de\/newsroom\/wordpress\/wp-content\/uploads\/2020\/03\/20-06_Gruppenbild_K-110x73.jpg 110w, https:\/\/www.pr-neu.de\/newsroom\/wordpress\/wp-content\/uploads\/2020\/03\/20-06_Gruppenbild_K-420x280.jpg 420w, https:\/\/www.pr-neu.de\/newsroom\/wordpress\/wp-content\/uploads\/2020\/03\/20-06_Gruppenbild_K-645x430.jpg 645w, https:\/\/www.pr-neu.de\/newsroom\/wordpress\/wp-content\/uploads\/2020\/03\/20-06_Gruppenbild_K.jpg 1772w\" sizes=\"auto, (max-width: 300px) 100vw, 300px\" \/><\/a><\/p>\n<p style=\"text-align: center;\">Von links nach rechts: Thomas Konrad (kfm. Leiter, Hanno), Markus Fehrmann<br \/>\n(Vertriebsleiter Bau, Hanno), J\u00fcrgen K\u00f6hne (B\u00fcrgermeister Laatzen), Rainer Scholz<br \/>\n(Vertreter der Eigent\u00fcmerschaft, Hanno), G\u00fcnter Krohn (Gesch\u00e4ftsf\u00fchrer, Hanno),<br \/>\nFrank Peters (Betriebsleiter, Hanno), Christian Bebek (stellvertretender Hauptgesch\u00e4ftsf\u00fchrer,<br \/>\nIHK Hannover), Dr. Andreas Hohlfeld (Leiter Forschung und Entwicklung, Hanno),<br \/>\nFrank Bublitz (Vertriebsleiter Industrie, Hanno), Simona Mieles (Betriebsratsvorsitzende,<br \/>\nHanno), Steffen Koch (Wirtschaftsf\u00f6rderung Hannover).<\/p>\n<p style=\"text-align: center;\">Foto: Hanno Werk GmbH &amp; Co. KG<\/p>\n<hr \/>\n<p>Abdruck honorarfrei, Belegexemplar erbeten<\/p>\n","protected":false},"excerpt":{"rendered":"<p>Hanno feiert rundes Jubil\u00e4um An die Spitze in der Nische \u2013 mit eigener Forschungsabteilung entwickelt das Unternehmen Hanno (Laatzen) stetig neue L\u00f6sungen f\u00fcr bessere Verarbeitung sowie optimierte D\u00e4mmung und feiert nun sein 125-j\u00e4hriges Jubil\u00e4um. Im vergangenen Jahr weihte Hanno seine neuen Geb\u00e4ude am Hanno-Ring ein, jetzt folgte die Feier zum Jahrestag. \u201eWir freuen uns \u00fcber [&hellip;]<\/p>\n","protected":false},"author":6,"featured_media":11216,"comment_status":"closed","ping_status":"open","sticky":false,"template":"","format":"standard","meta":{"footnotes":""},"categories":[655],"tags":[],"class_list":["post-11327","post","type-post","status-publish","format-standard","has-post-thumbnail","hentry","category-hanno"],"_links":{"self":[{"href":"https:\/\/www.pr-neu.de\/newsroom\/wp-json\/wp\/v2\/posts\/11327","targetHints":{"allow":["GET"]}}],"collection":[{"href":"https:\/\/www.pr-neu.de\/newsroom\/wp-json\/wp\/v2\/posts"}],"about":[{"href":"https:\/\/www.pr-neu.de\/newsroom\/wp-json\/wp\/v2\/types\/post"}],"author":[{"embeddable":true,"href":"https:\/\/www.pr-neu.de\/newsroom\/wp-json\/wp\/v2\/users\/6"}],"replies":[{"embeddable":true,"href":"https:\/\/www.pr-neu.de\/newsroom\/wp-json\/wp\/v2\/comments?post=11327"}],"version-history":[{"count":4,"href":"https:\/\/www.pr-neu.de\/newsroom\/wp-json\/wp\/v2\/posts\/11327\/revisions"}],"predecessor-version":[{"id":11569,"href":"https:\/\/www.pr-neu.de\/newsroom\/wp-json\/wp\/v2\/posts\/11327\/revisions\/11569"}],"wp:featuredmedia":[{"embeddable":true,"href":"https:\/\/www.pr-neu.de\/newsroom\/wp-json\/wp\/v2\/media\/11216"}],"wp:attachment":[{"href":"https:\/\/www.pr-neu.de\/newsroom\/wp-json\/wp\/v2\/media?parent=11327"}],"wp:term":[{"taxonomy":"category","embeddable":true,"href":"https:\/\/www.pr-neu.de\/newsroom\/wp-json\/wp\/v2\/categories?post=11327"},{"taxonomy":"post_tag","embeddable":true,"href":"https:\/\/www.pr-neu.de\/newsroom\/wp-json\/wp\/v2\/tags?post=11327"}],"curies":[{"name":"wp","href":"https:\/\/api.w.org\/{rel}","templated":true}]}}