{"id":11317,"date":"2020-04-02T10:24:36","date_gmt":"2020-04-02T08:24:36","guid":{"rendered":"http:\/\/www.pr-nord.de\/newsroom\/?p=11317"},"modified":"2020-05-19T08:36:57","modified_gmt":"2020-05-19T06:36:57","slug":"bunke-folgt-auf-krusche","status":"publish","type":"post","link":"https:\/\/www.pr-neu.de\/newsroom\/bunke-folgt-auf-krusche\/","title":{"rendered":"Bunke folgt auf Krusche"},"content":{"rendered":"<p><u>Hanno: Neuer Au\u00dfendienst f\u00fcr Bau-Sektor im Nord-Osten<\/u><\/p>\n<p>Am 30. Juni 2020 beendet Detlev Krusche seine T\u00e4tigkeit im Au\u00dfendienst f\u00fcr den Bau-Sektor Nord-Osten beim Dicht- und D\u00e4mmsysteme-Hersteller Hanno und tritt in den Ruhestand. Bereits seit dem 1. April \u00fcbernimmt Lars Bunke (35) schrittweise seine Aufgabe. \u201eWir danken Detlev Krusche sehr f\u00fcr den stets \u00fcberdurchschnittlich einwandfreien Einsatz und die engagierte Zusammenarbeit und w\u00fcnschen ihm, dass er bald seinen wohlverdienten Ruhestand in Gesundheit genie\u00dfen kann\u201c, so Vertriebsleiter Markus Fehrmann zum Abschied. Seit seinem Start in Laatzen 1991 hat Krusche ma\u00dfgeblich zum Auf- und Ausbau des Gebiets beigetragen.<\/p>\n<p>Sein Nachfolger Lars Bunke ist kein Unbekannter: Von 2010 bis 2012 arbeitete er bereits bei Hanno, bevor es ihn nach Hamburg zog. Bunke bringt neben seinen Erfahrungen als gelernter Tischlermeister, Holztechniker und ift Fachkraft f\u00fcr Fenstermontage auch fachliches Wissen aus seinem Betriebswirtschafts-Studium (Schwerpunkt Marketing) sowie aus der Anwendungstechnik in das Unternehmen. \u201eIch freue mich sehr, nach einigen Stationen jetzt wieder zu Hanno zur\u00fcckzukehren. Auch durch meinen ersten Einsatz im Unternehmen bin ich gut mit den Produkten und Partnern vertraut und gespannt auf meine neue Aufgabe\u201c, meint Bunke.<\/p>\n<p>Gemeinsam mit dem Team soll Bunke den Hanno-Verkauf im Nord-Osten Deutschlands zu neuer St\u00e4rke verhelfen.<\/p>\n<hr \/>\n<p style=\"text-align: center;\"><a href=\"http:\/\/www.pr-neu.de\/newsroom\/wordpress\/wp-content\/uploads\/2020\/04\/20-06_Bunke_K.jpg\" target=\"_blank\" rel=\"noopener noreferrer\"><img loading=\"lazy\" decoding=\"async\" class=\"aligncenter wp-image-11318 size-medium\" src=\"http:\/\/www.pr-neu.de\/newsroom\/wordpress\/wp-content\/uploads\/2020\/04\/20-06_Bunke_K-225x300.jpg\" alt=\"\" width=\"225\" height=\"300\" srcset=\"https:\/\/www.pr-neu.de\/newsroom\/wordpress\/wp-content\/uploads\/2020\/04\/20-06_Bunke_K-225x300.jpg 225w, https:\/\/www.pr-neu.de\/newsroom\/wordpress\/wp-content\/uploads\/2020\/04\/20-06_Bunke_K-768x1024.jpg 768w, https:\/\/www.pr-neu.de\/newsroom\/wordpress\/wp-content\/uploads\/2020\/04\/20-06_Bunke_K-82x110.jpg 82w, https:\/\/www.pr-neu.de\/newsroom\/wordpress\/wp-content\/uploads\/2020\/04\/20-06_Bunke_K-315x420.jpg 315w, https:\/\/www.pr-neu.de\/newsroom\/wordpress\/wp-content\/uploads\/2020\/04\/20-06_Bunke_K-322x430.jpg 322w, https:\/\/www.pr-neu.de\/newsroom\/wordpress\/wp-content\/uploads\/2020\/04\/20-06_Bunke_K.jpg 1346w\" sizes=\"auto, (max-width: 225px) 100vw, 225px\" \/><\/a><\/p>\n<p style=\"text-align: center;\">Lars Bunke kommt am 01. April 2020 neu ins Team Au\u00dfendienst Bau Nord-Ost und l\u00f6st ab dem 30. Juni 2020 Detlev Krusche ab.<\/p>\n<p style=\"text-align: center;\">Foto: Hanno Werk GmbH &amp; Co. KG<\/p>\n<hr \/>\n<p>Abdruck honorarfrei, Belegexemplar erbeten<\/p>\n","protected":false},"excerpt":{"rendered":"<p>Hanno: Neuer Au\u00dfendienst f\u00fcr Bau-Sektor im Nord-Osten Am 30. Juni 2020 beendet Detlev Krusche seine T\u00e4tigkeit im Au\u00dfendienst f\u00fcr den Bau-Sektor Nord-Osten beim Dicht- und D\u00e4mmsysteme-Hersteller Hanno und tritt in den Ruhestand. Bereits seit dem 1. April \u00fcbernimmt Lars Bunke (35) schrittweise seine Aufgabe. \u201eWir danken Detlev Krusche sehr f\u00fcr den stets \u00fcberdurchschnittlich einwandfreien Einsatz [&hellip;]<\/p>\n","protected":false},"author":6,"featured_media":11326,"comment_status":"closed","ping_status":"open","sticky":false,"template":"","format":"standard","meta":{"footnotes":""},"categories":[655],"tags":[],"class_list":["post-11317","post","type-post","status-publish","format-standard","has-post-thumbnail","hentry","category-hanno"],"_links":{"self":[{"href":"https:\/\/www.pr-neu.de\/newsroom\/wp-json\/wp\/v2\/posts\/11317","targetHints":{"allow":["GET"]}}],"collection":[{"href":"https:\/\/www.pr-neu.de\/newsroom\/wp-json\/wp\/v2\/posts"}],"about":[{"href":"https:\/\/www.pr-neu.de\/newsroom\/wp-json\/wp\/v2\/types\/post"}],"author":[{"embeddable":true,"href":"https:\/\/www.pr-neu.de\/newsroom\/wp-json\/wp\/v2\/users\/6"}],"replies":[{"embeddable":true,"href":"https:\/\/www.pr-neu.de\/newsroom\/wp-json\/wp\/v2\/comments?post=11317"}],"version-history":[{"count":4,"href":"https:\/\/www.pr-neu.de\/newsroom\/wp-json\/wp\/v2\/posts\/11317\/revisions"}],"predecessor-version":[{"id":11570,"href":"https:\/\/www.pr-neu.de\/newsroom\/wp-json\/wp\/v2\/posts\/11317\/revisions\/11570"}],"wp:featuredmedia":[{"embeddable":true,"href":"https:\/\/www.pr-neu.de\/newsroom\/wp-json\/wp\/v2\/media\/11326"}],"wp:attachment":[{"href":"https:\/\/www.pr-neu.de\/newsroom\/wp-json\/wp\/v2\/media?parent=11317"}],"wp:term":[{"taxonomy":"category","embeddable":true,"href":"https:\/\/www.pr-neu.de\/newsroom\/wp-json\/wp\/v2\/categories?post=11317"},{"taxonomy":"post_tag","embeddable":true,"href":"https:\/\/www.pr-neu.de\/newsroom\/wp-json\/wp\/v2\/tags?post=11317"}],"curies":[{"name":"wp","href":"https:\/\/api.w.org\/{rel}","templated":true}]}}