{"id":11263,"date":"2020-03-23T10:54:00","date_gmt":"2020-03-23T09:54:00","guid":{"rendered":"http:\/\/www.pr-nord.de\/newsroom\/?p=11263"},"modified":"2020-05-19T08:47:57","modified_gmt":"2020-05-19T06:47:57","slug":"sedak-erweitert-fertigungsmass-auf-360-meter-breite","status":"publish","type":"post","link":"https:\/\/www.pr-neu.de\/newsroom\/sedak-erweitert-fertigungsmass-auf-360-meter-breite\/","title":{"rendered":"sedak erweitert Fertigungsma\u00df auf 3,60 Meter Breite"},"content":{"rendered":"<p><u>\u00dcberformat-Glas in neuer Maximal-Gr\u00f6\u00dfe<\/u><\/p>\n<p>Sedak pr\u00e4sentiert Transparenz in neuer Maximalgr\u00f6\u00dfe und erreicht einen neuen Meilenstein der Glasveredelung: Der Technologief\u00fchrer f\u00fcr gro\u00dfformatige Funktionsgl\u00e4ser fertigt jetzt Scheiben bis 3,60 Meter Breite. Damit sind Isolier- und Sicherheitsgl\u00e4ser bis 72 Quadratmeter m\u00f6glich. Dieses neue Format erweitert die Gestaltungsfreiheit und Transparenz von Fassaden; die Gl\u00e4ser erf\u00fcllen h\u00f6chste Anspr\u00fcche an Verar\u00adbeitung und Optik. Selbst wenn beschichtete Gl\u00e4ser eingesetzt werden, ist das Maximal-Format beeindruckend, hier sind Scheiben bis 3,21 x 19,45 Metern m\u00f6glich. Als Full-Service-Supplier unterst\u00fctzt sedak zudem beim reibungslosen Tran\u00adsport zum Einbauort und steht Architekten, Verarbeitern und Investoren von der Planung bis zum Einbau partnerschaftlich zur Seite.<\/p>\n<hr \/>\n<p><a href=\"http:\/\/www.pr-neu.de\/newsroom\/wordpress\/wp-content\/uploads\/2020\/03\/20-02_sedak_Breite_K.jpg\" target=\"_blank\" rel=\"noopener noreferrer\"><img loading=\"lazy\" decoding=\"async\" class=\"aligncenter wp-image-11264 size-medium\" src=\"http:\/\/www.pr-neu.de\/newsroom\/wordpress\/wp-content\/uploads\/2020\/03\/20-02_sedak_Breite_K-300x200.jpg\" alt=\"\" width=\"300\" height=\"200\" srcset=\"https:\/\/www.pr-neu.de\/newsroom\/wordpress\/wp-content\/uploads\/2020\/03\/20-02_sedak_Breite_K-300x200.jpg 300w, https:\/\/www.pr-neu.de\/newsroom\/wordpress\/wp-content\/uploads\/2020\/03\/20-02_sedak_Breite_K-768x512.jpg 768w, https:\/\/www.pr-neu.de\/newsroom\/wordpress\/wp-content\/uploads\/2020\/03\/20-02_sedak_Breite_K-1024x682.jpg 1024w, https:\/\/www.pr-neu.de\/newsroom\/wordpress\/wp-content\/uploads\/2020\/03\/20-02_sedak_Breite_K-110x73.jpg 110w, https:\/\/www.pr-neu.de\/newsroom\/wordpress\/wp-content\/uploads\/2020\/03\/20-02_sedak_Breite_K-420x280.jpg 420w, https:\/\/www.pr-neu.de\/newsroom\/wordpress\/wp-content\/uploads\/2020\/03\/20-02_sedak_Breite_K-645x430.jpg 645w, https:\/\/www.pr-neu.de\/newsroom\/wordpress\/wp-content\/uploads\/2020\/03\/20-02_sedak_Breite_K.jpg 1772w\" sizes=\"auto, (max-width: 300px) 100vw, 300px\" \/><\/a><\/p>\n<p style=\"text-align: center;\">Scheiben bis 72 Quadratmeter: Mit dem Maximalformat 3,60 x 20 Meter setzt sedak den neuen Ma\u00dfstab f\u00fcr Glas im \u00dcberformat.<\/p>\n<p style=\"text-align: center;\">Bild: sedak<\/p>\n<hr \/>\n<p><strong>R\u00fcckfragen beantwortet gern<\/strong><\/p>\n<table width=\"567\">\n<tbody>\n<tr>\n<td valign=\"top\" width=\"260\" height=\"25\"><strong>sedak GmbH &amp; Co. KG<br \/>\n<\/strong>Tatjana Vinkovic<br \/>\nTel.: +49(0)821\/2494-823<br \/>\nFax: +49(0)821\/2494-777<br \/>\nE-Mail: <a href=\"&#109;&#x61;&#105;&#x6c;&#116;&#x6f;:&#x74;a&#x74;j&#97;&#x6e;&#97;&#x2e;&#118;&#x69;&#110;&#x6b;o&#x76;i&#x63;&#64;&#115;&#x65;&#100;&#x61;&#107;&#x2e;&#99;&#x6f;m\">&#x74;a&#x74;&#106;&#x61;&#110;a&#x2e;&#118;&#x69;&#110;k&#x6f;&#118;&#x69;&#99;&#64;&#x73;e&#x64;&#97;&#x6b;&#x2e;c&#x6f;&#109;<\/a><\/td>\n<td colspan=\"3\" valign=\"top\" width=\"260\" height=\"21\"><\/td>\n<\/tr>\n<\/tbody>\n<\/table>\n<p>Abdruck honorarfrei, Belegexemplar erbeten<\/p>\n<hr \/>\n<p><strong>sedak &#8211; leading glass<\/strong><\/p>\n<p><strong>\u00a0<\/strong>Mit Pioniergeist hat sich der Glasveredler sedak (Gersthofen) seit der Gr\u00fcndung 2007 zum Premiumhersteller f\u00fcr gro\u00dfformatige Isolier- und Sicherheitsgl\u00e4ser entwickelt und Glas als Baustoff f\u00fcr Ganzglasfassaden und -d\u00e4cher weitergedacht. Dank innovativer Produkte in h\u00f6chster Qualit\u00e4t werden ikonische Fassaden und Bauwerke mit einer bislang unerreichten Transparenz realisiert.<\/p>\n<p>Monogl\u00e4ser, Mehrfachgl\u00e4ser und Funktions-Isoliergl\u00e4ser in Formaten bis 3,6 x 20 Meter fertigt sedak hochautomatisiert und effizient. Auf einer Fertigungsfl\u00e4che von 35.000 Quadratmetern und mit einem einzigartigen Maschinenpark wird das Rohglas bearbeitet, vorgespannt, laminiert, bedruckt und laminationsgebogen und zu Isolierglas gebaut. Mit der Integration des Glasspezialisten f\u00fcr gebogenes Glas, Sunglass Industry srl (Italien), geh\u00f6rt nun auch das thermische Glasbiegen zu den Kernkompetenzen. Au\u00dfergew\u00f6hnliche L\u00f6sungen liefert der Spezialist zudem f\u00fcr Luxus-Jachten mit Gl\u00e4sern, optimiert f\u00fcr den Einsatz auf hoher See.<\/p>\n<p>Insbesondere bei Sonderkonstruktionen beweist der Glasveredler l\u00f6sungsorientierte Kompetenz. Mit Forschungs- und Entwicklungsgeist, neuen Technologien sowie der Expertise von 190 Mitarbeitern treibt sedak Innovationen der Glasveredelung stetig voran und versteht sich als Partner von Architekten, Bauherren, Fassaden- und Metallbauern. Als Spezialist f\u00fcr \u00fcbergro\u00dfe und extrem schwere Gl\u00e4ser entwickelt das Unternehmen zukunftsorientierte L\u00f6sungen, um Kundenvisionen flexibel zu verwirklichen. Vom Auftrag bis zur Lieferung agiert der Glasveredler dabei als Full-Service-Supplier. So leistet sedak schon heute einen Beitrag f\u00fcr die vision\u00e4re Architektur von morgen.<\/p>\n<p>Herausragende Referenzen belegen die eindrucksvolle Kompetenz. Dazu geh\u00f6ren u.a.: Lakhta Center, St. Petersburg \/ Haus der Europ\u00e4ischen Geschichte, Br\u00fcssel \/ medizinische Fakult\u00e4t, Montpellier \/ Torre Europa, Madrid \/ Iconsiam, Bangkok \/ Apple Park, Cupertino \/ Apple-Cube, New York \/ Experimenta, Heilbronn \/ zahlreiche Premium-Flagship-Stores.<\/p>\n<p><strong>Anwendungsgebiete <\/strong><\/p>\n<table>\n<tbody>\n<tr>\n<td width=\"251\">\u00b7\u00a0\u00a0\u00a0\u00a0\u00a0\u00a0\u00a0\u00a0 Glasfassaden\u00b7\u00a0\u00a0\u00a0\u00a0\u00a0\u00a0\u00a0\u00a0 Glasd\u00e4cher<\/p>\n<p>\u00b7\u00a0\u00a0\u00a0\u00a0\u00a0\u00a0\u00a0\u00a0 Glastreppen<\/p>\n<p>\u00b7\u00a0\u00a0\u00a0\u00a0\u00a0\u00a0\u00a0\u00a0 Glasbr\u00fcstungen<\/p>\n<p>\u00b7\u00a0\u00a0\u00a0\u00a0\u00a0\u00a0\u00a0\u00a0 Jachtverglasungen<\/td>\n<td width=\"251\">\u00b7\u00a0\u00a0\u00a0\u00a0\u00a0\u00a0\u00a0\u00a0 Poolverglasungen\u00b7\u00a0\u00a0\u00a0\u00a0\u00a0\u00a0\u00a0\u00a0 Sicherheitsverglasungen<\/p>\n<p>\u00b7\u00a0\u00a0\u00a0\u00a0\u00a0\u00a0\u00a0\u00a0 Ganzglaskonstruktionen<\/p>\n<p>\u00b7\u00a0\u00a0\u00a0\u00a0\u00a0\u00a0\u00a0\u00a0 Innenarchitektur<\/p>\n<p>\u00b7\u00a0\u00a0\u00a0\u00a0\u00a0\u00a0\u00a0\u00a0 Sonderanfertigung<\/td>\n<\/tr>\n<\/tbody>\n<\/table>\n","protected":false},"excerpt":{"rendered":"<p>\u00dcberformat-Glas in neuer Maximal-Gr\u00f6\u00dfe Sedak pr\u00e4sentiert Transparenz in neuer Maximalgr\u00f6\u00dfe und erreicht einen neuen Meilenstein der Glasveredelung: Der Technologief\u00fchrer f\u00fcr gro\u00dfformatige Funktionsgl\u00e4ser fertigt jetzt Scheiben bis 3,60 Meter Breite. Damit sind Isolier- und Sicherheitsgl\u00e4ser bis 72 Quadratmeter m\u00f6glich. Dieses neue Format erweitert die Gestaltungsfreiheit und Transparenz von Fassaden; die Gl\u00e4ser erf\u00fcllen h\u00f6chste Anspr\u00fcche an Verar\u00adbeitung [&hellip;]<\/p>\n","protected":false},"author":6,"featured_media":11264,"comment_status":"closed","ping_status":"open","sticky":false,"template":"","format":"standard","meta":{"footnotes":""},"categories":[12],"tags":[],"class_list":["post-11263","post","type-post","status-publish","format-standard","has-post-thumbnail","hentry","category-sedak"],"_links":{"self":[{"href":"https:\/\/www.pr-neu.de\/newsroom\/wp-json\/wp\/v2\/posts\/11263","targetHints":{"allow":["GET"]}}],"collection":[{"href":"https:\/\/www.pr-neu.de\/newsroom\/wp-json\/wp\/v2\/posts"}],"about":[{"href":"https:\/\/www.pr-neu.de\/newsroom\/wp-json\/wp\/v2\/types\/post"}],"author":[{"embeddable":true,"href":"https:\/\/www.pr-neu.de\/newsroom\/wp-json\/wp\/v2\/users\/6"}],"replies":[{"embeddable":true,"href":"https:\/\/www.pr-neu.de\/newsroom\/wp-json\/wp\/v2\/comments?post=11263"}],"version-history":[{"count":6,"href":"https:\/\/www.pr-neu.de\/newsroom\/wp-json\/wp\/v2\/posts\/11263\/revisions"}],"predecessor-version":[{"id":11602,"href":"https:\/\/www.pr-neu.de\/newsroom\/wp-json\/wp\/v2\/posts\/11263\/revisions\/11602"}],"wp:featuredmedia":[{"embeddable":true,"href":"https:\/\/www.pr-neu.de\/newsroom\/wp-json\/wp\/v2\/media\/11264"}],"wp:attachment":[{"href":"https:\/\/www.pr-neu.de\/newsroom\/wp-json\/wp\/v2\/media?parent=11263"}],"wp:term":[{"taxonomy":"category","embeddable":true,"href":"https:\/\/www.pr-neu.de\/newsroom\/wp-json\/wp\/v2\/categories?post=11263"},{"taxonomy":"post_tag","embeddable":true,"href":"https:\/\/www.pr-neu.de\/newsroom\/wp-json\/wp\/v2\/tags?post=11263"}],"curies":[{"name":"wp","href":"https:\/\/api.w.org\/{rel}","templated":true}]}}