{"id":11240,"date":"2020-03-16T08:02:40","date_gmt":"2020-03-16T07:02:40","guid":{"rendered":"http:\/\/www.pr-nord.de\/newsroom\/?p=11240"},"modified":"2020-05-18T14:23:55","modified_gmt":"2020-05-18T12:23:55","slug":"neues-feuerschutz-schiebetor-mit-ce-kennzeichen-kurz","status":"publish","type":"post","link":"https:\/\/www.pr-neu.de\/newsroom\/neues-feuerschutz-schiebetor-mit-ce-kennzeichen-kurz\/","title":{"rendered":"Neues Feuerschutz-Schiebetor mit CE-Kennzeichen (kurz)"},"content":{"rendered":"<p><u>Europaweit sicher im Einsatz<\/u><\/p>\n<p>Mit dem Ende der Co-Existenzperiode der DIN EN 16034 im November 2019 d\u00fcrfen europaweit im Brandschutz nur noch Tore mit CE-Kennzeichnung eingesetzt werden. Diesen Standard erf\u00fcllt bereits das neue \u201eTeckentrup 62 FST\u201c. Das Feuerschutz-Schiebetor gibt es in den Ausf\u00fchrungen EI<sub>2<\/sub>30 und EI<sub>2<\/sub>90, auf Wunsch mit Rauchschutz nach EN 1634-3. Als ein- oder zweifl\u00fcgeliges Tor ist es nahezu universell im Feuerschutz einsetzbar. Brandschutz, Wirtschaftlichkeit, \u00c4sthetik und Montagefreundlichkeit \u2013 all dies vereint das Tor. Verschiedene Oberfl\u00e4chen, Farbt\u00f6ne und Verglasungen bieten ein breites Ausstattungsspektrum. Au\u00dferdem ist der Einbau einer schwellenlosen, barrierefreien Schlupft\u00fcr m\u00f6glich \u2013 mit einem \u00d6ffnungswinkel bis 170 Grad und einer Breite bis 1.200 Millimeter. Neue durchdachte Montage\u00adl\u00f6sungen vereinfachen den Einbau. Innovative technische Features wie das R\u00f6hrenlaufsystem und die Laufschienen\u00admontage mit intelligentem Stecksystem f\u00fchren zudem zu sinkendem Montage- und Wartungsaufwand, nicht zuletzt dank der gesch\u00fctzt liegenden Bauteile.<\/p>\n<hr \/>\n<p><a href=\"http:\/\/www.pr-neu.de\/newsroom\/wordpress\/wp-content\/uploads\/2020\/03\/20-02_FST_Schiebetor-ohne_Blende_neu_K.jpg\" target=\"_blank\" rel=\"noopener noreferrer\"><img loading=\"lazy\" decoding=\"async\" class=\"aligncenter wp-image-11235 size-medium\" src=\"http:\/\/www.pr-neu.de\/newsroom\/wordpress\/wp-content\/uploads\/2020\/03\/20-02_FST_Schiebetor-ohne_Blende_neu_K-300x247.jpg\" alt=\"\" width=\"300\" height=\"247\" srcset=\"https:\/\/www.pr-neu.de\/newsroom\/wordpress\/wp-content\/uploads\/2020\/03\/20-02_FST_Schiebetor-ohne_Blende_neu_K-300x247.jpg 300w, https:\/\/www.pr-neu.de\/newsroom\/wordpress\/wp-content\/uploads\/2020\/03\/20-02_FST_Schiebetor-ohne_Blende_neu_K-768x631.jpg 768w, https:\/\/www.pr-neu.de\/newsroom\/wordpress\/wp-content\/uploads\/2020\/03\/20-02_FST_Schiebetor-ohne_Blende_neu_K-1024x841.jpg 1024w, https:\/\/www.pr-neu.de\/newsroom\/wordpress\/wp-content\/uploads\/2020\/03\/20-02_FST_Schiebetor-ohne_Blende_neu_K-110x90.jpg 110w, https:\/\/www.pr-neu.de\/newsroom\/wordpress\/wp-content\/uploads\/2020\/03\/20-02_FST_Schiebetor-ohne_Blende_neu_K-420x345.jpg 420w, https:\/\/www.pr-neu.de\/newsroom\/wordpress\/wp-content\/uploads\/2020\/03\/20-02_FST_Schiebetor-ohne_Blende_neu_K-523x430.jpg 523w, https:\/\/www.pr-neu.de\/newsroom\/wordpress\/wp-content\/uploads\/2020\/03\/20-02_FST_Schiebetor-ohne_Blende_neu_K.jpg 1772w\" sizes=\"auto, (max-width: 300px) 100vw, 300px\" \/><\/a><\/p>\n<p style=\"text-align: center;\">Die Feuerschutz-Schiebet\u00fcren von Teckentrup \u00fcberzeugen auch optisch, bei der Toroberfl\u00e4che stehen viele Farbt\u00f6ne und unterschiedliche Werkstoffe zur Wahl.<\/p>\n<p><a href=\"http:\/\/www.pr-neu.de\/newsroom\/wordpress\/wp-content\/uploads\/2020\/03\/20-02_Teckentrup_FST_62_K.jpg\" target=\"_blank\" rel=\"noopener noreferrer\"><img loading=\"lazy\" decoding=\"async\" class=\"aligncenter wp-image-11236 size-medium\" src=\"http:\/\/www.pr-neu.de\/newsroom\/wordpress\/wp-content\/uploads\/2020\/03\/20-02_Teckentrup_FST_62_K-300x212.jpg\" alt=\"\" width=\"300\" height=\"212\" srcset=\"https:\/\/www.pr-neu.de\/newsroom\/wordpress\/wp-content\/uploads\/2020\/03\/20-02_Teckentrup_FST_62_K-300x212.jpg 300w, https:\/\/www.pr-neu.de\/newsroom\/wordpress\/wp-content\/uploads\/2020\/03\/20-02_Teckentrup_FST_62_K-768x543.jpg 768w, https:\/\/www.pr-neu.de\/newsroom\/wordpress\/wp-content\/uploads\/2020\/03\/20-02_Teckentrup_FST_62_K-1024x724.jpg 1024w, https:\/\/www.pr-neu.de\/newsroom\/wordpress\/wp-content\/uploads\/2020\/03\/20-02_Teckentrup_FST_62_K-110x78.jpg 110w, https:\/\/www.pr-neu.de\/newsroom\/wordpress\/wp-content\/uploads\/2020\/03\/20-02_Teckentrup_FST_62_K-420x297.jpg 420w, https:\/\/www.pr-neu.de\/newsroom\/wordpress\/wp-content\/uploads\/2020\/03\/20-02_Teckentrup_FST_62_K-608x430.jpg 608w, https:\/\/www.pr-neu.de\/newsroom\/wordpress\/wp-content\/uploads\/2020\/03\/20-02_Teckentrup_FST_62_K.jpg 1772w\" sizes=\"auto, (max-width: 300px) 100vw, 300px\" \/><\/a><\/p>\n<p style=\"text-align: center;\">Die Feuerschutz-Schiebet\u00fcren von Teckentrup \u00fcberzeugen auch optisch, bei der Toroberfl\u00e4che stehen viele Farbt\u00f6ne und unterschiedliche Werkstoffe zur Wahl.<\/p>\n<p style=\"text-align: center;\">Bilder: Teckentrup<\/p>\n<hr \/>\n<p>Abdruck honorarfrei, Belegexemplar erbeten an<\/p>\n<hr \/>\n<p><strong>Teckentrup: Door Solutions<\/strong><\/p>\n<p>Teckentrup z\u00e4hlt mit den Produktionswerken in Verl-S\u00fcrenheide (Hauptsitz, NRW) und Gro\u00dfz\u00f6beritz (Sachsen-Anhalt) sowie seinen 900 Mitarbeitern zu den gr\u00f6\u00dften Herstellern von T\u00fcren und Toren in Europa.<\/p>\n<p>Das in dritter Generation inhabergef\u00fchrte mittelst\u00e4ndische Familien\u00adunternehmen hat sich insbesondere den Werten Qualit\u00e4t, Design und Service verpflichtet. St\u00e4ndige Verbesserungen der Produkte und die Entwicklung neuer Technologien sind f\u00fcr Teckentrup selbstverst\u00e4nd\u00adlich. F\u00fcr die kontinuierliche Weiterentwicklung wurde im gesamten Unternehmen eine kundenzentrierte Ausrichtung (Customer Centri\u00adcity) implementiert. So sorgt das Unternehmen daf\u00fcr, dass gemein\u00adsam mit den Partnern stets die beste L\u00f6sung gefunden wird \u2013 hin\u00adsichtlich Design, Sicherheit und Service. Das Angebot umfasst Pro\u00adduktl\u00f6sungen aus den Bereichen HOME (Garagentore), PROFES\u00adSIONAL (Funktionst\u00fcren), INDUSTRIAL (Industrietore). Heute verbindet das 1932 gegr\u00fcndete Unternehmen Tradition mit Fortschritt und das stets \u201emade in Germany\u201c. Zahlreiche internationa\u00adle Zertifizierungen sind die Basis f\u00fcr einen weltweit erfolgreichen Ver\u00adtrieb der Produkte. Gesellschaftliche Verantwortung \u00fcbernimmt Teckentrup unter anderem durch die Erf\u00fcllung der \u201eCharta der Vielfalt\u201c.<\/p>\n","protected":false},"excerpt":{"rendered":"<p>Europaweit sicher im Einsatz Mit dem Ende der Co-Existenzperiode der DIN EN 16034 im November 2019 d\u00fcrfen europaweit im Brandschutz nur noch Tore mit CE-Kennzeichnung eingesetzt werden. Diesen Standard erf\u00fcllt bereits das neue \u201eTeckentrup 62 FST\u201c. Das Feuerschutz-Schiebetor gibt es in den Ausf\u00fchrungen EI230 und EI290, auf Wunsch mit Rauchschutz nach EN 1634-3. Als ein- [&hellip;]<\/p>\n","protected":false},"author":6,"featured_media":11235,"comment_status":"closed","ping_status":"open","sticky":false,"template":"","format":"standard","meta":{"footnotes":""},"categories":[18],"tags":[],"class_list":["post-11240","post","type-post","status-publish","format-standard","has-post-thumbnail","hentry","category-teckentrup"],"_links":{"self":[{"href":"https:\/\/www.pr-neu.de\/newsroom\/wp-json\/wp\/v2\/posts\/11240","targetHints":{"allow":["GET"]}}],"collection":[{"href":"https:\/\/www.pr-neu.de\/newsroom\/wp-json\/wp\/v2\/posts"}],"about":[{"href":"https:\/\/www.pr-neu.de\/newsroom\/wp-json\/wp\/v2\/types\/post"}],"author":[{"embeddable":true,"href":"https:\/\/www.pr-neu.de\/newsroom\/wp-json\/wp\/v2\/users\/6"}],"replies":[{"embeddable":true,"href":"https:\/\/www.pr-neu.de\/newsroom\/wp-json\/wp\/v2\/comments?post=11240"}],"version-history":[{"count":5,"href":"https:\/\/www.pr-neu.de\/newsroom\/wp-json\/wp\/v2\/posts\/11240\/revisions"}],"predecessor-version":[{"id":16952,"href":"https:\/\/www.pr-neu.de\/newsroom\/wp-json\/wp\/v2\/posts\/11240\/revisions\/16952"}],"wp:featuredmedia":[{"embeddable":true,"href":"https:\/\/www.pr-neu.de\/newsroom\/wp-json\/wp\/v2\/media\/11235"}],"wp:attachment":[{"href":"https:\/\/www.pr-neu.de\/newsroom\/wp-json\/wp\/v2\/media?parent=11240"}],"wp:term":[{"taxonomy":"category","embeddable":true,"href":"https:\/\/www.pr-neu.de\/newsroom\/wp-json\/wp\/v2\/categories?post=11240"},{"taxonomy":"post_tag","embeddable":true,"href":"https:\/\/www.pr-neu.de\/newsroom\/wp-json\/wp\/v2\/tags?post=11240"}],"curies":[{"name":"wp","href":"https:\/\/api.w.org\/{rel}","templated":true}]}}