{"id":11212,"date":"2020-03-11T16:00:21","date_gmt":"2020-03-11T15:00:21","guid":{"rendered":"http:\/\/www.pr-nord.de\/newsroom\/?p=11212"},"modified":"2020-05-19T08:37:06","modified_gmt":"2020-05-19T06:37:06","slug":"125-jahre-jung","status":"publish","type":"post","link":"https:\/\/www.pr-neu.de\/newsroom\/125-jahre-jung\/","title":{"rendered":"\u201e125 Jahre jung\u201c"},"content":{"rendered":"<p>Hanno feiert rundes Jubil\u00e4um<\/p>\n<p><strong>Das traditionsreiche Laatzener Unternehmen Hanno feierte jetzt seinen 125. Geburtstag. Zum Festakt am 10. M\u00e4rz 2020 gratulierten unter anderen der stellvertretende IHK-Hauptgesch\u00e4ftsf\u00fchrer Christian Bebek und Laatzens B\u00fcrgermeister J\u00fcrgen K\u00f6hne.<\/strong><\/p>\n<p>In 125 Jahren an die Spitze in der Nische \u2013 das ist die Geschichte der Hanno Werk GmbH &amp; Co. KG in Kurzform. Das Laatzener Vorzeige-Unternehmen produziert Dicht- und D\u00e4mmsysteme und ist insbesondere mit einem Produkt so erfolgreich, dass auf dem Bau heute vom \u201eHannoband\u201c so gesprochen wird, wie bei Taschent\u00fcchern vom \u201eTempo\u201c. Dabei entwickelt Hanno mit der eigenen Forschungsabteilung stetig neue L\u00f6sungen f\u00fcr bessere Verarbeitung und optimierte D\u00e4mmung. Im vergangenen Jahr weihte Hanno seine neuen Geb\u00e4ude am Hanno-Ring ein, jetzt folgte die Feier zum Jahrestag. \u201eWir freuen uns \u00fcber dieses seltene Jubil\u00e4um \u2013 und \u00fcber die Anerkennung, die uns durch den prominenten Besuch heute gezeigt wird\u201c, freute sich Hanno-Gesch\u00e4ftsf\u00fchrer G\u00fcnther Krohn \u00fcber die Gl\u00fcckw\u00fcnsche des stellvertretenden Hauptgesch\u00e4ftsf\u00fchrers der IHK Hannover, Christian Bebek, und des Laatzener B\u00fcrgermeisters J\u00fcrgen K\u00f6hne. Mit mittlerweile rund 200 Mitarbeitern z\u00e4hlt Hanno zu den gr\u00f6\u00dften industriellen Arbeitgebern Laatzens.<\/p>\n<p><strong>Vom Filzhersteller zum Innovationstreiber<\/strong><\/p>\n<p>Der Beginn der Unternehmenshistorie datiert zur\u00fcck in die Jahre der zweiten Industrierevolution. Als \u201eHannoversche Filzfabrik M. Mehlhard\u201c 1895 in Hannover gegr\u00fcndet, siedelte das Unternehmen schon kurze Zeit sp\u00e4ter nach Gleidingen um. Hanno wuchs kontinuierlich und schon bald brauchte das Unternehmen mehr Platz. \u00dcber viele Jahre fertigte Hanno daher im Ortsteil von Laatzen an zwei Standorten. \u201eDas war nat\u00fcrlich aus mehreren Gr\u00fcnden nicht optimal \u2013 die Produktionsketten waren aufw\u00e4ndig zu organisieren, der notwendige Verkehr belastete die Gemeinde\u201c, erz\u00e4hlte Hanno-Prokurist Markus Fehrmann. Wie so oft machte Hanno aus der Not eine Tugend: Mit dem sechsten Ausbau seit 1996 \u2013 zuletzt mit einer Investition von rund f\u00fcnf Millionen Euro \u2013 wurde der Standort mit Produktion, Verwaltung und neu geschaffenem Technikum zusammengelegt. Wachstum nicht ausgeschlossen \u2013 f\u00fcr Erweiterungsbauten ist auf dem rund 51.000 Quadratmeter gro\u00dfen Grundst\u00fcck am Hanno-Ring in Gleidingen noch gen\u00fcgend Platz.<\/p>\n<p>Rund zwei Drittel des Umsatzes erzielt Hanno mittlerweile in der Baubranche, die Dichtb\u00e4nder kommen vor allem bei Fenstern und T\u00fcren zum Einsatz. Die Qualit\u00e4ten f\u00fcr dichte Fugen, die Hitze, K\u00e4lte d\u00e4mmen und L\u00e4rm und Vibration d\u00e4mpfen, sind aber auch an anderen Stellen gefragt \u2013 und so finden sich Hanno-Produkte auch in vielen weiteren Anwendungen, von der Stra\u00dfenbahn bis zur Waschmaschine.<\/p>\n<p><strong>Technologief\u00fchrer f\u00fcr Dichtb\u00e4nder<\/strong><\/p>\n<p>Schaumstoffe veredeln, impr\u00e4gnieren und zu Dichtb\u00e4ndern verarbeiten, die am Bau und in industriellen Anwendungen eingesetzt werden \u2013 das ist das Kerngesch\u00e4ft. Hier z\u00e4hlt Hanno zu den drei Marktf\u00fchrern. \u201eWichtiger noch ist uns, dass wir auch zu den Technologief\u00fchrern z\u00e4hlen \u2013 denn das sichert uns langfristig die Existenz. Deshalb ist uns die Forschung und Entwicklung auch so wichtig\u201c, betonte Krohn. Erfolgsbeispiel gef\u00e4llig? Das feuchtevariable \u201eHannoband 3E\u201c ist so konzipiert, dass es sich beidseitig und unabh\u00e4ngig von der Montagerichtung verlegen l\u00e4sst \u2013 dies ist besonders vorteilhaft f\u00fcr eine schnelle Montage. Zertifikate diverser Institute \u2013 wie das \u201eift \u2013 Institut f\u00fcr Fenstertechnik\u201c \u2013 best\u00e4tigen die Produktqualit\u00e4t von neutraler Seite. Der j\u00fcngste Entwicklungs-Coup: Der \u201eHanno Injektionsklotz\u201c \u2013 damit wird das Abdichten und Montieren von Fenstern deutlich erleichtert, \u201edenn mit dem von uns entwickelten Injektionsharz, welches in das Fugenabdichtungsband eingespritzt wird, entf\u00e4llt f\u00fcr den Handwerker das konventionelle Verklotzen von Fenstern und T\u00fcren\u201c, berichtete Fehrmann.<\/p>\n<p>Der Digitalisierung am Bau begegnet Hanno mit einer konsequenten IT-Strategie. Dazu geh\u00f6rt, dass der Betrieb seine Produktdaten bereits f\u00fcr den im Bauwesen kommenden \u201eBIM-Standard\u201c angelegt hat \u2013 als einer der ersten seiner Branche.<\/p>\n<p><strong>Standorttreu und jung<\/strong><\/p>\n<p><em>\u201e<\/em>Die Ortsverbundenheit liegt uns sehr am Herzen\u201c, sagte Krohn, \u201edenn wir f\u00fchlen uns wohl in Laatzen. Hier ist unsere Heimat \u2013 wie auch f\u00fcr viele unserer 200 Mitarbeiter. Mit der Entscheidung, weiter an diesem Standort zu wachsen, ist ebenso klar, dass Hanno auch langfristig in Gleidingen bleiben wird.\u201c Damit verbunden ist zudem das Attribut \u201emade in Germany\u201c, das nach wie vor einen exzellenten Ruf genie\u00dft. Das Versprechen in die Zukunft hei\u00dft auch, sich weiter zu entwickeln. Krohn: \u201eUns treibt mehr an als reines Umsatzdenken. Wir wollen L\u00f6sungen f\u00fcr morgen entwickeln. Ich bin davon \u00fcberzeugt, dass uns das mit unseren hochqualifizierten Mitarbeitern auch weiterhin gelingen wird.\u201c<\/p>\n<p>Die Bilanz nach 125 Jahren Hanno f\u00e4llt also sehr positiv aus \u2013 und zeigt ein bestens f\u00fcr die n\u00e4chsten Jahre ger\u00fcstetes Unternehmen. So sieht Krohn Hanno zwar als Firma mit Geschichte, aber nicht als alt: \u201eWir sind 125 jung!\u201c<\/p>\n<hr \/>\n<p style=\"text-align: center;\"><a href=\"http:\/\/www.pr-neu.de\/newsroom\/wordpress\/wp-content\/uploads\/2020\/03\/20-06-125-Jahre_01_quer_K.jpg\" target=\"_blank\" rel=\"noopener noreferrer\"><img loading=\"lazy\" decoding=\"async\" class=\"wp-image-11213 size-medium\" src=\"http:\/\/www.pr-neu.de\/newsroom\/wordpress\/wp-content\/uploads\/2020\/03\/20-06-125-Jahre_01_quer_K-300x200.jpg\" alt=\"\" width=\"300\" height=\"200\" srcset=\"https:\/\/www.pr-neu.de\/newsroom\/wordpress\/wp-content\/uploads\/2020\/03\/20-06-125-Jahre_01_quer_K-300x200.jpg 300w, https:\/\/www.pr-neu.de\/newsroom\/wordpress\/wp-content\/uploads\/2020\/03\/20-06-125-Jahre_01_quer_K-768x512.jpg 768w, https:\/\/www.pr-neu.de\/newsroom\/wordpress\/wp-content\/uploads\/2020\/03\/20-06-125-Jahre_01_quer_K-1024x682.jpg 1024w, https:\/\/www.pr-neu.de\/newsroom\/wordpress\/wp-content\/uploads\/2020\/03\/20-06-125-Jahre_01_quer_K-110x73.jpg 110w, https:\/\/www.pr-neu.de\/newsroom\/wordpress\/wp-content\/uploads\/2020\/03\/20-06-125-Jahre_01_quer_K-420x280.jpg 420w, https:\/\/www.pr-neu.de\/newsroom\/wordpress\/wp-content\/uploads\/2020\/03\/20-06-125-Jahre_01_quer_K-645x430.jpg 645w, https:\/\/www.pr-neu.de\/newsroom\/wordpress\/wp-content\/uploads\/2020\/03\/20-06-125-Jahre_01_quer_K.jpg 1772w\" sizes=\"auto, (max-width: 300px) 100vw, 300px\" \/><\/a><\/p>\n<p style=\"text-align: center;\">Die G\u00e4ste und Redner bei der Feier des 125-j\u00e4hrigen Jubil\u00e4ums von links nach rechts:<br \/>\nRainer Scholz (Vertreter der Eigent\u00fcmerschaft), J\u00fcrgen K\u00f6hne (B\u00fcrgermeister Laatzen),<br \/>\nG\u00fcnter Krohn (Gesch\u00e4ftsf\u00fchrer Hanno), Christian Bebek (stellvertretender<br \/>\nHauptgesch\u00e4ftsf\u00fchrer der IHK Hannover) und Steffen Koch (Wirtschaftsf\u00f6rderung Hannover).<br \/>\nIm Hintergrund ist die neue Maschine von Hanno zu sehen. Sie soll ab Mai u.a. f\u00fcr das<br \/>\nImpr\u00e4gnieren von Dichtungsb\u00e4ndern genutzt werden.<\/p>\n<p style=\"text-align: center;\">Bild: Hanno Werk GmbH &amp; Co. KG<\/p>\n<p style=\"text-align: center;\"><a href=\"http:\/\/www.pr-neu.de\/newsroom\/wordpress\/wp-content\/uploads\/2020\/03\/20-06_Hanno-Werk_alt_K.jpg\" target=\"_blank\" rel=\"noopener noreferrer\"><img loading=\"lazy\" decoding=\"async\" class=\"aligncenter wp-image-11217 size-medium\" src=\"http:\/\/www.pr-neu.de\/newsroom\/wordpress\/wp-content\/uploads\/2020\/03\/20-06_Hanno-Werk_alt_K-300x200.jpg\" alt=\"\" width=\"300\" height=\"200\" srcset=\"https:\/\/www.pr-neu.de\/newsroom\/wordpress\/wp-content\/uploads\/2020\/03\/20-06_Hanno-Werk_alt_K-300x200.jpg 300w, https:\/\/www.pr-neu.de\/newsroom\/wordpress\/wp-content\/uploads\/2020\/03\/20-06_Hanno-Werk_alt_K-768x511.jpg 768w, https:\/\/www.pr-neu.de\/newsroom\/wordpress\/wp-content\/uploads\/2020\/03\/20-06_Hanno-Werk_alt_K-1024x682.jpg 1024w, https:\/\/www.pr-neu.de\/newsroom\/wordpress\/wp-content\/uploads\/2020\/03\/20-06_Hanno-Werk_alt_K-110x73.jpg 110w, https:\/\/www.pr-neu.de\/newsroom\/wordpress\/wp-content\/uploads\/2020\/03\/20-06_Hanno-Werk_alt_K-420x280.jpg 420w, https:\/\/www.pr-neu.de\/newsroom\/wordpress\/wp-content\/uploads\/2020\/03\/20-06_Hanno-Werk_alt_K-646x430.jpg 646w, https:\/\/www.pr-neu.de\/newsroom\/wordpress\/wp-content\/uploads\/2020\/03\/20-06_Hanno-Werk_alt_K.jpg 1795w\" sizes=\"auto, (max-width: 300px) 100vw, 300px\" \/><\/a><\/p>\n<p style=\"text-align: center;\">Das Hanno Werk in den 50er Jahren aus der Vogelperspektive.<\/p>\n<p style=\"text-align: center;\">Bild: Hanno Werk GmbH &amp; Co. KG<\/p>\n<p><a href=\"http:\/\/www.pr-neu.de\/newsroom\/wordpress\/wp-content\/uploads\/2020\/03\/20-06_Gruppenbild_K.jpg\" target=\"_blank\" rel=\"noopener noreferrer\"><img loading=\"lazy\" decoding=\"async\" class=\"aligncenter wp-image-11216 size-medium\" src=\"http:\/\/www.pr-neu.de\/newsroom\/wordpress\/wp-content\/uploads\/2020\/03\/20-06_Gruppenbild_K-300x200.jpg\" alt=\"\" width=\"300\" height=\"200\" srcset=\"https:\/\/www.pr-neu.de\/newsroom\/wordpress\/wp-content\/uploads\/2020\/03\/20-06_Gruppenbild_K-300x200.jpg 300w, https:\/\/www.pr-neu.de\/newsroom\/wordpress\/wp-content\/uploads\/2020\/03\/20-06_Gruppenbild_K-768x512.jpg 768w, https:\/\/www.pr-neu.de\/newsroom\/wordpress\/wp-content\/uploads\/2020\/03\/20-06_Gruppenbild_K-1024x682.jpg 1024w, https:\/\/www.pr-neu.de\/newsroom\/wordpress\/wp-content\/uploads\/2020\/03\/20-06_Gruppenbild_K-110x73.jpg 110w, https:\/\/www.pr-neu.de\/newsroom\/wordpress\/wp-content\/uploads\/2020\/03\/20-06_Gruppenbild_K-420x280.jpg 420w, https:\/\/www.pr-neu.de\/newsroom\/wordpress\/wp-content\/uploads\/2020\/03\/20-06_Gruppenbild_K-645x430.jpg 645w, https:\/\/www.pr-neu.de\/newsroom\/wordpress\/wp-content\/uploads\/2020\/03\/20-06_Gruppenbild_K.jpg 1772w\" sizes=\"auto, (max-width: 300px) 100vw, 300px\" \/><\/a><\/p>\n<p style=\"text-align: center;\">Von links nach rechts: Thomas Konrad (kfm. Leiter, Hanno),<br \/>\nMarkus Fehrmann (Vertriebsleiter Bau, Hanno),<br \/>\nJ\u00fcrgen K\u00f6hne (B\u00fcrgermeister Laatzen), Rainer Scholz (Vertreter der Eigent\u00fcmerschaft, Hanno),<br \/>\nG\u00fcnter Krohn (Gesch\u00e4ftsf\u00fchrer, Hanno), Frank Peters (Betriebsleiter, Hanno),<br \/>\nChristian Bebek (stellvertretender Hauptgesch\u00e4ftsf\u00fchrer, IHK Hannover),<br \/>\nDr. Andreas Hohlfeld (Leiter Forschung und Entwicklung, Hanno),<br \/>\nFrank Bublitz (Vertriebsleiter Industrie, Hanno),<br \/>\nSimona Mieles (Betriebsratsvorsitzende, Hanno),<br \/>\nSteffen Koch (Wirtschaftsf\u00f6rderung Hannover).<\/p>\n<p style=\"text-align: center;\">Bild: Hanno Werk GmbH &amp; Co. KG<\/p>\n<hr \/>\n<p>Abdruck honorarfrei, Belegexemplar erbeten<\/p>\n","protected":false},"excerpt":{"rendered":"<p>Hanno feiert rundes Jubil\u00e4um Das traditionsreiche Laatzener Unternehmen Hanno feierte jetzt seinen 125. Geburtstag. Zum Festakt am 10. M\u00e4rz 2020 gratulierten unter anderen der stellvertretende IHK-Hauptgesch\u00e4ftsf\u00fchrer Christian Bebek und Laatzens B\u00fcrgermeister J\u00fcrgen K\u00f6hne. In 125 Jahren an die Spitze in der Nische \u2013 das ist die Geschichte der Hanno Werk GmbH &amp; Co. KG in [&hellip;]<\/p>\n","protected":false},"author":6,"featured_media":11213,"comment_status":"closed","ping_status":"open","sticky":false,"template":"","format":"standard","meta":{"footnotes":""},"categories":[655],"tags":[],"class_list":["post-11212","post","type-post","status-publish","format-standard","has-post-thumbnail","hentry","category-hanno"],"_links":{"self":[{"href":"https:\/\/www.pr-neu.de\/newsroom\/wp-json\/wp\/v2\/posts\/11212","targetHints":{"allow":["GET"]}}],"collection":[{"href":"https:\/\/www.pr-neu.de\/newsroom\/wp-json\/wp\/v2\/posts"}],"about":[{"href":"https:\/\/www.pr-neu.de\/newsroom\/wp-json\/wp\/v2\/types\/post"}],"author":[{"embeddable":true,"href":"https:\/\/www.pr-neu.de\/newsroom\/wp-json\/wp\/v2\/users\/6"}],"replies":[{"embeddable":true,"href":"https:\/\/www.pr-neu.de\/newsroom\/wp-json\/wp\/v2\/comments?post=11212"}],"version-history":[{"count":8,"href":"https:\/\/www.pr-neu.de\/newsroom\/wp-json\/wp\/v2\/posts\/11212\/revisions"}],"predecessor-version":[{"id":11571,"href":"https:\/\/www.pr-neu.de\/newsroom\/wp-json\/wp\/v2\/posts\/11212\/revisions\/11571"}],"wp:featuredmedia":[{"embeddable":true,"href":"https:\/\/www.pr-neu.de\/newsroom\/wp-json\/wp\/v2\/media\/11213"}],"wp:attachment":[{"href":"https:\/\/www.pr-neu.de\/newsroom\/wp-json\/wp\/v2\/media?parent=11212"}],"wp:term":[{"taxonomy":"category","embeddable":true,"href":"https:\/\/www.pr-neu.de\/newsroom\/wp-json\/wp\/v2\/categories?post=11212"},{"taxonomy":"post_tag","embeddable":true,"href":"https:\/\/www.pr-neu.de\/newsroom\/wp-json\/wp\/v2\/tags?post=11212"}],"curies":[{"name":"wp","href":"https:\/\/api.w.org\/{rel}","templated":true}]}}