{"id":11183,"date":"2020-03-05T09:46:13","date_gmt":"2020-03-05T08:46:13","guid":{"rendered":"http:\/\/www.pr-nord.de\/newsroom\/?p=11183"},"modified":"2020-11-12T09:42:24","modified_gmt":"2020-11-12T08:42:24","slug":"gemeinsam-grosses-bewegen","status":"publish","type":"post","link":"https:\/\/www.pr-neu.de\/newsroom\/gemeinsam-grosses-bewegen\/","title":{"rendered":"Gemeinsam Gro\u00dfes bewegen"},"content":{"rendered":"<p><u>Weltrekord: Neues Wagner Design Lab erh\u00e4lt die weltweit gr\u00f6\u00dften Gl\u00e4ser von sedak<\/u><\/p>\n<p><strong>Eindrucksvolle Architektur mit Glas im \u00dcberformat ist auch abseits der Metropolen zu finden \u2013 das beweist das neue \u201eWagner Design Lab\u201c des Sitzm\u00f6belherstellers Wagner in Langenneufnach (Bayern). Der auf schlanken Stahltr\u00e4gern gelagerte Showroom gleicht einer schwebenden B\u00fchne. Daf\u00fcr sorgen auch die beiden 120-Quadratmeter-Glasfassaden an den L\u00e4ngsseiten, die aus nur jeweils zwei Isoliergl\u00e4sern bestehen. Mit knapp 20 Meter L\u00e4nge sind es weltweit die gr\u00f6\u00dften Gl\u00e4ser, die jemals verbaut wurden.<\/strong><\/p>\n<p>Design und Architektur im Einklang: Das Wagner Design Lab des Sitzm\u00f6belherstellers Topstar\/Wagner (Langenneufnach bei Augs\u00adburg) ist Design-Labor und Showroom f\u00fcr St\u00fchle und M\u00f6bel. Der Entwurf der Architekten Titus Bernhard und Andreas Wei\u00dfenbach (Augsburg): Ein Kubus als \u00dcberbau des ehemaligen Wohnhauses der Familie Wagner, dessen gegen\u00fcberliegende L\u00e4ngsseiten aufgrund der Gr\u00f6\u00dfe der Glasscheiben geradezu offen wirken. Das Highlight stammt aus der direkten Nachbarschaft: Der Glasveredler sedak (Gersthofen) produzierte f\u00fcr den neuen Showroom vier Dreifach-Isoliergl\u00e4ser mit einer Gr\u00f6\u00dfe von jeweils 3,04 x 19,21 Meter. Gefertigt sind die Gl\u00e4ser aus einem zweifach TVG-Laminat mit W\u00e4rmeschutzbeschichtung und SG-Interlayer. So entstehen zwei Fl\u00e4chen von 117 Quadratmetern Glas \u2013 mit nur einer einzigen Fuge. Das Wagner Design Lab ist das erste Bauwerk weltweit mit Gl\u00e4sern in diesem \u00dcberformat. \u201eIkonische Bauwerke mit gro\u00dfem Glas werden bislang vor allem in den USA, Asien und Arabien realisiert. Wir freuen uns, dass wir nun auch zunehmend Anfragen aus unserer Heimat verzeichnen\u201c, sagte Bernhard Veh, Gesch\u00e4ftsf\u00fchrer von sedak, \u201eund jetzt sogar in direkter Nachbarschaft zu unserem Stammsitz\u201c. Nach dem Messeturm in Frankfurt mit 17-Meter-Gl\u00e4sern ist der Showroom das zweite Projekt in kurzer Zeit, bei dem \u00fcbergro\u00dfe Gl\u00e4ser in Deutschland verbaut wurden.<\/p>\n<p><strong>Nachbarschaftliche Symbiose<\/strong><\/p>\n<p>Unter der Maxime \u201eGemeinsam Gro\u00dfes bewegen\u201c entstand das Projekt in enger Partnerschaft der Unternehmen. Wagner beweist mit dem Design Lab eindrucksvoll, dass die gemeinsame Innovationskraft zu au\u00dfergew\u00f6hnlichen Ergebnissen f\u00fchrt. Die beiden wegweisenden mittelst\u00e4ndischen Unternehmen eint nicht nur ihr nachbarschaftlicher Standort: \u201eMit einer gemeinsamen Vision und Mut k\u00f6nnen Unternehmen gemeinsam Gro\u00dfes schaffen\u201c, sagte Peter Wagner, Gesch\u00e4ftsf\u00fchrer und Mitinhaber des M\u00f6belherstellers, \u201ehier sogar im doppelten Sinne \u2013 die gro\u00dfen Scheiben stehen eben auch f\u00fcr die gro\u00dfe Idee dahinter\u201c. Glasfassade und ausgestellte M\u00f6bel gehen dabei eine harmonische Beziehung ein. Die hohe Transparenz der Fassade vermittelt das Gef\u00fchl von Exklusivit\u00e4t und maximaler Offenheit \u2013 dieser Eindruck strahlt auf die M\u00f6bel zur\u00fcck und betont den Qualit\u00e4tsanspruch von Wagner.<\/p>\n<p>Mit dem Einbau der Fassadenscheiben im M\u00e4rz 2020 ist ein wichtiger Meilenstein gesetzt \u2013 die Einweihung des Showrooms ist f\u00fcr diesen Sommer geplant.<\/p>\n<p><strong>Bautafel<\/strong><\/p>\n<p>Projekt: Wagner Design Lab<\/p>\n<p>Fertigstellung: Juli 2020<\/p>\n<p>Bauherr: Fa. Wagner Living, Langenneufnach<\/p>\n<p>Architekt: Titus Bernhard Architekten, Augsburg<\/p>\n<p>Isolierglas: sedak, Gersthofen<\/p>\n<p>&nbsp;<\/p>\n<hr \/>\n<p>&nbsp;<\/p>\n<p><strong>sedak \u2013 leading glass<\/strong><\/p>\n<p>Mit Pioniergeist hat sich der mittelst\u00e4ndische Glasveredler sedak (Gersthofen) seit der Gr\u00fcndung 2007 zum Premiumhersteller f\u00fcr gro\u00dfformatige Isolier- und Sicherheitsgl\u00e4ser entwickelt und Glas als Baustoff f\u00fcr Ganzglasfassaden und -d\u00e4cher weitergedacht. sedak liefert Glas f\u00fcr zumeist ikonische Bauwerke auf der ganzen Welt. Als Full-Service-Supplier steht der Glasveredler Architekten, Bauherren, Fassaden- und Metallbauern partnerschaftlich zur Seite und leistet mit innovativen Produkten schon heute einen Beitrag f\u00fcr die vision\u00e4re Architektur von morgen.<\/p>\n<p><strong>Topstar\/Wagner<\/strong><\/p>\n<p>Die Sitzm\u00f6belmanufaktur Topstar (Langenneufnach) mit den beiden Marken Topstar und der Premium Marke Wagner stellt das Wohlbefinden der Menschen in den Fokus und bringt Design, Bewegung und Gesundheit in Einklang. Durch konsequente Forschung und Entwicklung hat Wagner ein Patent entwickelt, das gesundes Sitzen durch Bewegung neu definiert \u2013 \u00fcberall dort, wo Menschen hohe Anspr\u00fcche an ihre t\u00e4gliche Lebensqualit\u00e4t stellen. Design das bewegt, Bewegung die sitzt!<\/p>\n<p>&nbsp;<\/p>\n<hr \/>\n<p><a href=\"http:\/\/www.pr-neu.de\/newsroom\/wordpress\/wp-content\/uploads\/2020\/03\/20-01_sedak_Glas_K.jpg\" target=\"_blank\" rel=\"noopener noreferrer\"><img loading=\"lazy\" decoding=\"async\" class=\"aligncenter wp-image-11187 size-medium\" src=\"http:\/\/www.pr-neu.de\/newsroom\/wordpress\/wp-content\/uploads\/2020\/03\/20-01_sedak_Glas_K-300x199.jpg\" alt=\"\" width=\"300\" height=\"199\" srcset=\"https:\/\/www.pr-neu.de\/newsroom\/wordpress\/wp-content\/uploads\/2020\/03\/20-01_sedak_Glas_K-300x199.jpg 300w, https:\/\/www.pr-neu.de\/newsroom\/wordpress\/wp-content\/uploads\/2020\/03\/20-01_sedak_Glas_K-768x510.jpg 768w, https:\/\/www.pr-neu.de\/newsroom\/wordpress\/wp-content\/uploads\/2020\/03\/20-01_sedak_Glas_K-1024x680.jpg 1024w, https:\/\/www.pr-neu.de\/newsroom\/wordpress\/wp-content\/uploads\/2020\/03\/20-01_sedak_Glas_K-110x73.jpg 110w, https:\/\/www.pr-neu.de\/newsroom\/wordpress\/wp-content\/uploads\/2020\/03\/20-01_sedak_Glas_K-420x279.jpg 420w, https:\/\/www.pr-neu.de\/newsroom\/wordpress\/wp-content\/uploads\/2020\/03\/20-01_sedak_Glas_K-647x430.jpg 647w, https:\/\/www.pr-neu.de\/newsroom\/wordpress\/wp-content\/uploads\/2020\/03\/20-01_sedak_Glas_K.jpg 1772w\" sizes=\"auto, (max-width: 300px) 100vw, 300px\" \/><\/a><\/p>\n<p style=\"text-align: center;\">Glasverarbeitung der Superlative: sedak liefert Gl\u00e4ser bis zu einer Gr\u00f6\u00dfe von 3,6 x 20 Meter und damit das gr\u00f6\u00dfte Glas der Welt.<\/p>\n<p style=\"text-align: center;\">Foto: sedak<\/p>\n<p><a href=\"http:\/\/www.pr-neu.de\/newsroom\/wordpress\/wp-content\/uploads\/2020\/03\/20-01_sedak_Fertigung_01_K.jpg\" target=\"_blank\" rel=\"noopener noreferrer\"><img loading=\"lazy\" decoding=\"async\" class=\"aligncenter wp-image-11188 size-medium\" src=\"http:\/\/www.pr-neu.de\/newsroom\/wordpress\/wp-content\/uploads\/2020\/03\/20-01_sedak_Fertigung_01_K-300x201.jpg\" alt=\"\" width=\"300\" height=\"201\" srcset=\"https:\/\/www.pr-neu.de\/newsroom\/wordpress\/wp-content\/uploads\/2020\/03\/20-01_sedak_Fertigung_01_K-300x201.jpg 300w, https:\/\/www.pr-neu.de\/newsroom\/wordpress\/wp-content\/uploads\/2020\/03\/20-01_sedak_Fertigung_01_K-768x514.jpg 768w, https:\/\/www.pr-neu.de\/newsroom\/wordpress\/wp-content\/uploads\/2020\/03\/20-01_sedak_Fertigung_01_K-1024x685.jpg 1024w, https:\/\/www.pr-neu.de\/newsroom\/wordpress\/wp-content\/uploads\/2020\/03\/20-01_sedak_Fertigung_01_K-110x74.jpg 110w, https:\/\/www.pr-neu.de\/newsroom\/wordpress\/wp-content\/uploads\/2020\/03\/20-01_sedak_Fertigung_01_K-420x281.jpg 420w, https:\/\/www.pr-neu.de\/newsroom\/wordpress\/wp-content\/uploads\/2020\/03\/20-01_sedak_Fertigung_01_K-643x430.jpg 643w, https:\/\/www.pr-neu.de\/newsroom\/wordpress\/wp-content\/uploads\/2020\/03\/20-01_sedak_Fertigung_01_K.jpg 1772w\" sizes=\"auto, (max-width: 300px) 100vw, 300px\" \/><\/a><\/p>\n<p style=\"text-align: center;\">F\u00fcr die Produktion der Gl\u00e4ser im \u00dcberformat entwickelte sedak einen einzigartigen Maschinenpark.<\/p>\n<p style=\"text-align: center;\">Foto: sedak<\/p>\n<p><a href=\"http:\/\/www.pr-neu.de\/newsroom\/wordpress\/wp-content\/uploads\/2020\/03\/20-01_sedak_Fertigung_02_K.jpg\" target=\"_blank\" rel=\"noopener noreferrer\"><img loading=\"lazy\" decoding=\"async\" class=\"aligncenter wp-image-11189 size-medium\" src=\"http:\/\/www.pr-neu.de\/newsroom\/wordpress\/wp-content\/uploads\/2020\/03\/20-01_sedak_Fertigung_02_K-300x207.jpg\" alt=\"\" width=\"300\" height=\"207\" srcset=\"https:\/\/www.pr-neu.de\/newsroom\/wordpress\/wp-content\/uploads\/2020\/03\/20-01_sedak_Fertigung_02_K-300x207.jpg 300w, https:\/\/www.pr-neu.de\/newsroom\/wordpress\/wp-content\/uploads\/2020\/03\/20-01_sedak_Fertigung_02_K-768x529.jpg 768w, https:\/\/www.pr-neu.de\/newsroom\/wordpress\/wp-content\/uploads\/2020\/03\/20-01_sedak_Fertigung_02_K-1024x706.jpg 1024w, https:\/\/www.pr-neu.de\/newsroom\/wordpress\/wp-content\/uploads\/2020\/03\/20-01_sedak_Fertigung_02_K-110x76.jpg 110w, https:\/\/www.pr-neu.de\/newsroom\/wordpress\/wp-content\/uploads\/2020\/03\/20-01_sedak_Fertigung_02_K-420x289.jpg 420w, https:\/\/www.pr-neu.de\/newsroom\/wordpress\/wp-content\/uploads\/2020\/03\/20-01_sedak_Fertigung_02_K-624x430.jpg 624w, https:\/\/www.pr-neu.de\/newsroom\/wordpress\/wp-content\/uploads\/2020\/03\/20-01_sedak_Fertigung_02_K.jpg 1772w\" sizes=\"auto, (max-width: 300px) 100vw, 300px\" \/><\/a><\/p>\n<p style=\"text-align: center;\">F\u00fcr die Produktion der Gl\u00e4ser im \u00dcberformat entwickelte sedak einen einzigartigen Maschinenpark.<\/p>\n<p style=\"text-align: center;\">Foto: sedak<\/p>\n<p><a href=\"http:\/\/www.pr-neu.de\/newsroom\/wordpress\/wp-content\/uploads\/2020\/03\/20-01_Wagner_DesignLab_K.jpg\" target=\"_blank\" rel=\"noopener noreferrer\"><img loading=\"lazy\" decoding=\"async\" class=\"aligncenter wp-image-11190 size-medium\" src=\"http:\/\/www.pr-neu.de\/newsroom\/wordpress\/wp-content\/uploads\/2020\/03\/20-01_Wagner_DesignLab_K-300x200.jpg\" alt=\"\" width=\"300\" height=\"200\" srcset=\"https:\/\/www.pr-neu.de\/newsroom\/wordpress\/wp-content\/uploads\/2020\/03\/20-01_Wagner_DesignLab_K-300x200.jpg 300w, https:\/\/www.pr-neu.de\/newsroom\/wordpress\/wp-content\/uploads\/2020\/03\/20-01_Wagner_DesignLab_K-768x512.jpg 768w, https:\/\/www.pr-neu.de\/newsroom\/wordpress\/wp-content\/uploads\/2020\/03\/20-01_Wagner_DesignLab_K-1024x682.jpg 1024w, https:\/\/www.pr-neu.de\/newsroom\/wordpress\/wp-content\/uploads\/2020\/03\/20-01_Wagner_DesignLab_K-110x73.jpg 110w, https:\/\/www.pr-neu.de\/newsroom\/wordpress\/wp-content\/uploads\/2020\/03\/20-01_Wagner_DesignLab_K-420x280.jpg 420w, https:\/\/www.pr-neu.de\/newsroom\/wordpress\/wp-content\/uploads\/2020\/03\/20-01_Wagner_DesignLab_K-645x430.jpg 645w, https:\/\/www.pr-neu.de\/newsroom\/wordpress\/wp-content\/uploads\/2020\/03\/20-01_Wagner_DesignLab_K.jpg 1772w\" sizes=\"auto, (max-width: 300px) 100vw, 300px\" \/><\/a><\/p>\n<p style=\"text-align: center;\">Design und Architektur vereint: Die insgesamt 233,6 Quadratmeter Glasfl\u00e4che an den L\u00e4ngsseiten des Kubus \u00f6ffnen das Bauwerk optisch und setzen die Ausstellungsst\u00fccke optimal in Szene.<\/p>\n<p style=\"text-align: center;\">Foto: Titus Bernhard Architekten<\/p>\n<p><a href=\"http:\/\/www.pr-neu.de\/newsroom\/wordpress\/wp-content\/uploads\/2020\/03\/20-01_Wagner_Einbau_01_K.jpg\" target=\"_blank\" rel=\"noopener noreferrer\"><img loading=\"lazy\" decoding=\"async\" class=\"aligncenter wp-image-11191 size-medium\" src=\"http:\/\/www.pr-neu.de\/newsroom\/wordpress\/wp-content\/uploads\/2020\/03\/20-01_Wagner_Einbau_01_K-300x197.jpg\" alt=\"\" width=\"300\" height=\"197\" srcset=\"https:\/\/www.pr-neu.de\/newsroom\/wordpress\/wp-content\/uploads\/2020\/03\/20-01_Wagner_Einbau_01_K-300x197.jpg 300w, https:\/\/www.pr-neu.de\/newsroom\/wordpress\/wp-content\/uploads\/2020\/03\/20-01_Wagner_Einbau_01_K-768x505.jpg 768w, https:\/\/www.pr-neu.de\/newsroom\/wordpress\/wp-content\/uploads\/2020\/03\/20-01_Wagner_Einbau_01_K-1024x674.jpg 1024w, https:\/\/www.pr-neu.de\/newsroom\/wordpress\/wp-content\/uploads\/2020\/03\/20-01_Wagner_Einbau_01_K-110x72.jpg 110w, https:\/\/www.pr-neu.de\/newsroom\/wordpress\/wp-content\/uploads\/2020\/03\/20-01_Wagner_Einbau_01_K-420x276.jpg 420w, https:\/\/www.pr-neu.de\/newsroom\/wordpress\/wp-content\/uploads\/2020\/03\/20-01_Wagner_Einbau_01_K-653x430.jpg 653w, https:\/\/www.pr-neu.de\/newsroom\/wordpress\/wp-content\/uploads\/2020\/03\/20-01_Wagner_Einbau_01_K.jpg 1772w\" sizes=\"auto, (max-width: 300px) 100vw, 300px\" \/><\/a><\/p>\n<p style=\"text-align: center;\">Ein Meilenstein ist erreicht: Mit technischem Knowhow und viel Fingerspitzengef\u00fchl wurden die \u00fcbergro\u00dfen Isoliergl\u00e4ser vor Ort in Langenneufnach eingebaut.<\/p>\n<p style=\"text-align: center;\">Foto: sedak<\/p>\n<p><a href=\"http:\/\/www.pr-neu.de\/newsroom\/wordpress\/wp-content\/uploads\/2020\/03\/20-01_Wagner_Einbau_02_K.jpg\" target=\"_blank\" rel=\"noopener noreferrer\"><img loading=\"lazy\" decoding=\"async\" class=\"aligncenter wp-image-11192 size-medium\" src=\"http:\/\/www.pr-neu.de\/newsroom\/wordpress\/wp-content\/uploads\/2020\/03\/20-01_Wagner_Einbau_02_K-300x197.jpg\" alt=\"\" width=\"300\" height=\"197\" srcset=\"https:\/\/www.pr-neu.de\/newsroom\/wordpress\/wp-content\/uploads\/2020\/03\/20-01_Wagner_Einbau_02_K-300x197.jpg 300w, https:\/\/www.pr-neu.de\/newsroom\/wordpress\/wp-content\/uploads\/2020\/03\/20-01_Wagner_Einbau_02_K-768x505.jpg 768w, https:\/\/www.pr-neu.de\/newsroom\/wordpress\/wp-content\/uploads\/2020\/03\/20-01_Wagner_Einbau_02_K-1024x674.jpg 1024w, https:\/\/www.pr-neu.de\/newsroom\/wordpress\/wp-content\/uploads\/2020\/03\/20-01_Wagner_Einbau_02_K-110x72.jpg 110w, https:\/\/www.pr-neu.de\/newsroom\/wordpress\/wp-content\/uploads\/2020\/03\/20-01_Wagner_Einbau_02_K-420x276.jpg 420w, https:\/\/www.pr-neu.de\/newsroom\/wordpress\/wp-content\/uploads\/2020\/03\/20-01_Wagner_Einbau_02_K-653x430.jpg 653w, https:\/\/www.pr-neu.de\/newsroom\/wordpress\/wp-content\/uploads\/2020\/03\/20-01_Wagner_Einbau_02_K.jpg 1772w\" sizes=\"auto, (max-width: 300px) 100vw, 300px\" \/><\/a><\/p>\n<p style=\"text-align: center;\">Ein Meilenstein ist erreicht: Mit technischem Knowhow und viel Fingerspitzengef\u00fchl wurden die \u00fcbergro\u00dfen Isoliergl\u00e4ser vor Ort in Langenneufnach eingebaut.<\/p>\n<p style=\"text-align: center;\">Foto: sedak<\/p>\n<p><a href=\"http:\/\/www.pr-neu.de\/newsroom\/wordpress\/wp-content\/uploads\/2020\/03\/20-01_Wagner_Einbau_03_K.jpg\" target=\"_blank\" rel=\"noopener noreferrer\"><img loading=\"lazy\" decoding=\"async\" class=\"aligncenter wp-image-11193 size-medium\" src=\"http:\/\/www.pr-neu.de\/newsroom\/wordpress\/wp-content\/uploads\/2020\/03\/20-01_Wagner_Einbau_03_K-300x205.jpg\" alt=\"\" width=\"300\" height=\"205\" srcset=\"https:\/\/www.pr-neu.de\/newsroom\/wordpress\/wp-content\/uploads\/2020\/03\/20-01_Wagner_Einbau_03_K-300x205.jpg 300w, https:\/\/www.pr-neu.de\/newsroom\/wordpress\/wp-content\/uploads\/2020\/03\/20-01_Wagner_Einbau_03_K-768x525.jpg 768w, https:\/\/www.pr-neu.de\/newsroom\/wordpress\/wp-content\/uploads\/2020\/03\/20-01_Wagner_Einbau_03_K-1024x700.jpg 1024w, https:\/\/www.pr-neu.de\/newsroom\/wordpress\/wp-content\/uploads\/2020\/03\/20-01_Wagner_Einbau_03_K-110x75.jpg 110w, https:\/\/www.pr-neu.de\/newsroom\/wordpress\/wp-content\/uploads\/2020\/03\/20-01_Wagner_Einbau_03_K-420x287.jpg 420w, https:\/\/www.pr-neu.de\/newsroom\/wordpress\/wp-content\/uploads\/2020\/03\/20-01_Wagner_Einbau_03_K-629x430.jpg 629w, https:\/\/www.pr-neu.de\/newsroom\/wordpress\/wp-content\/uploads\/2020\/03\/20-01_Wagner_Einbau_03_K.jpg 1772w\" sizes=\"auto, (max-width: 300px) 100vw, 300px\" \/><\/a><\/p>\n<p style=\"text-align: center;\">Gemeinsam Gro\u00dfes schaffen: Bernhard Veh (Gesch\u00e4ftsf\u00fchrer sedak), Peter Wagner (Gesch\u00e4ftsf\u00fchrer und Mitinhaber Wagner) und Titus Bernhard (Titus Bernhard Architekten) (v.l.n.r.) bei der Fertigstellung des neuen Wagner Design Labs \u2013 dem Einbau der weltweit gr\u00f6\u00dften Glasscheiben.<\/p>\n<p style=\"text-align: center;\">Foto: sedak<\/p>\n<p>&nbsp;<\/p>\n<hr \/>\n<p>&nbsp;<\/p>\n<p><strong>R\u00fcckfragen beantwortet gern<\/strong><\/p>\n<table width=\"567\">\n<tbody>\n<tr>\n<td valign=\"top\" width=\"260\" height=\"25\"><strong>sedak GmbH &amp; Co. KG<br \/>\n<\/strong>Tatjana Vinkovic<br \/>\nTel.: +49(0)821\/2494-823<br \/>\nFax: +49(0)821\/2494-777<br \/>\nE-Mail: <a href=\"ma&#105;&#108;&#116;&#x6f;&#x3a;&#x74;&#x61;&#x74;ja&#110;&#97;&#46;&#x76;&#x69;&#x6e;&#x6b;&#x6f;vi&#99;&#64;&#115;&#x65;&#x64;&#x61;&#x6b;&#x2e;co&#109;\">&#x74;a&#x74;&#106;a&#x6e;&#97;&#x2e;&#118;i&#x6e;&#107;&#x6f;&#118;i&#x63;&#64;&#x73;&#x65;d&#x61;&#107;&#46;&#x63;&#111;&#x6d;<\/a><\/td>\n<td colspan=\"3\" valign=\"top\" width=\"260\" height=\"21\"><\/td>\n<\/tr>\n<\/tbody>\n<\/table>\n<p>Abdruck honorarfrei, Belegexemplar erbeten<\/p>\n<p>&nbsp;<\/p>\n<hr \/>\n<p>&nbsp;<\/p>\n<p><strong>Leading glass<\/strong><\/p>\n<p><strong>\u00a0<\/strong>Mit Pioniergeist hat sich der Glasveredler sedak (Gersthofen) seit der Gr\u00fcndung 2007 zum Premiumhersteller f\u00fcr gro\u00dfformatige Isolier- und Sicherheitsgl\u00e4ser entwickelt und Glas als Baustoff f\u00fcr Ganzglasfassaden und -d\u00e4cher weitergedacht. Dank innovativer Produkte in h\u00f6chster Qualit\u00e4t werden ikonische Fassaden und Bauwerke mit einer bislang unerreichten Transparenz realisiert.<\/p>\n<p>Monogl\u00e4ser, Mehrfachgl\u00e4ser und Funktions-Isoliergl\u00e4ser in Formaten bis 3,6 x 20 Meter fertigt sedak hochautomatisiert und effizient. Auf einer Fertigungsfl\u00e4che von 35.000 Quadratmetern und mit einem einzigartigen Maschinenpark wird das Rohglas bearbeitet, vorgespannt, laminiert, bedruckt und laminationsgebogen und zu Isolierglas gebaut. Mit der Integration des Glasspezialisten f\u00fcr gebogenes Glas, Sunglass Industry srl (Italien), geh\u00f6rt nun auch das thermische Glasbiegen zu den Kernkompetenzen. Au\u00dfergew\u00f6hnliche L\u00f6sungen liefert der Spezialist zudem f\u00fcr Luxus-Jachten mit Gl\u00e4sern, optimiert f\u00fcr den Einsatz auf hoher See.<\/p>\n<p>Insbesondere bei Sonderkonstruktionen beweist der Glasveredler l\u00f6sungsorientierte Kompetenz. Mit Forschungs- und Entwicklungsgeist, neuen Technologien sowie der Expertise von 190 Mitarbeitern treibt sedak Innovationen der Glasveredelung stetig voran und versteht sich als Partner von Architekten, Bauherren, Fassaden- und Metallbauern. Als Spezialist f\u00fcr \u00fcbergro\u00dfe und extrem schwere Gl\u00e4ser entwickelt das Unternehmen zukunftsorientierte L\u00f6sungen, um Kundenvisionen flexibel zu verwirklichen. Vom Auftrag bis zur Lieferung agiert der Glasveredler dabei als Full-Service-Supplier. So leistet sedak schon heute einen Beitrag f\u00fcr die vision\u00e4re Architektur von morgen.<\/p>\n<p>Herausragende Referenzen belegen die eindrucksvolle Kompetenz. Dazu geh\u00f6ren u.a.: Lakhta Center, St. Petersburg \/ Haus der Europ\u00e4ischen Geschichte, Br\u00fcssel \/ medizinische Fakult\u00e4t, Montpellier \/ Torre Europa, Madrid \/ Iconsiam, Bangkok \/ Apple Park, Cupertino \/ Apple-Cube, New York \/ Experimenta, Heilbronn \/ zahlreiche Premium-Flagship-Stores.<\/p>\n<p>&nbsp;<\/p>\n<p><strong>Anwendungsgebiete <\/strong><\/p>\n<table>\n<tbody>\n<tr>\n<td width=\"251\">\n<ul>\n<li>Glasfassaden<\/li>\n<li>Glasd\u00e4cher<\/li>\n<li>Glastreppen<\/li>\n<li>Glasbr\u00fcstungen<\/li>\n<li>Jachtverglasungen<\/li>\n<\/ul>\n<\/td>\n<td width=\"251\">\n<ul>\n<li>Poolverglasungen<\/li>\n<li>Sicherheitsverglasungen<\/li>\n<li>Ganzglaskonstruktionen<\/li>\n<li>Innenarchitektur<\/li>\n<li>Sonderanfertigung<\/li>\n<\/ul>\n<\/td>\n<\/tr>\n<\/tbody>\n<\/table>\n","protected":false},"excerpt":{"rendered":"<p>Weltrekord: Neues Wagner Design Lab erh\u00e4lt die weltweit gr\u00f6\u00dften Gl\u00e4ser von sedak Eindrucksvolle Architektur mit Glas im \u00dcberformat ist auch abseits der Metropolen zu finden \u2013 das beweist das neue \u201eWagner Design Lab\u201c des Sitzm\u00f6belherstellers Wagner in Langenneufnach (Bayern). Der auf schlanken Stahltr\u00e4gern gelagerte Showroom gleicht einer schwebenden B\u00fchne. Daf\u00fcr sorgen auch die beiden 120-Quadratmeter-Glasfassaden [&hellip;]<\/p>\n","protected":false},"author":6,"featured_media":11190,"comment_status":"closed","ping_status":"open","sticky":false,"template":"","format":"standard","meta":{"footnotes":""},"categories":[12],"tags":[],"class_list":["post-11183","post","type-post","status-publish","format-standard","has-post-thumbnail","hentry","category-sedak"],"_links":{"self":[{"href":"https:\/\/www.pr-neu.de\/newsroom\/wp-json\/wp\/v2\/posts\/11183","targetHints":{"allow":["GET"]}}],"collection":[{"href":"https:\/\/www.pr-neu.de\/newsroom\/wp-json\/wp\/v2\/posts"}],"about":[{"href":"https:\/\/www.pr-neu.de\/newsroom\/wp-json\/wp\/v2\/types\/post"}],"author":[{"embeddable":true,"href":"https:\/\/www.pr-neu.de\/newsroom\/wp-json\/wp\/v2\/users\/6"}],"replies":[{"embeddable":true,"href":"https:\/\/www.pr-neu.de\/newsroom\/wp-json\/wp\/v2\/comments?post=11183"}],"version-history":[{"count":11,"href":"https:\/\/www.pr-neu.de\/newsroom\/wp-json\/wp\/v2\/posts\/11183\/revisions"}],"predecessor-version":[{"id":13780,"href":"https:\/\/www.pr-neu.de\/newsroom\/wp-json\/wp\/v2\/posts\/11183\/revisions\/13780"}],"wp:featuredmedia":[{"embeddable":true,"href":"https:\/\/www.pr-neu.de\/newsroom\/wp-json\/wp\/v2\/media\/11190"}],"wp:attachment":[{"href":"https:\/\/www.pr-neu.de\/newsroom\/wp-json\/wp\/v2\/media?parent=11183"}],"wp:term":[{"taxonomy":"category","embeddable":true,"href":"https:\/\/www.pr-neu.de\/newsroom\/wp-json\/wp\/v2\/categories?post=11183"},{"taxonomy":"post_tag","embeddable":true,"href":"https:\/\/www.pr-neu.de\/newsroom\/wp-json\/wp\/v2\/tags?post=11183"}],"curies":[{"name":"wp","href":"https:\/\/api.w.org\/{rel}","templated":true}]}}