{"id":11163,"date":"2020-02-28T11:13:09","date_gmt":"2020-02-28T10:13:09","guid":{"rendered":"http:\/\/www.pr-nord.de\/newsroom\/?p=11163"},"modified":"2020-05-18T14:28:05","modified_gmt":"2020-05-18T12:28:05","slug":"carteck-aktion-2020-mit-neuer-trendfarbe-und-mehrwert-videos","status":"publish","type":"post","link":"https:\/\/www.pr-neu.de\/newsroom\/carteck-aktion-2020-mit-neuer-trendfarbe-und-mehrwert-videos\/","title":{"rendered":"CarTeck-Aktion 2020 mit neuer Trendfarbe und Mehrwert-Videos"},"content":{"rendered":"<p><u>Teckentrup: Marketing-Unterst\u00fctzung f\u00fcr Handelspartner<\/u><\/p>\n<p><strong>Die erfolgreiche \u201eCarTeck Garagentor-Aktion\u201c von Teckentrup (Verl) geht in die n\u00e4chste Runde. Metallbauer und Baustoff-Fachh\u00e4ndler erhalten f\u00fcr den Dialog mit privaten Bauherren passgenaue Marketing-Pakete. Neu sind u.a. verkaufsunterst\u00fctzende Kurzvideos, in denen der Nutzen des Tor-Zubeh\u00f6rs mit einem Augenzwinkern in Szene gesetzt wird. Die Trendfarbe \u201eGrau-Aluminium\u201c erweitert die Promotion-Farbauswahl um einen stark nachgefragten Farbton, das neu enthaltene optionale Bel\u00fcftungspaket hilft dabei, das Risiko von Schimmelbildung in der Garage langfristig zu senken.<\/strong><\/p>\n<p>Seit vielen Jahren unterst\u00fctzt Teckentrup seine Fachpartner mit \u201eCarTeck-Aktionen\u201c im Gesch\u00e4ft mit privaten Bauherren. \u201eUnsere enge Zusammenarbeit mit H\u00e4ndlern und Metallbauern ist das Erfolgsrezept\u201c, erkl\u00e4rt Marketingleiter Uwe G\u00f6tze, \u201edabei passen wir das Angebot in jedem Jahr an die W\u00fcnsche unserer Kunden und die aktuellen Trends an.\u201c<\/p>\n<p>Die Kernidee bleibt: Ein Top-Angebot f\u00fcr die CarTeck-Sektionaltore in Standardgr\u00f6\u00dfen mit unverbindlicher Preisempfehlung \u2013 inklusive Antrieb, Handsender und einem kostenlosen frei w\u00e4hlbaren Zubeh\u00f6r. Bauherren erhalten so ihr ganz individuelles Extra im Wert von bis zu 81 Euro (exklusive Montage). Zur Wahl stehen ein zweiter Handsender, ein Wandinnentaster, eine Lichtschranke oder ein Alarmbuzzer. \u00a0Wozu das Zubeh\u00f6r dient, zeigen jetzt witzige Kurzvideos \u2013 immer mit der sympathischen H\u00fcndin Josie (auf dem Youtube-Kanal von Teckentrup zu sehen). Standard-Werbemittel wie Roll-ups, Poster, Flyer, Werbebanner oder Zeitungsbeilagen bilden die Grundlage der Aktion.<\/p>\n<p>Zwei Zusatzpakete vergr\u00f6\u00dfern den Angebots-Spielraum der Partner: Das \u201eDesignpaket\u201c \u2013 bestehend aus einem Torblatt ohne Sicke mit glatter Struktur und zus\u00e4tzlichen Farben \u2013 und das \u201eBel\u00fcftungspaket\u201c mit dem Feuchtigkeitssensor \u201eSenso\u201c inklusive Upgrade auf den Antrieb CarTeck Drive 600. Auch optisch stehen den Bauherren viele Optionen offen: Dieses Jahr erweitert die neue Trendfarbe \u201eGrau-Aluminium\u201c (\u00e4hnlich RAL 9007) das Promotion-Angebot. \u201eNeben den Standard-Kommunikationsmitteln erhalten unsere Fachpartner auf Wunsch auch individuell zugeschnittene Verkaufsunterst\u00fctzung von uns. So k\u00f6nnen sie auf Basis des attraktiven Preis-Leistungs-Verh\u00e4ltnisses unseres Promotion-Angebots und mit dem zus\u00e4tzlichen Gratis-Zubeh\u00f6r eigene Aktionen ganz nach ihren W\u00fcnschen aufbauen\u201c, res\u00fcmiert G\u00f6tze.<\/p>\n<hr \/>\n<p><strong>CarTeck-Aktion 2020: Die Module<\/strong><\/p>\n<p><strong>\u00a0<\/strong><\/p>\n<p><strong>Grundpaket<\/strong><\/p>\n<p><u>CarTeck-Garagentor<\/u>GSW 40 mit Mittelsicke, Antrieb CarTeck Drive 500 und einem 2-Kanal-Handsender sowie Zarge 2.0 f\u00fcr einfache Montage. Mehrere Standardgr\u00f6\u00dfen f\u00fcr Einzel- und Doppelgaragen.<\/p>\n<p>Lieferzeit: 2 Wochen<\/p>\n<p><strong>Bonus f\u00fcr Endkunden, wahlweise:<\/strong><\/p>\n<ul>\n<li>Zus\u00e4tzlicher Handsender<\/li>\n<li>Lichtschranke<\/li>\n<li>Wandinnentaster<\/li>\n<li>Alarmbuzzer<\/li>\n<\/ul>\n<p><strong>Alternative f\u00fcr Partnerbetriebe<\/strong><\/p>\n<p>Einsatz eines anderen Antriebs (wird entsprechend verrechnet)<\/p>\n<p><strong>UVP f\u00fcr Endkunden: <\/strong>ab 949 Euro<\/p>\n<p><strong>Die Werbemittel\u00a0<\/strong>(z.T. gegen Kostenbeteiligung):<\/p>\n<ul>\n<li>Vorgefertigtes Werbemittelbestellformular<\/li>\n<li>Roll-Ups, Plakate, Salesfolder, Zaunplane<\/li>\n<li>Onlinebanner<\/li>\n<li>Content f\u00fcr Homepage<\/li>\n<li>Individueller Aktionsflyer<\/li>\n<li>St\u00e4nder Paneel-Muster<\/li>\n<li>Kurzvideos zum Zubeh\u00f6r<\/li>\n<\/ul>\n<p><u>Weitere Ausstattungen \/ Sonderfarben \/ Sondergr\u00f6\u00dfen<\/u> gem\u00e4\u00df Aktion,<\/p>\n<p><strong>Laufzeit: <\/strong>Bis Ende 2020<\/p>\n<p><strong>Kontakt<\/strong>: &#x6d;&#97;&#x72;&#x6b;&#101;&#x74;&#105;n&#x67;&#64;t&#x65;&#99;k&#x65;&#110;t&#x72;&#117;&#x70;&#x2e;&#98;&#x69;&#x7a;<\/p>\n<p>Mehr Info: <a href=\"https:\/\/www.teckentrup.biz\/produkte\/garagentore\/carteck-aktion\/\" target=\"_blank\" rel=\"noopener noreferrer\">www.teckentrup.biz\/produkte\/garagentore\/carteck-aktion\/<\/a><\/p>\n<hr \/>\n<p><a href=\"http:\/\/www.pr-neu.de\/newsroom\/wordpress\/wp-content\/uploads\/2020\/02\/20-03_CarTeck-Aktion_2020_K.jpg\" target=\"_blank\" rel=\"noopener noreferrer\"><img loading=\"lazy\" decoding=\"async\" class=\"aligncenter wp-image-11164 size-medium\" src=\"http:\/\/www.pr-neu.de\/newsroom\/wordpress\/wp-content\/uploads\/2020\/02\/20-03_CarTeck-Aktion_2020_K-300x200.jpg\" alt=\"\" width=\"300\" height=\"200\" srcset=\"https:\/\/www.pr-neu.de\/newsroom\/wordpress\/wp-content\/uploads\/2020\/02\/20-03_CarTeck-Aktion_2020_K-300x200.jpg 300w, https:\/\/www.pr-neu.de\/newsroom\/wordpress\/wp-content\/uploads\/2020\/02\/20-03_CarTeck-Aktion_2020_K-768x512.jpg 768w, https:\/\/www.pr-neu.de\/newsroom\/wordpress\/wp-content\/uploads\/2020\/02\/20-03_CarTeck-Aktion_2020_K-1024x682.jpg 1024w, https:\/\/www.pr-neu.de\/newsroom\/wordpress\/wp-content\/uploads\/2020\/02\/20-03_CarTeck-Aktion_2020_K-110x73.jpg 110w, https:\/\/www.pr-neu.de\/newsroom\/wordpress\/wp-content\/uploads\/2020\/02\/20-03_CarTeck-Aktion_2020_K-420x280.jpg 420w, https:\/\/www.pr-neu.de\/newsroom\/wordpress\/wp-content\/uploads\/2020\/02\/20-03_CarTeck-Aktion_2020_K-645x430.jpg 645w, https:\/\/www.pr-neu.de\/newsroom\/wordpress\/wp-content\/uploads\/2020\/02\/20-03_CarTeck-Aktion_2020_K.jpg 1772w\" sizes=\"auto, (max-width: 300px) 100vw, 300px\" \/><\/a><\/p>\n<p style=\"text-align: center;\">F\u00fcr seine Partner bietet Teckentrup Marketing-Unterst\u00fctzung in Form von Roll-ups, Postern, Flyern, Werbebannern, Zeitungsbeilagen sowie neu im Angebot \u2013 kurze ansprechende Videos zur \u00dcbersicht der Zubeh\u00f6re.<\/p>\n<p style=\"text-align: center;\">Bild: Teckentrup<\/p>\n<hr \/>\n<p>Abdruck honorarfrei, Belegexemplar erbeten an<\/p>\n","protected":false},"excerpt":{"rendered":"<p>Teckentrup: Marketing-Unterst\u00fctzung f\u00fcr Handelspartner Die erfolgreiche \u201eCarTeck Garagentor-Aktion\u201c von Teckentrup (Verl) geht in die n\u00e4chste Runde. Metallbauer und Baustoff-Fachh\u00e4ndler erhalten f\u00fcr den Dialog mit privaten Bauherren passgenaue Marketing-Pakete. Neu sind u.a. verkaufsunterst\u00fctzende Kurzvideos, in denen der Nutzen des Tor-Zubeh\u00f6rs mit einem Augenzwinkern in Szene gesetzt wird. Die Trendfarbe \u201eGrau-Aluminium\u201c erweitert die Promotion-Farbauswahl um einen stark [&hellip;]<\/p>\n","protected":false},"author":6,"featured_media":11164,"comment_status":"closed","ping_status":"open","sticky":false,"template":"","format":"standard","meta":{"footnotes":""},"categories":[18],"tags":[],"class_list":["post-11163","post","type-post","status-publish","format-standard","has-post-thumbnail","hentry","category-teckentrup"],"_links":{"self":[{"href":"https:\/\/www.pr-neu.de\/newsroom\/wp-json\/wp\/v2\/posts\/11163","targetHints":{"allow":["GET"]}}],"collection":[{"href":"https:\/\/www.pr-neu.de\/newsroom\/wp-json\/wp\/v2\/posts"}],"about":[{"href":"https:\/\/www.pr-neu.de\/newsroom\/wp-json\/wp\/v2\/types\/post"}],"author":[{"embeddable":true,"href":"https:\/\/www.pr-neu.de\/newsroom\/wp-json\/wp\/v2\/users\/6"}],"replies":[{"embeddable":true,"href":"https:\/\/www.pr-neu.de\/newsroom\/wp-json\/wp\/v2\/comments?post=11163"}],"version-history":[{"count":2,"href":"https:\/\/www.pr-neu.de\/newsroom\/wp-json\/wp\/v2\/posts\/11163\/revisions"}],"predecessor-version":[{"id":11425,"href":"https:\/\/www.pr-neu.de\/newsroom\/wp-json\/wp\/v2\/posts\/11163\/revisions\/11425"}],"wp:featuredmedia":[{"embeddable":true,"href":"https:\/\/www.pr-neu.de\/newsroom\/wp-json\/wp\/v2\/media\/11164"}],"wp:attachment":[{"href":"https:\/\/www.pr-neu.de\/newsroom\/wp-json\/wp\/v2\/media?parent=11163"}],"wp:term":[{"taxonomy":"category","embeddable":true,"href":"https:\/\/www.pr-neu.de\/newsroom\/wp-json\/wp\/v2\/categories?post=11163"},{"taxonomy":"post_tag","embeddable":true,"href":"https:\/\/www.pr-neu.de\/newsroom\/wp-json\/wp\/v2\/tags?post=11163"}],"curies":[{"name":"wp","href":"https:\/\/api.w.org\/{rel}","templated":true}]}}