{"id":11152,"date":"2020-02-25T10:00:11","date_gmt":"2020-02-25T09:00:11","guid":{"rendered":"http:\/\/www.pr-nord.de\/newsroom\/?p=11152"},"modified":"2020-05-18T15:01:48","modified_gmt":"2020-05-18T13:01:48","slug":"neuer-holzschutz-von-suedwest","status":"publish","type":"post","link":"https:\/\/www.pr-neu.de\/newsroom\/neuer-holzschutz-von-suedwest\/","title":{"rendered":"Neuer Holzschutz von S\u00fcdwest"},"content":{"rendered":"<p><u>Umweltfreundlich und normkonform:<\/u><\/p>\n<p><strong>Optimaler Wetterschutz, besonders umweltfreundlich und Zulassung gem\u00e4\u00df neuer Richtlinien f\u00fcr Biozid-Produkte (2020): Daf\u00fcr steht das S\u00fcdwest-Holzschutz-Programm mit der neuen \u201eHybrid Holz-Lasur\u201c und dem \u201eAquaVison Holz-Impr\u00e4gnier-Grund WV\u201c auf Wasserbasis. Die Lasur sch\u00fctzt Holz in der Au\u00dfenanwendung zuverl\u00e4ssig, ist umwelt\u00adschonend durch deutlich reduzierten L\u00f6semittelanteil sowie einfach und sicher zu verarbeiten. Die darauf abgestimmten neuen Holzimpr\u00e4gnierungen bieten die Auswahl f\u00fcr den jeweils optimalen und umweltfreundlichen Holz-Rundum\u00adschutz.<\/strong><\/p>\n<p>Holz braucht \u201edrau\u00dfen\u201c Schutz, sonst drohen dem witterungs\u00adanf\u00e4lligen, organischen Baustoff schnell Sch\u00e4den. Impr\u00e4gnie\u00adrungen dienen als erste Schutzma\u00dfnahme gegen Bl\u00e4ue, Schimmel und F\u00e4ulnis. Vor allem Nadelh\u00f6lzer sollten (im Au\u00dfenbereich) vor dem Lasieren mit einer Impr\u00e4gnierung gesch\u00fctzt werden.<\/p>\n<p><strong>Zwei gute Gr\u00fcnde zum Impr\u00e4gnieren<\/strong><\/p>\n<p><strong>\u00a0<\/strong>Profi-L\u00f6sungen sind der l\u00f6semittelhaltige \u201eHolz-Impr\u00e4gnier-Grund LH\u201c und der neue \u201eAquaVision Holz-Impr\u00e4gnier-Grund WV\u201c. Die beiden Impr\u00e4gnierungen ziehen zuverl\u00e4ssig und tief in das Holz ein und regulieren dessen Saugf\u00e4higkeit. Sie trocknen schnell, wodurch sich die Weiterverarbeitung z\u00fcgig anschlie\u00dft. Ma\u00dfhal\u00adtige und nicht ma\u00dfhaltige Bauteile sind damit vor Verf\u00e4rbung und Verfall gesch\u00fctzt, die Umwelt wird nicht belastet. Sicherheit f\u00fcr den Verarbeiter: Beide Impr\u00e4gnierungen verf\u00fcgen \u00fcber moderne Wirkstoffe, die bereits den neuen Richtlinien f\u00fcr Biozid-Produkte 2020 entsprechen. Eine \u00dcberarbeitung mit der neuen Hybrid Holz-Lasur (oder einer Wetterschutzfarbe) stellt sicher, dass die Wirkstoffe im Holz verbleiben und nicht ausgewaschen werden<\/p>\n<p><strong>Optimal gesch\u00fctzt <\/strong><strong>mit umweltfreundlicher HybridHolz &#8211; Lasur<\/strong><\/p>\n<p>Um das Holz noch besser vor Witterung, UV-Strahlen und Feuchtigkeit zu sch\u00fctzen, bietet sich das Finish mit der S\u00fcdwest \u201eHybrid Holz-Lasur\u201c an. Sie ist optimal auf die Impr\u00e4gnierungen von S\u00fcdwest abgestimmt. Aufgrund ihres sehr geringen L\u00f6semittelanteils ist sie nachhaltiger und umweltschonender als herk\u00f6mmliche Lasuren, sch\u00fctzt aber genauso gut wie kon\u00adventionelle Beschichtungen. Da die Lasur zudem tropfgehemmt eingestellt ist, l\u00e4sst sie sich m\u00fchelos verarbeiten \u2013 auch \u00fcber Kopf. Eisenoxide und hochwertige UV-Absorber sch\u00fctzen optimal vor Sch\u00e4den durch UV-Strahlen. Zugleich ist die Hybrid-Lasur wirtschaftlich, da schon eine geringe Auftragsmenge lang\u00adfristig sch\u00fctzt \u2013 ohne abzuplatzen. Zehn S\u00fcdwest-Standard-Farb\u00adt\u00f6ne stehen zur Wahl, dar\u00fcber hinaus sind individuelle Farbw\u00fcn\u00adsche mittels der S\u00fcdwest \u201eAll-Color Mix T\u00f6ntechnik realisierbar.<\/p>\n<p>Zus\u00e4tzlich zu den genannten Produkten bietet S\u00fcdwest mit seinem weiteren Holzschutzprogramm eine breite Palette an l\u00f6semittelhaltigen und wasserbasierenden Beschichtungen vom Holz-\u00d6l bis zum bionischen Holzschutz \u201eDrytec HolzProtect\u201c \u2013eine geeignete L\u00f6sung f\u00fcr jeden Anwendungsfall.<\/p>\n<p><strong>Weitere Infos: suedwest.de<\/strong><\/p>\n<hr \/>\n<p><a href=\"http:\/\/www.pr-neu.de\/newsroom\/wordpress\/wp-content\/uploads\/2020\/02\/20-01-Holzschutz_K.jpg\" target=\"_blank\" rel=\"noopener noreferrer\"><img loading=\"lazy\" decoding=\"async\" class=\"aligncenter wp-image-11153 size-medium\" src=\"http:\/\/www.pr-neu.de\/newsroom\/wordpress\/wp-content\/uploads\/2020\/02\/20-01-Holzschutz_K-300x200.jpg\" alt=\"\" width=\"300\" height=\"200\" srcset=\"https:\/\/www.pr-neu.de\/newsroom\/wordpress\/wp-content\/uploads\/2020\/02\/20-01-Holzschutz_K-300x200.jpg 300w, https:\/\/www.pr-neu.de\/newsroom\/wordpress\/wp-content\/uploads\/2020\/02\/20-01-Holzschutz_K-768x512.jpg 768w, https:\/\/www.pr-neu.de\/newsroom\/wordpress\/wp-content\/uploads\/2020\/02\/20-01-Holzschutz_K-1024x682.jpg 1024w, https:\/\/www.pr-neu.de\/newsroom\/wordpress\/wp-content\/uploads\/2020\/02\/20-01-Holzschutz_K-110x73.jpg 110w, https:\/\/www.pr-neu.de\/newsroom\/wordpress\/wp-content\/uploads\/2020\/02\/20-01-Holzschutz_K-420x280.jpg 420w, https:\/\/www.pr-neu.de\/newsroom\/wordpress\/wp-content\/uploads\/2020\/02\/20-01-Holzschutz_K-645x430.jpg 645w, https:\/\/www.pr-neu.de\/newsroom\/wordpress\/wp-content\/uploads\/2020\/02\/20-01-Holzschutz_K.jpg 1772w\" sizes=\"auto, (max-width: 300px) 100vw, 300px\" \/><\/a><\/p>\n<p style=\"text-align: center;\">\u201eHolz Impr\u00e4gnier-Grund LH\u201c ist in den Gebindegr\u00f6\u00dfen 375 ml \/ 750 ml \/ 2,5 Liter, 5 Liter und 10 Liter erh\u00e4ltlich, \u201eAquaVision Holz Impr\u00e4gnier-Grund WV\u201c gibt es in als 375 ml \/ 750 ml und 2,5 Liter-Gebinde. Bei der Hybrid Holz-Lasur sind es die Gr\u00f6\u00dfen 0,75 ml, 2,5 Liter und 10 Liter.<\/p>\n<p style=\"text-align: center;\">Foto: S\u00fcdwest<\/p>\n<p><a href=\"http:\/\/www.pr-neu.de\/newsroom\/wordpress\/wp-content\/uploads\/2020\/02\/20-01_SUEDWEST_Stock_Holzschutz_K.jpg\" target=\"_blank\" rel=\"noopener noreferrer\"><img loading=\"lazy\" decoding=\"async\" class=\"aligncenter wp-image-11154 size-medium\" src=\"http:\/\/www.pr-neu.de\/newsroom\/wordpress\/wp-content\/uploads\/2020\/02\/20-01_SUEDWEST_Stock_Holzschutz_K-200x300.jpg\" alt=\"\" width=\"200\" height=\"300\" srcset=\"https:\/\/www.pr-neu.de\/newsroom\/wordpress\/wp-content\/uploads\/2020\/02\/20-01_SUEDWEST_Stock_Holzschutz_K-200x300.jpg 200w, https:\/\/www.pr-neu.de\/newsroom\/wordpress\/wp-content\/uploads\/2020\/02\/20-01_SUEDWEST_Stock_Holzschutz_K-768x1151.jpg 768w, https:\/\/www.pr-neu.de\/newsroom\/wordpress\/wp-content\/uploads\/2020\/02\/20-01_SUEDWEST_Stock_Holzschutz_K-683x1024.jpg 683w, https:\/\/www.pr-neu.de\/newsroom\/wordpress\/wp-content\/uploads\/2020\/02\/20-01_SUEDWEST_Stock_Holzschutz_K-73x110.jpg 73w, https:\/\/www.pr-neu.de\/newsroom\/wordpress\/wp-content\/uploads\/2020\/02\/20-01_SUEDWEST_Stock_Holzschutz_K-280x420.jpg 280w, https:\/\/www.pr-neu.de\/newsroom\/wordpress\/wp-content\/uploads\/2020\/02\/20-01_SUEDWEST_Stock_Holzschutz_K-287x430.jpg 287w, https:\/\/www.pr-neu.de\/newsroom\/wordpress\/wp-content\/uploads\/2020\/02\/20-01_SUEDWEST_Stock_Holzschutz_K.jpg 1182w\" sizes=\"auto, (max-width: 200px) 100vw, 200px\" \/><\/a><\/p>\n<p style=\"text-align: center;\">Gut gesch\u00fctzt: Mit den Impr\u00e4gnierungen und Lasuren von S\u00fcdwest widersteht Holz auch Wind und Wetter.<\/p>\n<p style=\"text-align: center;\">Foto: Dariusz Jarzabek<\/p>\n<hr \/>\n<p>Abdruck honorarfrei, Belegexemplar erbeten<\/p>\n","protected":false},"excerpt":{"rendered":"<p>Umweltfreundlich und normkonform: Optimaler Wetterschutz, besonders umweltfreundlich und Zulassung gem\u00e4\u00df neuer Richtlinien f\u00fcr Biozid-Produkte (2020): Daf\u00fcr steht das S\u00fcdwest-Holzschutz-Programm mit der neuen \u201eHybrid Holz-Lasur\u201c und dem \u201eAquaVison Holz-Impr\u00e4gnier-Grund WV\u201c auf Wasserbasis. Die Lasur sch\u00fctzt Holz in der Au\u00dfenanwendung zuverl\u00e4ssig, ist umwelt\u00adschonend durch deutlich reduzierten L\u00f6semittelanteil sowie einfach und sicher zu verarbeiten. Die darauf abgestimmten neuen [&hellip;]<\/p>\n","protected":false},"author":6,"featured_media":11153,"comment_status":"closed","ping_status":"open","sticky":false,"template":"","format":"standard","meta":{"footnotes":""},"categories":[17],"tags":[],"class_list":["post-11152","post","type-post","status-publish","format-standard","has-post-thumbnail","hentry","category-sudwest"],"_links":{"self":[{"href":"https:\/\/www.pr-neu.de\/newsroom\/wp-json\/wp\/v2\/posts\/11152","targetHints":{"allow":["GET"]}}],"collection":[{"href":"https:\/\/www.pr-neu.de\/newsroom\/wp-json\/wp\/v2\/posts"}],"about":[{"href":"https:\/\/www.pr-neu.de\/newsroom\/wp-json\/wp\/v2\/types\/post"}],"author":[{"embeddable":true,"href":"https:\/\/www.pr-neu.de\/newsroom\/wp-json\/wp\/v2\/users\/6"}],"replies":[{"embeddable":true,"href":"https:\/\/www.pr-neu.de\/newsroom\/wp-json\/wp\/v2\/comments?post=11152"}],"version-history":[{"count":6,"href":"https:\/\/www.pr-neu.de\/newsroom\/wp-json\/wp\/v2\/posts\/11152\/revisions"}],"predecessor-version":[{"id":11488,"href":"https:\/\/www.pr-neu.de\/newsroom\/wp-json\/wp\/v2\/posts\/11152\/revisions\/11488"}],"wp:featuredmedia":[{"embeddable":true,"href":"https:\/\/www.pr-neu.de\/newsroom\/wp-json\/wp\/v2\/media\/11153"}],"wp:attachment":[{"href":"https:\/\/www.pr-neu.de\/newsroom\/wp-json\/wp\/v2\/media?parent=11152"}],"wp:term":[{"taxonomy":"category","embeddable":true,"href":"https:\/\/www.pr-neu.de\/newsroom\/wp-json\/wp\/v2\/categories?post=11152"},{"taxonomy":"post_tag","embeddable":true,"href":"https:\/\/www.pr-neu.de\/newsroom\/wp-json\/wp\/v2\/tags?post=11152"}],"curies":[{"name":"wp","href":"https:\/\/api.w.org\/{rel}","templated":true}]}}