{"id":11083,"date":"2020-01-28T10:08:54","date_gmt":"2020-01-28T09:08:54","guid":{"rendered":"http:\/\/www.pr-nord.de\/newsroom\/?p=11083"},"modified":"2020-05-19T08:48:30","modified_gmt":"2020-05-19T06:48:30","slug":"transparenz-auf-hoechstem-level","status":"publish","type":"post","link":"https:\/\/www.pr-neu.de\/newsroom\/transparenz-auf-hoechstem-level\/","title":{"rendered":"Transparenz auf h\u00f6chstem Level"},"content":{"rendered":"<p><u>Insgesamt 404 Glasfins von sedak erm\u00f6glichen gro\u00dffl\u00e4chige Glasfassaden im neuen Lakhta-Viertel<\/u><\/p>\n<p><strong>Europas h\u00f6chstes Geb\u00e4ude thront im Norden von St. Peters\u00adburg, direkt an der Newabucht. W\u00e4hrend aus der Ferne schon die schiere Gr\u00f6\u00dfe des Lakhta-Towers die Exzellenz des Bauwerks ausstrahlt, betten unmittelbar am Fu\u00dfe zwei gl\u00e4serne Multifunktions-Bauten und eine lang gezogene, geschwungene Lobby den 462 Meter hohen Turm in ein harmonisch bewegtes Ensemble und geben ihm architektonischen R\u00fcckhalt. Die gigantischen Ausma\u00dfe greifen die Eingangs\u00adbereiche dieser Multifunktionsgeb\u00e4ude auf. Mit insgesamt 326 Glasfins im Nord- und S\u00fcdblock sowie 78 Glasfins im Eingangsbogen hat sedak (Gersthofen) das strukturelle Ger\u00fcst f\u00fcr die gro\u00dffl\u00e4chigen Glasfassaden geliefert. Darunter die aktuell l\u00e4ngsten verbauten Laminate der Welt.<\/strong><\/p>\n<p>W\u00e4hrend im Lakhta-Tower vornehmlich B\u00fcrofl\u00e4chen und ein Pano\u00adrama-Restaurant Platz finden, erweitern die angrenzenden Geb\u00e4ude das neue Viertel funktional. \u00d6stlich liegt die Eingangslobby, die sich langgezogen an den Koloss schmiegt. Auch hier ist die gl\u00e4serne Linie der Architekten deutlich erkennbar. Eine gro\u00dfe Glasfassade \u00f6ffnet das neue Viertel zur Stadt hin. Mit insgesamt 78 Glasfins wurde diese realisiert, um die Transparenz auf das h\u00f6chste Level zu heben. Die 7-fach Laminate aus 12 mm dicken Gl\u00e4sern wurden daf\u00fcr mit Edelstahlschuhen versehen und von sedak werksseitig mit Stahlelementen ausger\u00fcstet. So entsteht ein b\u00fcndiger Abschluss der einen dezenten und dadurch \u00e4sthetischen Anschluss der Fassadenscheiben erm\u00f6glicht. Dieses perfekte Zusammenspiel tr\u00e4gt die architektonische Vision mit, die mit organischen Formen die Kraft des Wassers und den Fluss des Raums mit einer Offenheit und Leichtigkeit verkn\u00fcpfen will.<\/p>\n<p><strong>Rekord-Glas: In der Spitze 17,2 Meter<\/strong><\/p>\n<p>Als Heimat f\u00fcr ein vielf\u00e4ltiges \u00f6ffentliches Angebot kreierten die Planer zwei gro\u00dffl\u00e4chige Geb\u00e4ude westlich des neuen Wahrzeichens von St. Petersburg. Die komplett von Glas umh\u00fcllten Bauten schwin\u00adgen sich wellenartig vom Turm weg, steigen Richtung Wasser steil an. Sie beherbergen neben einem Kino, Planetarium und Wissen\u00adschaftszentrum zum Beispiel auch Cafes, Einzelhandel und ein Spa. Um diese Offenheit f\u00fcr alle nach au\u00dfen zu tragen, heben sich die zur\u00fcckgesetzten Ecken im Nord- und S\u00fcdwest-Teil signifikant und dadurch einladend vom \u00fcbrigen Geb\u00e4ude ab. Insgesamt 326 Glasfins tragen die Fassaden, die der Au\u00dfenlinie der Bauten folgend nach oben hin spitz zulaufen. Dabei stechen die 17,2 Meter langen Fins heraus, die an den h\u00f6chsten Stellen die Fassade tragen. Sie sind die aktuell l\u00e4ngsten in einem Geb\u00e4ude verbauten Glasfins. \u201eDas ist ein Meilenstein, auf den wir stolz sind. Aber die Grenzen sind noch nicht ausgereizt\u201c, sagt sedak-Prokurist Ulrich Theisen im R\u00fcckblick auf das Projekt, an dem \u00fcber ein Jahr gearbeitet wurde.<\/p>\n<p>Um die aus der Geometrie resultierenden Glasfl\u00e4chen der Fassaden mit ihren verschiedenen Lasten tragen zu k\u00f6nnen, fertigte sedak die Glasfins in mehreren Ausf\u00fchrungen. Die Hauptlast tragen die zahlreichen Dreifach-Laminate \u2013 in drei verschiedenen Breiten wurden insgesamt 237 Glasfins in den beiden Nebengeb\u00e4uden verbaut. Dazu kommen 58 Achtfach-Laminate (8 x 12 mm), die mit Edelstahlschuhen ausger\u00fcstet wurden, 14 Siebenfach-Laminate (5 x 12 mm und 2 x 15 mm) sowie 17 Sechsfach-Laminate (6 x 12 mm). Auf letztere wurden gl\u00e4serne Brackets laminiert, in denen die Stahlelemente f\u00fcr einen optischen nahtlosen \u00dcbergang zu den Fassadenteilen verlaufen. \u00dcber die gesamte H\u00f6he der verschiede\u00adnen Fins bohrte sedak passgenau die Aufnahme f\u00fcr die Fassaden\u00adgl\u00e4ser: insgesamt 3316 Bohrungen mit einem Durchmesser zwischen 32 bis 60 mm. Und das mit h\u00f6chster Passgenauigkeit. Bei der nachfolgenden Lamination musste alles perfekt laufen. \u201eDas war eine gro\u00dfe Herausforderung, weil es schlichtweg keine Toleranzen geben durfte\u201c, erkl\u00e4rt Theisen.<\/p>\n<hr \/>\n<p><a href=\"http:\/\/www.pr-neu.de\/newsroom\/wordpress\/wp-content\/uploads\/2020\/01\/19-09_Laktha_1_G.jpg\" target=\"_blank\" rel=\"noopener noreferrer\"><img loading=\"lazy\" decoding=\"async\" class=\"aligncenter wp-image-11084 size-medium\" src=\"http:\/\/www.pr-neu.de\/newsroom\/wordpress\/wp-content\/uploads\/2020\/01\/19-09_Laktha_1_G-300x201.jpg\" alt=\"\" width=\"300\" height=\"201\" srcset=\"https:\/\/www.pr-neu.de\/newsroom\/wordpress\/wp-content\/uploads\/2020\/01\/19-09_Laktha_1_G-300x201.jpg 300w, https:\/\/www.pr-neu.de\/newsroom\/wordpress\/wp-content\/uploads\/2020\/01\/19-09_Laktha_1_G-768x516.jpg 768w, https:\/\/www.pr-neu.de\/newsroom\/wordpress\/wp-content\/uploads\/2020\/01\/19-09_Laktha_1_G-1024x687.jpg 1024w, https:\/\/www.pr-neu.de\/newsroom\/wordpress\/wp-content\/uploads\/2020\/01\/19-09_Laktha_1_G-110x74.jpg 110w, https:\/\/www.pr-neu.de\/newsroom\/wordpress\/wp-content\/uploads\/2020\/01\/19-09_Laktha_1_G-420x282.jpg 420w, https:\/\/www.pr-neu.de\/newsroom\/wordpress\/wp-content\/uploads\/2020\/01\/19-09_Laktha_1_G-641x430.jpg 641w, https:\/\/www.pr-neu.de\/newsroom\/wordpress\/wp-content\/uploads\/2020\/01\/19-09_Laktha_1_G.jpg 1795w\" sizes=\"auto, (max-width: 300px) 100vw, 300px\" \/><\/a><\/p>\n<p style=\"text-align: center;\"><em>Die Glasfins wurden hochpr\u00e4zise bearbeitet, um die Glasfassaden an ihnen sicher befestigten zu k\u00f6nnen.<\/em><\/p>\n<p style=\"text-align: center;\">Bild: sedak<\/p>\n<p style=\"text-align: center;\"><a href=\"http:\/\/www.pr-neu.de\/newsroom\/wordpress\/wp-content\/uploads\/2020\/01\/19-09_Laktha_2.jpg\" target=\"_blank\" rel=\"noopener noreferrer\"><img loading=\"lazy\" decoding=\"async\" class=\"aligncenter wp-image-11085 size-medium\" src=\"http:\/\/www.pr-neu.de\/newsroom\/wordpress\/wp-content\/uploads\/2020\/01\/19-09_Laktha_2-300x200.jpg\" alt=\"\" width=\"300\" height=\"200\" srcset=\"https:\/\/www.pr-neu.de\/newsroom\/wordpress\/wp-content\/uploads\/2020\/01\/19-09_Laktha_2-300x200.jpg 300w, https:\/\/www.pr-neu.de\/newsroom\/wordpress\/wp-content\/uploads\/2020\/01\/19-09_Laktha_2-768x512.jpg 768w, https:\/\/www.pr-neu.de\/newsroom\/wordpress\/wp-content\/uploads\/2020\/01\/19-09_Laktha_2-1024x683.jpg 1024w, https:\/\/www.pr-neu.de\/newsroom\/wordpress\/wp-content\/uploads\/2020\/01\/19-09_Laktha_2-110x73.jpg 110w, https:\/\/www.pr-neu.de\/newsroom\/wordpress\/wp-content\/uploads\/2020\/01\/19-09_Laktha_2-420x280.jpg 420w, https:\/\/www.pr-neu.de\/newsroom\/wordpress\/wp-content\/uploads\/2020\/01\/19-09_Laktha_2-644x430.jpg 644w\" sizes=\"auto, (max-width: 300px) 100vw, 300px\" \/><\/a><em>sedak produzierte f\u00fcr die verschiedenen Anforderungen ma\u00dfgeschneiderte Glasfins. Darunter auch 14 Siebenfach-Laminate. <\/em><\/p>\n<p style=\"text-align: center;\">Bild: sedak<\/p>\n<p><a href=\"http:\/\/www.pr-neu.de\/newsroom\/wordpress\/wp-content\/uploads\/2020\/01\/19-09_Laktha_3_G.jpg\" target=\"_blank\" rel=\"noopener noreferrer\"><img loading=\"lazy\" decoding=\"async\" class=\"aligncenter wp-image-11086 size-medium\" src=\"http:\/\/www.pr-neu.de\/newsroom\/wordpress\/wp-content\/uploads\/2020\/01\/19-09_Laktha_3_G-300x180.jpg\" alt=\"\" width=\"300\" height=\"180\" srcset=\"https:\/\/www.pr-neu.de\/newsroom\/wordpress\/wp-content\/uploads\/2020\/01\/19-09_Laktha_3_G-300x180.jpg 300w, https:\/\/www.pr-neu.de\/newsroom\/wordpress\/wp-content\/uploads\/2020\/01\/19-09_Laktha_3_G-768x462.jpg 768w, https:\/\/www.pr-neu.de\/newsroom\/wordpress\/wp-content\/uploads\/2020\/01\/19-09_Laktha_3_G-110x66.jpg 110w, https:\/\/www.pr-neu.de\/newsroom\/wordpress\/wp-content\/uploads\/2020\/01\/19-09_Laktha_3_G-420x252.jpg 420w, https:\/\/www.pr-neu.de\/newsroom\/wordpress\/wp-content\/uploads\/2020\/01\/19-09_Laktha_3_G-715x430.jpg 715w, https:\/\/www.pr-neu.de\/newsroom\/wordpress\/wp-content\/uploads\/2020\/01\/19-09_Laktha_3_G.jpg 945w\" sizes=\"auto, (max-width: 300px) 100vw, 300px\" \/><\/a><\/p>\n<p style=\"text-align: center;\"><em>Stolze 17,2 Meter misst der l\u00e4ngste Glasfin \u2013 damit ist er das weltweit l\u00e4ngste verbaute Laminat.<\/em><\/p>\n<p style=\"text-align: center;\">Bild: sedak<\/p>\n<p><a href=\"http:\/\/www.pr-neu.de\/newsroom\/wordpress\/wp-content\/uploads\/2020\/01\/19-09_Laktha_4_G.jpg\" target=\"_blank\" rel=\"noopener noreferrer\"><img loading=\"lazy\" decoding=\"async\" class=\"aligncenter wp-image-11087 size-medium\" src=\"http:\/\/www.pr-neu.de\/newsroom\/wordpress\/wp-content\/uploads\/2020\/01\/19-09_Laktha_4_G-201x300.jpg\" alt=\"\" width=\"201\" height=\"300\" srcset=\"https:\/\/www.pr-neu.de\/newsroom\/wordpress\/wp-content\/uploads\/2020\/01\/19-09_Laktha_4_G-201x300.jpg 201w, https:\/\/www.pr-neu.de\/newsroom\/wordpress\/wp-content\/uploads\/2020\/01\/19-09_Laktha_4_G-768x1144.jpg 768w, https:\/\/www.pr-neu.de\/newsroom\/wordpress\/wp-content\/uploads\/2020\/01\/19-09_Laktha_4_G-687x1024.jpg 687w, https:\/\/www.pr-neu.de\/newsroom\/wordpress\/wp-content\/uploads\/2020\/01\/19-09_Laktha_4_G-74x110.jpg 74w, https:\/\/www.pr-neu.de\/newsroom\/wordpress\/wp-content\/uploads\/2020\/01\/19-09_Laktha_4_G-282x420.jpg 282w, https:\/\/www.pr-neu.de\/newsroom\/wordpress\/wp-content\/uploads\/2020\/01\/19-09_Laktha_4_G-289x430.jpg 289w, https:\/\/www.pr-neu.de\/newsroom\/wordpress\/wp-content\/uploads\/2020\/01\/19-09_Laktha_4_G.jpg 1205w\" sizes=\"auto, (max-width: 201px) 100vw, 201px\" \/><\/a><\/p>\n<p style=\"text-align: center;\"><em>Einige der Glasfins stattete sedak mit Befestigungsvorrichtungen aus Edelstahl aus. <\/em><\/p>\n<p style=\"text-align: center;\">Bild: sedak<\/p>\n<p><a href=\"http:\/\/www.pr-neu.de\/newsroom\/wordpress\/wp-content\/uploads\/2020\/01\/19-04_Laktha_5_G.jpg\" target=\"_blank\" rel=\"noopener noreferrer\"><img loading=\"lazy\" decoding=\"async\" class=\"aligncenter wp-image-11088 size-medium\" src=\"http:\/\/www.pr-neu.de\/newsroom\/wordpress\/wp-content\/uploads\/2020\/01\/19-04_Laktha_5_G-300x169.jpg\" alt=\"\" width=\"300\" height=\"169\" srcset=\"https:\/\/www.pr-neu.de\/newsroom\/wordpress\/wp-content\/uploads\/2020\/01\/19-04_Laktha_5_G-300x169.jpg 300w, https:\/\/www.pr-neu.de\/newsroom\/wordpress\/wp-content\/uploads\/2020\/01\/19-04_Laktha_5_G-768x432.jpg 768w, https:\/\/www.pr-neu.de\/newsroom\/wordpress\/wp-content\/uploads\/2020\/01\/19-04_Laktha_5_G-1024x576.jpg 1024w, https:\/\/www.pr-neu.de\/newsroom\/wordpress\/wp-content\/uploads\/2020\/01\/19-04_Laktha_5_G-110x62.jpg 110w, https:\/\/www.pr-neu.de\/newsroom\/wordpress\/wp-content\/uploads\/2020\/01\/19-04_Laktha_5_G-420x236.jpg 420w, https:\/\/www.pr-neu.de\/newsroom\/wordpress\/wp-content\/uploads\/2020\/01\/19-04_Laktha_5_G-770x430.jpg 770w, https:\/\/www.pr-neu.de\/newsroom\/wordpress\/wp-content\/uploads\/2020\/01\/19-04_Laktha_5_G-764x430.jpg 764w, https:\/\/www.pr-neu.de\/newsroom\/wordpress\/wp-content\/uploads\/2020\/01\/19-04_Laktha_5_G.jpg 1975w\" sizes=\"auto, (max-width: 300px) 100vw, 300px\" \/><\/a><\/p>\n<p style=\"text-align: center;\"><em>Glas ist Architektur: Zur Gr\u00f6\u00dfe des Lakhta-Towers passen die beeindruckende Glasfassade und die riesigen Scheiben mit einem Tragwerk aus Glasfins mit H\u00f6hen bis \u00fcber 17 Metern.<\/em><\/p>\n<p style=\"text-align: center;\">Bild: Laktha Center<\/p>\n<p><a href=\"http:\/\/www.pr-neu.de\/newsroom\/wordpress\/wp-content\/uploads\/2020\/01\/19-04_Laktha_6_G.jpg\" target=\"_blank\" rel=\"noopener noreferrer\"><img loading=\"lazy\" decoding=\"async\" class=\"aligncenter wp-image-11089 size-medium\" src=\"http:\/\/www.pr-neu.de\/newsroom\/wordpress\/wp-content\/uploads\/2020\/01\/19-04_Laktha_6_G-300x204.jpg\" alt=\"\" width=\"300\" height=\"204\" srcset=\"https:\/\/www.pr-neu.de\/newsroom\/wordpress\/wp-content\/uploads\/2020\/01\/19-04_Laktha_6_G-300x204.jpg 300w, https:\/\/www.pr-neu.de\/newsroom\/wordpress\/wp-content\/uploads\/2020\/01\/19-04_Laktha_6_G-768x523.jpg 768w, https:\/\/www.pr-neu.de\/newsroom\/wordpress\/wp-content\/uploads\/2020\/01\/19-04_Laktha_6_G-1024x697.jpg 1024w, https:\/\/www.pr-neu.de\/newsroom\/wordpress\/wp-content\/uploads\/2020\/01\/19-04_Laktha_6_G-110x75.jpg 110w, https:\/\/www.pr-neu.de\/newsroom\/wordpress\/wp-content\/uploads\/2020\/01\/19-04_Laktha_6_G-420x286.jpg 420w, https:\/\/www.pr-neu.de\/newsroom\/wordpress\/wp-content\/uploads\/2020\/01\/19-04_Laktha_6_G-631x430.jpg 631w, https:\/\/www.pr-neu.de\/newsroom\/wordpress\/wp-content\/uploads\/2020\/01\/19-04_Laktha_6_G.jpg 1975w\" sizes=\"auto, (max-width: 300px) 100vw, 300px\" \/><\/a><\/p>\n<p style=\"text-align: center;\"><em>Im Gesamtkomplex wirkt der Eingangsbereich auf der Ecke fast klein. Tats\u00e4chlich reicht schon dieser Geb\u00e4udeteil nahezu bis zur Hochhausgrenze.<\/em><\/p>\n<p style=\"text-align: center;\">Bild: Laktha Center<\/p>\n<p><a href=\"http:\/\/www.pr-neu.de\/newsroom\/wordpress\/wp-content\/uploads\/2020\/01\/19-04_Laktha_7_G.jpg\" target=\"_blank\" rel=\"noopener noreferrer\"><img loading=\"lazy\" decoding=\"async\" class=\"aligncenter wp-image-11090 size-medium\" src=\"http:\/\/www.pr-neu.de\/newsroom\/wordpress\/wp-content\/uploads\/2020\/01\/19-04_Laktha_7_G-300x200.jpg\" alt=\"\" width=\"300\" height=\"200\" srcset=\"https:\/\/www.pr-neu.de\/newsroom\/wordpress\/wp-content\/uploads\/2020\/01\/19-04_Laktha_7_G-300x200.jpg 300w, https:\/\/www.pr-neu.de\/newsroom\/wordpress\/wp-content\/uploads\/2020\/01\/19-04_Laktha_7_G-768x512.jpg 768w, https:\/\/www.pr-neu.de\/newsroom\/wordpress\/wp-content\/uploads\/2020\/01\/19-04_Laktha_7_G-1024x683.jpg 1024w, https:\/\/www.pr-neu.de\/newsroom\/wordpress\/wp-content\/uploads\/2020\/01\/19-04_Laktha_7_G-110x73.jpg 110w, https:\/\/www.pr-neu.de\/newsroom\/wordpress\/wp-content\/uploads\/2020\/01\/19-04_Laktha_7_G-420x280.jpg 420w, https:\/\/www.pr-neu.de\/newsroom\/wordpress\/wp-content\/uploads\/2020\/01\/19-04_Laktha_7_G-645x430.jpg 645w, https:\/\/www.pr-neu.de\/newsroom\/wordpress\/wp-content\/uploads\/2020\/01\/19-04_Laktha_7_G.jpg 1975w\" sizes=\"auto, (max-width: 300px) 100vw, 300px\" \/><\/a><\/p>\n<p style=\"text-align: center;\"><em>Die Vision: Mit organischen Formen die Kraft des Wassers und den Fluss des Raumes mit Offenheit und Leichtigkeit zu verkn\u00fcpfen.<\/em><\/p>\n<p style=\"text-align: center;\">Bild: Laktha Center<\/p>\n<p><a href=\"http:\/\/www.pr-neu.de\/newsroom\/wordpress\/wp-content\/uploads\/2020\/01\/19-04_Laktha_8_G.jpg\" target=\"_blank\" rel=\"noopener noreferrer\"><img loading=\"lazy\" decoding=\"async\" class=\"aligncenter wp-image-11091 size-medium\" src=\"http:\/\/www.pr-neu.de\/newsroom\/wordpress\/wp-content\/uploads\/2020\/01\/19-04_Laktha_8_G-300x200.jpg\" alt=\"\" width=\"300\" height=\"200\" srcset=\"https:\/\/www.pr-neu.de\/newsroom\/wordpress\/wp-content\/uploads\/2020\/01\/19-04_Laktha_8_G-300x200.jpg 300w, https:\/\/www.pr-neu.de\/newsroom\/wordpress\/wp-content\/uploads\/2020\/01\/19-04_Laktha_8_G-768x512.jpg 768w, https:\/\/www.pr-neu.de\/newsroom\/wordpress\/wp-content\/uploads\/2020\/01\/19-04_Laktha_8_G-1024x682.jpg 1024w, https:\/\/www.pr-neu.de\/newsroom\/wordpress\/wp-content\/uploads\/2020\/01\/19-04_Laktha_8_G-110x73.jpg 110w, https:\/\/www.pr-neu.de\/newsroom\/wordpress\/wp-content\/uploads\/2020\/01\/19-04_Laktha_8_G-420x280.jpg 420w, https:\/\/www.pr-neu.de\/newsroom\/wordpress\/wp-content\/uploads\/2020\/01\/19-04_Laktha_8_G-645x430.jpg 645w, https:\/\/www.pr-neu.de\/newsroom\/wordpress\/wp-content\/uploads\/2020\/01\/19-04_Laktha_8_G.jpg 1975w\" sizes=\"auto, (max-width: 300px) 100vw, 300px\" \/><\/a><\/p>\n<p style=\"text-align: center;\"><em>Die von Glas umh\u00fcllten Bauten schwingen wellenartig vom Turm \u2013 ein harmonisches Ensemble.<\/em><\/p>\n<p style=\"text-align: center;\">Bild: Laktha Center<\/p>\n<hr \/>\n<p><strong>R\u00fcckfragen beantwortet gern<\/strong><\/p>\n<table width=\"567\">\n<tbody>\n<tr>\n<td valign=\"top\" width=\"260\" height=\"25\"><strong>sedak GmbH &amp; Co. KG<br \/>\n<\/strong>Tatjana Vinkovic<br \/>\nTel.: +49(0)821\/2494-823<br \/>\nFax: +49(0)821\/2494-777<br \/>\nE-Mail: <a href=\"&#x6d;&#97;i&#x6c;&#x74;&#111;:&#x74;&#x61;&#116;j&#x61;&#x6e;&#97;&#46;&#x76;&#x69;&#110;k&#x6f;&#118;&#105;c&#x40;&#115;e&#x64;&#x61;&#107;&#46;&#x63;&#x6f;&#109;\">&#116;&#x61;t&#106;&#x61;n&#97;&#x2e;v&#105;&#x6e;k&#111;&#x76;i&#99;&#x40;s&#101;&#x64;a&#107;&#x2e;c&#111;&#x6d;<\/a><\/td>\n<td colspan=\"3\" valign=\"top\" width=\"260\" height=\"21\"><\/td>\n<\/tr>\n<\/tbody>\n<\/table>\n<p>Abdruck honorarfrei, Belegexemplar erbeten<\/p>\n<hr \/>\n<p><strong>Leading glass<\/strong><\/p>\n<p>Der Glasveredler sedak (Gersthofen), gegr\u00fcndet 2007, hat sich mit mittlerweile 180 Mitarbeitern zum weltweiten Technologie- und Innovationsf\u00fchrer f\u00fcr gro\u00dfformatige Isolier- und Sicherheitsgl\u00e4ser entwickelt. Nach zehnj\u00e4hriger Erfahrung in der Produktion von Scheiben in \u00dcbergr\u00f6\u00dfen und dem kontinuierlichen Ausbau der Automatisierung, gilt sedak als wegweisender Spezialist in diesem know-how-intensiven Segment. Die Scheiben reichen bis 3,51 x 20 Meter \u2013 bearbeitet, vorgespannt, laminiert, bedruckt, beschichtet und laminations- und thermisch gebogen. Kernkompetenzen sind Glaslamination, Kantenbearbeitung und das Spezialwissen bei der Produktion von Glasbauteilen mit zus\u00e4tzlichen funktionalen und dekorativen Elementen. Die Fertigung ist auf die extremen Glasgr\u00f6\u00dfen und -gewichte optimiert, s\u00e4mtliche Veredelungsschritte erfolgen inhouse und hochautomatisiert. Als Full-Supplier f\u00fcr Gl\u00e4ser bis 20 Meter versteht sich sedak als Partner f\u00fcr Architekten, Planer und Fassadenbauer. Herausragende Referenzen sind u. a. das Haus der Europ\u00e4ischen Geschichte in Br\u00fcssel, die medizinische Fakult\u00e4t in Montpellier, der Torre Europa in Madrid, der Brookfield Place New York, der Apple Park in Cupertino, der Apple-Cube New York, die Experimenta in Heilbronn sowie zahlreiche eindrucksvolle Premium-Flagship-Stores weltweit.<\/p>\n<p><strong>Anwendungsgebiete<\/strong><\/p>\n<ul>\n<li>Glasfassaden<\/li>\n<li>Glasd\u00e4cher<\/li>\n<li>Glastreppen<\/li>\n<li>Glasbr\u00fcstungen<\/li>\n<li>Schiffsbau<\/li>\n<li>Sicherheitsverglasungen<\/li>\n<li>Ganzglaskonstruktionen<\/li>\n<li>Innenarchitektur<\/li>\n<li>Sonderanfertigung<\/li>\n<\/ul>\n","protected":false},"excerpt":{"rendered":"<p>Insgesamt 404 Glasfins von sedak erm\u00f6glichen gro\u00dffl\u00e4chige Glasfassaden im neuen Lakhta-Viertel Europas h\u00f6chstes Geb\u00e4ude thront im Norden von St. Peters\u00adburg, direkt an der Newabucht. W\u00e4hrend aus der Ferne schon die schiere Gr\u00f6\u00dfe des Lakhta-Towers die Exzellenz des Bauwerks ausstrahlt, betten unmittelbar am Fu\u00dfe zwei gl\u00e4serne Multifunktions-Bauten und eine lang gezogene, geschwungene Lobby den 462 Meter [&hellip;]<\/p>\n","protected":false},"author":6,"featured_media":11089,"comment_status":"closed","ping_status":"open","sticky":false,"template":"","format":"standard","meta":{"footnotes":""},"categories":[12],"tags":[],"class_list":["post-11083","post","type-post","status-publish","format-standard","has-post-thumbnail","hentry","category-sedak"],"_links":{"self":[{"href":"https:\/\/www.pr-neu.de\/newsroom\/wp-json\/wp\/v2\/posts\/11083","targetHints":{"allow":["GET"]}}],"collection":[{"href":"https:\/\/www.pr-neu.de\/newsroom\/wp-json\/wp\/v2\/posts"}],"about":[{"href":"https:\/\/www.pr-neu.de\/newsroom\/wp-json\/wp\/v2\/types\/post"}],"author":[{"embeddable":true,"href":"https:\/\/www.pr-neu.de\/newsroom\/wp-json\/wp\/v2\/users\/6"}],"replies":[{"embeddable":true,"href":"https:\/\/www.pr-neu.de\/newsroom\/wp-json\/wp\/v2\/comments?post=11083"}],"version-history":[{"count":3,"href":"https:\/\/www.pr-neu.de\/newsroom\/wp-json\/wp\/v2\/posts\/11083\/revisions"}],"predecessor-version":[{"id":11604,"href":"https:\/\/www.pr-neu.de\/newsroom\/wp-json\/wp\/v2\/posts\/11083\/revisions\/11604"}],"wp:featuredmedia":[{"embeddable":true,"href":"https:\/\/www.pr-neu.de\/newsroom\/wp-json\/wp\/v2\/media\/11089"}],"wp:attachment":[{"href":"https:\/\/www.pr-neu.de\/newsroom\/wp-json\/wp\/v2\/media?parent=11083"}],"wp:term":[{"taxonomy":"category","embeddable":true,"href":"https:\/\/www.pr-neu.de\/newsroom\/wp-json\/wp\/v2\/categories?post=11083"},{"taxonomy":"post_tag","embeddable":true,"href":"https:\/\/www.pr-neu.de\/newsroom\/wp-json\/wp\/v2\/tags?post=11083"}],"curies":[{"name":"wp","href":"https:\/\/api.w.org\/{rel}","templated":true}]}}