{"id":11068,"date":"2020-01-22T08:34:52","date_gmt":"2020-01-22T07:34:52","guid":{"rendered":"http:\/\/www.pr-nord.de\/newsroom\/?p=11068"},"modified":"2020-05-19T08:37:42","modified_gmt":"2020-05-19T06:37:42","slug":"hanno-goes-digital","status":"publish","type":"post","link":"https:\/\/www.pr-neu.de\/newsroom\/hanno-goes-digital\/","title":{"rendered":"Hanno goes digital"},"content":{"rendered":"<p><u>Hanno auf der digitalBAU: Halle 7 \/ 7-360<\/u><\/p>\n<p><strong>Der Dicht- und D\u00e4mmexperte Hanno aus Laatzen wendet sich dieses Jahr gezielt dem digitalen Publikum der Branche zu. Mit Angeboten f\u00fcr BIM-Nutzer sowie Online-Plattformen zur Unterst\u00fctzung von Produktsuchenden stellt der Hersteller eine Reihe neuer Service-Leistungen auf seinem Stand 360 in Halle 7 auf der digitalBAU in K\u00f6ln vor.<\/strong><\/p>\n<p>Als mittelst\u00e4ndisches Unternehmen mit langj\u00e4hriger Erfahrung in der Fugenabdichtungsbranche stellt sich Hanno schon l\u00e4nger den Herausforderungen von Verarbeitern und Planern \u2013 auch im digitalen Bereich: Nutzer von Planungsprogrammen wie Revit k\u00f6nnen jetzt auf nahezu alle Hanno-Produkte in BIM- und CAD-Format zugreifen. Die teils patentierten und GEG-konformen Produkte stehen Verarbeitern und Planern auch im ift-Montagetool zu Verf\u00fcgung. So finden beispielsweise Fugendichtungen sowie Folien- und Multifunktionsb\u00e4nder ganz einfach per Klick Eingang in die Bauplanung. Diese und weitere spannende Themen stellt Hanno auf der digitalBAU vor.<\/p>\n<hr \/>\n<p>Abdruck honorarfrei, Belegexemplar erbeten<\/p>\n","protected":false},"excerpt":{"rendered":"<p>Hanno auf der digitalBAU: Halle 7 \/ 7-360 Der Dicht- und D\u00e4mmexperte Hanno aus Laatzen wendet sich dieses Jahr gezielt dem digitalen Publikum der Branche zu. Mit Angeboten f\u00fcr BIM-Nutzer sowie Online-Plattformen zur Unterst\u00fctzung von Produktsuchenden stellt der Hersteller eine Reihe neuer Service-Leistungen auf seinem Stand 360 in Halle 7 auf der digitalBAU in K\u00f6ln [&hellip;]<\/p>\n","protected":false},"author":6,"featured_media":11077,"comment_status":"closed","ping_status":"open","sticky":false,"template":"","format":"standard","meta":{"footnotes":""},"categories":[655],"tags":[],"class_list":["post-11068","post","type-post","status-publish","format-standard","has-post-thumbnail","hentry","category-hanno"],"_links":{"self":[{"href":"https:\/\/www.pr-neu.de\/newsroom\/wp-json\/wp\/v2\/posts\/11068","targetHints":{"allow":["GET"]}}],"collection":[{"href":"https:\/\/www.pr-neu.de\/newsroom\/wp-json\/wp\/v2\/posts"}],"about":[{"href":"https:\/\/www.pr-neu.de\/newsroom\/wp-json\/wp\/v2\/types\/post"}],"author":[{"embeddable":true,"href":"https:\/\/www.pr-neu.de\/newsroom\/wp-json\/wp\/v2\/users\/6"}],"replies":[{"embeddable":true,"href":"https:\/\/www.pr-neu.de\/newsroom\/wp-json\/wp\/v2\/comments?post=11068"}],"version-history":[{"count":2,"href":"https:\/\/www.pr-neu.de\/newsroom\/wp-json\/wp\/v2\/posts\/11068\/revisions"}],"predecessor-version":[{"id":11574,"href":"https:\/\/www.pr-neu.de\/newsroom\/wp-json\/wp\/v2\/posts\/11068\/revisions\/11574"}],"wp:featuredmedia":[{"embeddable":true,"href":"https:\/\/www.pr-neu.de\/newsroom\/wp-json\/wp\/v2\/media\/11077"}],"wp:attachment":[{"href":"https:\/\/www.pr-neu.de\/newsroom\/wp-json\/wp\/v2\/media?parent=11068"}],"wp:term":[{"taxonomy":"category","embeddable":true,"href":"https:\/\/www.pr-neu.de\/newsroom\/wp-json\/wp\/v2\/categories?post=11068"},{"taxonomy":"post_tag","embeddable":true,"href":"https:\/\/www.pr-neu.de\/newsroom\/wp-json\/wp\/v2\/tags?post=11068"}],"curies":[{"name":"wp","href":"https:\/\/api.w.org\/{rel}","templated":true}]}}