{"id":11001,"date":"2020-01-10T11:16:13","date_gmt":"2020-01-10T10:16:13","guid":{"rendered":"http:\/\/www.pr-nord.de\/newsroom\/?p=11001"},"modified":"2020-05-19T09:09:01","modified_gmt":"2020-05-19T07:09:01","slug":"vorbereitungen-zum-wm-schmuckstueck-2023","status":"publish","type":"post","link":"https:\/\/www.pr-neu.de\/newsroom\/vorbereitungen-zum-wm-schmuckstueck-2023\/","title":{"rendered":"Vorbereitungen zum WM-Schmuckst\u00fcck 2023"},"content":{"rendered":"<p><u>Umfangreiche Instandsetzung der Rennschlitten- und Bobbahn Oberhof\/Th\u00fcringen:<\/u><\/p>\n<p><strong>Das Wintersportzentrum Oberhof in Th\u00fcringen wird mit einer umfangreichen Sanierung f\u00fcr die Rodel-WM 2023 vorbereitet. Die erheblichen Investitionen des Freistaates Th\u00fcringen und des Bundesinnenministeriums bringen die Wintersportanlage wieder auf den neuesten Stand des Wintersports und der Technik und werden ein \u201eSchmuckst\u00fcck\u201c f\u00fcr die Wintersport-WM 2023 schaffen.\u00a0<\/strong><strong>Die Arbeiten an der Rennschlitten- und Bobbahn, sind bereits vor dem diesj\u00e4hrigen Winter erfolgreich umgesetzt mit entsprechendem System und Produkten des Betoninstandsetzungs- und Bodenbeschichtungs-spezialisten StoCretec.<\/strong><\/p>\n<p>Bis zu 120 km\/h erreichen Profi-Rennrodler auf Weltcup-Bahnen wie im anspruchsvollen Eiskanal in Oberhof. Diesen hohen Geschwindigkeiten m\u00fcssen die Konstruktion und die Oberfl\u00e4chen der Rennschlitten- und Bobbahn standhalten. Ohne die anspruchsvolle Architektur der 1,4 Kilometer langen Rennstrecke zu ver\u00e4ndern, wurden deshalb die Fahrrinne und mehrere Kurven mit umfangreichen Bauma\u00dfnahmen instand gesetzt, au\u00dferdem die Startzone und die Pendel\u00adst\u00fctzen. F\u00fcr die unterschiedlichen \u00a0Anforderungen der weitreichenden Bauma\u00dfnahmen bot das StoCretec-Portfolio sowohl f\u00fcr die Betoninstandsetzung als auch f\u00fcr den Oberfl\u00e4chenschutz beste L\u00f6sungen.<\/p>\n<p>Bei den Pendelst\u00fctzen kamen (je nach ihrem Sch\u00e4digungsgrad) Korrosionsschutz StoCrete TK f\u00fcr die weiteren Arbeiten der Grobm\u00f6rtel StoCrete TG 203 mit StoCrete TH 200 als Haftbr\u00fccke zum Einsatz bzw. der Vergussbeton StoCrete TV 308. Das Oberfl\u00e4chenschutzsystem aus dem Feinspachtel StoCrete TF 204 und der Beschichtung StoCryl V 100 bieten dauerhaften Schutz der Mauerkronen und der St\u00fctzen. Der EP Wasserlack StoPox WL 200 sch\u00fctzt, zweilagig appliziert, die stark beanspruchte Fahrrinne unter dem Eis.<\/p>\n<p>Nachdem vor einiger Zeit bereits die Sprungschanze auch mit StoCretec Systemen und Produkten instandgesetzt worden ist, sieht der Plan nun vor, auch die weiterf\u00fchrenden Bauarbeiten bis September 2022 abzu\u00adschlie\u00dfen, um der Welt mit dem Wintersportzentrum zur Renn\u00adrodel-WM 2023 ein \u201eSchmuckst\u00fcck\u201c zu pr\u00e4sentieren und Teilnehmern und Zuschauern eine moderne und sichere Wintersportanlage zu bieten.<\/p>\n<hr \/>\n<p><strong>Bautafel<\/strong><\/p>\n<p>Instandsetzung Rennschlitten- und Bobbahn Oberhof (Th\u00fcringen)<\/p>\n<table>\n<tbody>\n<tr>\n<td width=\"168\">Bauherr<\/td>\n<td colspan=\"2\" width=\"300\">Zweckverband Th\u00fcringer Wintersportzentrum<\/td>\n<\/tr>\n<tr>\n<td width=\"168\">\n<p>Architekt\/Planer<\/td>\n<td colspan=\"2\" width=\"300\">\n<p>Hoffmann.Seifert.Partnerarchitekteningenieure, Suhl<\/td>\n<\/tr>\n<tr>\n<td width=\"168\">Ausf\u00fchrendes Unternehmen<\/td>\n<td colspan=\"2\" width=\"300\">Ulber Bau GmbH, Erfurt<\/td>\n<\/tr>\n<tr>\n<td width=\"168\">Fertigstellung<\/td>\n<td colspan=\"2\" width=\"300\">09\/2022 (Gesamtprojekt)<\/td>\n<\/tr>\n<tr>\n<td rowspan=\"9\" width=\"168\">StoCretec Systeme\/Produkte<\/td>\n<td colspan=\"2\" width=\"300\"><strong>Betoninstandsetzung<\/strong><\/td>\n<\/tr>\n<tr>\n<td width=\"128\">Korrosionsschutz<\/td>\n<td width=\"172\">StoCrete TK<\/td>\n<\/tr>\n<tr>\n<td width=\"128\">Haftbr\u00fccke<\/td>\n<td width=\"172\">StoCrete TH 200<\/td>\n<\/tr>\n<tr>\n<td width=\"128\">Grobm\u00f6rtel<\/td>\n<td width=\"172\">StoCrete TG 203<\/td>\n<\/tr>\n<tr>\n<td width=\"128\">Vergussbeton<\/td>\n<td width=\"172\">StoCrete TV 308<\/td>\n<\/tr>\n<tr>\n<td colspan=\"2\" width=\"300\"><strong>Oberfl\u00e4chenschutzsystem<\/strong><\/td>\n<\/tr>\n<tr>\n<td width=\"128\">Feinspachtel<\/td>\n<td width=\"172\">StoCrete TF 204<\/td>\n<\/tr>\n<tr>\n<td width=\"128\">Beschichtung<\/td>\n<td width=\"172\">StoCryl V 100<\/td>\n<\/tr>\n<tr>\n<td width=\"128\">EP Wasserlack<\/td>\n<td width=\"172\">StoPox WL 200<\/td>\n<\/tr>\n<\/tbody>\n<\/table>\n<hr \/>\n<figure id=\"attachment_11003\" aria-describedby=\"caption-attachment-11003\" style=\"width: 300px\" class=\"wp-caption aligncenter\"><a href=\"http:\/\/www.pr-neu.de\/newsroom\/wordpress\/wp-content\/uploads\/2020\/01\/20-01_Luftauafnahme_G.jpg\"><img loading=\"lazy\" decoding=\"async\" class=\"size-medium wp-image-11003\" src=\"http:\/\/www.pr-neu.de\/newsroom\/wordpress\/wp-content\/uploads\/2020\/01\/20-01_Luftauafnahme_G-300x225.jpg\" alt=\"\" width=\"300\" height=\"225\" srcset=\"https:\/\/www.pr-neu.de\/newsroom\/wordpress\/wp-content\/uploads\/2020\/01\/20-01_Luftauafnahme_G-300x225.jpg 300w, https:\/\/www.pr-neu.de\/newsroom\/wordpress\/wp-content\/uploads\/2020\/01\/20-01_Luftauafnahme_G-768x576.jpg 768w, https:\/\/www.pr-neu.de\/newsroom\/wordpress\/wp-content\/uploads\/2020\/01\/20-01_Luftauafnahme_G-1024x768.jpg 1024w, https:\/\/www.pr-neu.de\/newsroom\/wordpress\/wp-content\/uploads\/2020\/01\/20-01_Luftauafnahme_G-110x82.jpg 110w, https:\/\/www.pr-neu.de\/newsroom\/wordpress\/wp-content\/uploads\/2020\/01\/20-01_Luftauafnahme_G-420x315.jpg 420w, https:\/\/www.pr-neu.de\/newsroom\/wordpress\/wp-content\/uploads\/2020\/01\/20-01_Luftauafnahme_G-573x430.jpg 573w, https:\/\/www.pr-neu.de\/newsroom\/wordpress\/wp-content\/uploads\/2020\/01\/20-01_Luftauafnahme_G.jpg 1975w\" sizes=\"auto, (max-width: 300px) 100vw, 300px\" \/><\/a><figcaption id=\"caption-attachment-11003\" class=\"wp-caption-text\">Beeindruckt aus der Vogelperspektive: Die Rennschlitten- und Bobbahn des Winter Wintersportzentrums Oberhof in Th\u00fcringen windet sich durch die Landschaft.<\/figcaption><\/figure>\n<p style=\"text-align: center;\">Foto: RSBO_P. Hentschel_1<\/p>\n<figure id=\"attachment_11004\" aria-describedby=\"caption-attachment-11004\" style=\"width: 169px\" class=\"wp-caption aligncenter\"><a href=\"http:\/\/www.pr-neu.de\/newsroom\/wordpress\/wp-content\/uploads\/2020\/01\/20-01_Mauerkrone_G.jpg\"><img loading=\"lazy\" decoding=\"async\" class=\"size-medium wp-image-11004\" src=\"http:\/\/www.pr-neu.de\/newsroom\/wordpress\/wp-content\/uploads\/2020\/01\/20-01_Mauerkrone_G-169x300.jpg\" alt=\"\" width=\"169\" height=\"300\" srcset=\"https:\/\/www.pr-neu.de\/newsroom\/wordpress\/wp-content\/uploads\/2020\/01\/20-01_Mauerkrone_G-169x300.jpg 169w, https:\/\/www.pr-neu.de\/newsroom\/wordpress\/wp-content\/uploads\/2020\/01\/20-01_Mauerkrone_G-768x1365.jpg 768w, https:\/\/www.pr-neu.de\/newsroom\/wordpress\/wp-content\/uploads\/2020\/01\/20-01_Mauerkrone_G-576x1024.jpg 576w, https:\/\/www.pr-neu.de\/newsroom\/wordpress\/wp-content\/uploads\/2020\/01\/20-01_Mauerkrone_G-62x110.jpg 62w, https:\/\/www.pr-neu.de\/newsroom\/wordpress\/wp-content\/uploads\/2020\/01\/20-01_Mauerkrone_G-236x420.jpg 236w, https:\/\/www.pr-neu.de\/newsroom\/wordpress\/wp-content\/uploads\/2020\/01\/20-01_Mauerkrone_G-242x430.jpg 242w, https:\/\/www.pr-neu.de\/newsroom\/wordpress\/wp-content\/uploads\/2020\/01\/20-01_Mauerkrone_G.jpg 1111w\" sizes=\"auto, (max-width: 169px) 100vw, 169px\" \/><\/a><figcaption id=\"caption-attachment-11004\" class=\"wp-caption-text\">Mauerkrone und St\u00fctzen der Bahn wurden mit einem Oberfl\u00e4chenschutzsystem, bestehend aus StoCrete TF 204 mit StoCryl V 100 saniert.<\/figcaption><\/figure>\n<p style=\"text-align: center;\">Foto: HSP-Plan, Suhl<\/p>\n<figure id=\"attachment_11005\" aria-describedby=\"caption-attachment-11005\" style=\"width: 146px\" class=\"wp-caption aligncenter\"><a href=\"http:\/\/www.pr-neu.de\/newsroom\/wordpress\/wp-content\/uploads\/2020\/01\/20-01_Start_G.jpg\"><img loading=\"lazy\" decoding=\"async\" class=\"size-medium wp-image-11005\" src=\"http:\/\/www.pr-neu.de\/newsroom\/wordpress\/wp-content\/uploads\/2020\/01\/20-01_Start_G-146x300.jpg\" alt=\"\" width=\"146\" height=\"300\" srcset=\"https:\/\/www.pr-neu.de\/newsroom\/wordpress\/wp-content\/uploads\/2020\/01\/20-01_Start_G-146x300.jpg 146w, https:\/\/www.pr-neu.de\/newsroom\/wordpress\/wp-content\/uploads\/2020\/01\/20-01_Start_G-768x1580.jpg 768w, https:\/\/www.pr-neu.de\/newsroom\/wordpress\/wp-content\/uploads\/2020\/01\/20-01_Start_G-498x1024.jpg 498w, https:\/\/www.pr-neu.de\/newsroom\/wordpress\/wp-content\/uploads\/2020\/01\/20-01_Start_G-53x110.jpg 53w, https:\/\/www.pr-neu.de\/newsroom\/wordpress\/wp-content\/uploads\/2020\/01\/20-01_Start_G-204x420.jpg 204w, https:\/\/www.pr-neu.de\/newsroom\/wordpress\/wp-content\/uploads\/2020\/01\/20-01_Start_G-209x430.jpg 209w, https:\/\/www.pr-neu.de\/newsroom\/wordpress\/wp-content\/uploads\/2020\/01\/20-01_Start_G.jpg 960w\" sizes=\"auto, (max-width: 146px) 100vw, 146px\" \/><\/a><figcaption id=\"caption-attachment-11005\" class=\"wp-caption-text\">15 Kurven, 1.354,50 Meter Fahrstrecke: Seit der Sanierung mit wieder sicher befahrbar.<\/figcaption><\/figure>\n<p style=\"text-align: center;\">Foto: HSP-Plan, Suhl<\/p>\n<figure id=\"attachment_11006\" aria-describedby=\"caption-attachment-11006\" style=\"width: 300px\" class=\"wp-caption aligncenter\"><a href=\"http:\/\/www.pr-neu.de\/newsroom\/wordpress\/wp-content\/uploads\/2020\/01\/20-01_Ziel_G.jpg\"><img loading=\"lazy\" decoding=\"async\" class=\"size-medium wp-image-11006\" src=\"http:\/\/www.pr-neu.de\/newsroom\/wordpress\/wp-content\/uploads\/2020\/01\/20-01_Ziel_G-300x225.jpg\" alt=\"\" width=\"300\" height=\"225\" srcset=\"https:\/\/www.pr-neu.de\/newsroom\/wordpress\/wp-content\/uploads\/2020\/01\/20-01_Ziel_G-300x225.jpg 300w, https:\/\/www.pr-neu.de\/newsroom\/wordpress\/wp-content\/uploads\/2020\/01\/20-01_Ziel_G-768x576.jpg 768w, https:\/\/www.pr-neu.de\/newsroom\/wordpress\/wp-content\/uploads\/2020\/01\/20-01_Ziel_G-1024x768.jpg 1024w, https:\/\/www.pr-neu.de\/newsroom\/wordpress\/wp-content\/uploads\/2020\/01\/20-01_Ziel_G-110x82.jpg 110w, https:\/\/www.pr-neu.de\/newsroom\/wordpress\/wp-content\/uploads\/2020\/01\/20-01_Ziel_G-420x315.jpg 420w, https:\/\/www.pr-neu.de\/newsroom\/wordpress\/wp-content\/uploads\/2020\/01\/20-01_Ziel_G-573x430.jpg 573w, https:\/\/www.pr-neu.de\/newsroom\/wordpress\/wp-content\/uploads\/2020\/01\/20-01_Ziel_G.jpg 1975w\" sizes=\"auto, (max-width: 300px) 100vw, 300px\" \/><\/a><figcaption id=\"caption-attachment-11006\" class=\"wp-caption-text\">Vom beinah 100 Meter hohen Start k\u00f6nnen die Fahrer eine Geschwindigkeit von 120 km\/h erreichen: Mit StoCretec-Produkten ist die Rutschpartie wieder abgesichert. Unter dem Eis wurde die stark beanspruchte Fahrbahn mit StoPox WL 200 abgedichtet.<\/figcaption><\/figure>\n<p style=\"text-align: center;\">Foto: HSP-Plan, Suhl<\/p>\n<p>Weitere Bilder auf Anfrage.<\/p>\n<hr \/>\n<p>Abdruck honorarfrei, Belegexemplar erbeten<\/p>\n","protected":false},"excerpt":{"rendered":"<p>Umfangreiche Instandsetzung der Rennschlitten- und Bobbahn Oberhof\/Th\u00fcringen: Das Wintersportzentrum Oberhof in Th\u00fcringen wird mit einer umfangreichen Sanierung f\u00fcr die Rodel-WM 2023 vorbereitet. Die erheblichen Investitionen des Freistaates Th\u00fcringen und des Bundesinnenministeriums bringen die Wintersportanlage wieder auf den neuesten Stand des Wintersports und der Technik und werden ein \u201eSchmuckst\u00fcck\u201c f\u00fcr die Wintersport-WM 2023 schaffen.\u00a0Die Arbeiten an [&hellip;]<\/p>\n","protected":false},"author":6,"featured_media":11003,"comment_status":"closed","ping_status":"open","sticky":false,"template":"","format":"standard","meta":{"footnotes":""},"categories":[16],"tags":[],"class_list":["post-11001","post","type-post","status-publish","format-standard","has-post-thumbnail","hentry","category-stocretec"],"_links":{"self":[{"href":"https:\/\/www.pr-neu.de\/newsroom\/wp-json\/wp\/v2\/posts\/11001","targetHints":{"allow":["GET"]}}],"collection":[{"href":"https:\/\/www.pr-neu.de\/newsroom\/wp-json\/wp\/v2\/posts"}],"about":[{"href":"https:\/\/www.pr-neu.de\/newsroom\/wp-json\/wp\/v2\/types\/post"}],"author":[{"embeddable":true,"href":"https:\/\/www.pr-neu.de\/newsroom\/wp-json\/wp\/v2\/users\/6"}],"replies":[{"embeddable":true,"href":"https:\/\/www.pr-neu.de\/newsroom\/wp-json\/wp\/v2\/comments?post=11001"}],"version-history":[{"count":5,"href":"https:\/\/www.pr-neu.de\/newsroom\/wp-json\/wp\/v2\/posts\/11001\/revisions"}],"predecessor-version":[{"id":11645,"href":"https:\/\/www.pr-neu.de\/newsroom\/wp-json\/wp\/v2\/posts\/11001\/revisions\/11645"}],"wp:featuredmedia":[{"embeddable":true,"href":"https:\/\/www.pr-neu.de\/newsroom\/wp-json\/wp\/v2\/media\/11003"}],"wp:attachment":[{"href":"https:\/\/www.pr-neu.de\/newsroom\/wp-json\/wp\/v2\/media?parent=11001"}],"wp:term":[{"taxonomy":"category","embeddable":true,"href":"https:\/\/www.pr-neu.de\/newsroom\/wp-json\/wp\/v2\/categories?post=11001"},{"taxonomy":"post_tag","embeddable":true,"href":"https:\/\/www.pr-neu.de\/newsroom\/wp-json\/wp\/v2\/tags?post=11001"}],"curies":[{"name":"wp","href":"https:\/\/api.w.org\/{rel}","templated":true}]}}