{"id":1099,"date":"2012-03-02T11:37:49","date_gmt":"2012-03-02T10:37:49","guid":{"rendered":"http:\/\/www.pr-nord.de\/newsroom\/?p=1099"},"modified":"2020-05-29T08:43:42","modified_gmt":"2020-05-29T06:43:42","slug":"dimmen-statt-verschatten","status":"publish","type":"post","link":"https:\/\/www.pr-neu.de\/newsroom\/dimmen-statt-verschatten\/","title":{"rendered":"Dimmen statt verschatten"},"content":{"rendered":"<p><span style=\"text-decoration: underline;\"> Intelligente Klima-L\u00f6sung f\u00fcr gro\u00dfe Glasfl\u00e4chen<\/span><\/p>\n<p>\u00dcberhitzung von R\u00e4umen mit EControl Glas intelligent vermeiden<\/p>\n<p><strong>Mit Winterg\u00e4rten, Terrassen und gro\u00dfz\u00fcgig verglasten Fassaden wollen Bauherren haupts\u00e4chlich eines erreichen: von Tageslicht durchflutete R\u00e4ume. Und in B\u00fcros sind gro\u00dfe Verglasungen ohnehin angesagt \u2013 denn Licht macht wach und spart Energie f\u00fcr elektrische Beleuchtung. Doch je gr\u00f6\u00dfer die verglaste Fl\u00e4che, desto eher heizen sich R\u00e4ume bei starker Sonneneinstrahlung auf \u2013 insbesondere bei S\u00fcdorientierung der Fassade. Abhilfe verschafft das dimmbare Sonnenschutzglas EControl: Es l\u00e4sst sich \u00fcber ein Touch-Panel in fein justierten Stufen eindunkeln. So wird der Licht- und W\u00e4rmedurchgang individuell geregelt und der Wetterlage angepasst \u2013 und \u00dcberhitzung selbst zur Mittagszeit im Hochsommer vermieden. Weiterer Vorteil gegen\u00fcber Verschattungen: Der Ausblick nach drau\u00dfen bleibt. <\/strong><\/p>\n<p>EControl Glas wird per Knopfdruck oder \u00fcber eine Klimaautomatik der Tages- und Jahreszeit angepasst. Das Funktionsprinzip: An eine \u201eSandwichscheibe\u201c mit innenliegender Nano-Beschichtung wird f\u00fcr den Schaltprozess ein Stromimpuls gegeben (3 Volt), woraufhin sich die Beschichtung angenehm blau einf\u00e4rbt. So l\u00e4sst sich das Glas in feinen Stufen dimmen. Je nach Intensit\u00e4t bleibt bis zu 90 Prozent der Sonnenenergie drau\u00dfen. Wie das wirkt, zeigt ein Beispiel: Bei intensiver sommerlicher Sonneneinstrahlung an einem hei\u00dfen Sommertag kann die Au\u00dfenscheibe bis zu 70 Grad Celsius erreichen. Die Innenscheibe von EControl Glas bleibt bei voller Einf\u00e4rbung mit 25 bis 30 Grad Celsius relativ k\u00fchl.<\/p>\n<p><strong>Noch mehr Komfort mit \u201eEC Comfort\u201c<\/strong><\/p>\n<p>Mit dem Touch-Panel \u201eEC Comfort\u201c erfolgt das Dimmen einzelner Scheiben oder auch ganzer Glasfassaden individuell \u201eper Fingerstreich\u201c oder \u00fcber eine integrierte Klimaautomatik. Hierzu wird es \u00fcber das Netzwerk mit einem Mini-PC verbunden, der an einen Solarsensor gekoppelt ist. Dieser liefert Messdaten, die der Rechner anschlie\u00dfend verarbeitet: Sonnenstrahlung, Temperatur, Tageszeit \u2013 entsprechend wird das Glas aufgehellt oder gedimmt.<\/p>\n<p>Weitere Informationen unter <a href=\"https:\/\/www.econtrol-glas.de\/\" target=\"_blank\" rel=\"noopener noreferrer\">www.econtrol-glas.de<\/a> oder auf facebook unter <a href=\"https:\/\/www.facebook.com\/econtrol.glas\" target=\"_blank\" rel=\"noopener noreferrer\">www.facebook.com\/econtrol.glas<\/a>.<\/p>\n<hr noshade=\"noshade\" size=\"1\" \/>\n<table style=\"height: 285px;\" border=\"0\" width=\"643\" cellspacing=\"0\" cellpadding=\"0\">\n<tbody>\n<tr>\n<td valign=\"top\" width=\"370\" height=\"200\"><a href=\"http:\/\/www.pr-neu.de\/newsroom\/wordpress\/wp-content\/uploads\/2012\/03\/12-02_Glasfassade_G-1.jpg\"><img loading=\"lazy\" decoding=\"async\" class=\"aligncenter size-medium wp-image-13290\" src=\"http:\/\/www.pr-neu.de\/newsroom\/wordpress\/wp-content\/uploads\/2012\/03\/12-02_Glasfassade_G-1-300x200.jpg\" alt=\"\" width=\"300\" height=\"200\" srcset=\"https:\/\/www.pr-neu.de\/newsroom\/wordpress\/wp-content\/uploads\/2012\/03\/12-02_Glasfassade_G-1-300x200.jpg 300w, https:\/\/www.pr-neu.de\/newsroom\/wordpress\/wp-content\/uploads\/2012\/03\/12-02_Glasfassade_G-1-1024x682.jpg 1024w, https:\/\/www.pr-neu.de\/newsroom\/wordpress\/wp-content\/uploads\/2012\/03\/12-02_Glasfassade_G-1-768x512.jpg 768w, https:\/\/www.pr-neu.de\/newsroom\/wordpress\/wp-content\/uploads\/2012\/03\/12-02_Glasfassade_G-1-1536x1024.jpg 1536w, https:\/\/www.pr-neu.de\/newsroom\/wordpress\/wp-content\/uploads\/2012\/03\/12-02_Glasfassade_G-1-110x73.jpg 110w, https:\/\/www.pr-neu.de\/newsroom\/wordpress\/wp-content\/uploads\/2012\/03\/12-02_Glasfassade_G-1-420x280.jpg 420w, https:\/\/www.pr-neu.de\/newsroom\/wordpress\/wp-content\/uploads\/2012\/03\/12-02_Glasfassade_G-1-645x430.jpg 645w, https:\/\/www.pr-neu.de\/newsroom\/wordpress\/wp-content\/uploads\/2012\/03\/12-02_Glasfassade_G-1.jpg 1772w\" sizes=\"auto, (max-width: 300px) 100vw, 300px\" \/><\/a><\/td>\n<td>Licht- und Energietransmission werden mit dem dimmbaren Sonnenschutzglas EControl individuell regelbar. So wird das Raumklima zum \u201eWunschkonzert\u201c.<\/p>\n<p>Foto: EControl-Glas<\/td>\n<\/tr>\n<\/tbody>\n<\/table>\n<hr noshade=\"noshade\" size=\"1\" \/>\n<p>Abdruck honorarfrei, Belegexemplar erbeten<\/p>\n<p><strong>R\u00fcckfragen beantwortet gern<\/strong><\/p>\n<table width=\"532\">\n<tbody>\n<tr>\n<td valign=\"top\" width=\"260\" height=\"25\"><strong>EControl-Glas<\/strong> GmbH &amp; Co. KG<br \/>\nNadine Witt<br \/>\nTel.: +49(0)3741\/14820-116<br \/>\nFax: +49(0)3741\/14820-150<br \/>\nE-Mail: <a href=\"m&#97;&#105;&#x6c;&#x74;&#x6f;&#x3a;p&#114;&#101;&#115;&#x73;&#x65;&#x40;ec&#111;&#110;&#x74;&#x72;&#x6f;l-&#103;&#108;&#x61;&#x73;&#x2e;de\">&#x70;&#x72;&#x65;&#x73;&#x73;&#x65;&#x40;&#101;&#99;&#111;&#110;&#116;rol-&#x67;&#x6c;&#x61;&#x73;&#x2e;&#x64;&#x65;<\/a><\/td>\n<td colspan=\"3\" valign=\"top\" width=\"260\" height=\"21\"><\/td>\n<\/tr>\n<\/tbody>\n<\/table>\n","protected":false},"excerpt":{"rendered":"<p>Intelligente Klima-L\u00f6sung f\u00fcr gro\u00dfe Glasfl\u00e4chen \u00dcberhitzung von R\u00e4umen mit EControl Glas intelligent vermeiden Mit Winterg\u00e4rten, Terrassen und gro\u00dfz\u00fcgig verglasten Fassaden wollen Bauherren haupts\u00e4chlich eines erreichen: von Tageslicht durchflutete R\u00e4ume. Und in B\u00fcros sind gro\u00dfe Verglasungen ohnehin angesagt \u2013 denn Licht macht wach und spart Energie f\u00fcr elektrische Beleuchtung. Doch je gr\u00f6\u00dfer die verglaste Fl\u00e4che, desto [&hellip;]<\/p>\n","protected":false},"author":6,"featured_media":7880,"comment_status":"closed","ping_status":"open","sticky":false,"template":"","format":"standard","meta":{"footnotes":""},"categories":[25,3],"tags":[147,192,194,230,320,492,567,597,635],"class_list":["post-1099","post","type-post","status-publish","format-standard","has-post-thumbnail","hentry","category-econtrol","category-kundenmeldungen","tag-econtrol-2","tag-fassede","tag-fenster","tag-glas","tag-klima-losung","tag-sonnenschutz","tag-terasse","tag-uberhitzungsschutz","tag-wintergarten"],"_links":{"self":[{"href":"https:\/\/www.pr-neu.de\/newsroom\/wp-json\/wp\/v2\/posts\/1099","targetHints":{"allow":["GET"]}}],"collection":[{"href":"https:\/\/www.pr-neu.de\/newsroom\/wp-json\/wp\/v2\/posts"}],"about":[{"href":"https:\/\/www.pr-neu.de\/newsroom\/wp-json\/wp\/v2\/types\/post"}],"author":[{"embeddable":true,"href":"https:\/\/www.pr-neu.de\/newsroom\/wp-json\/wp\/v2\/users\/6"}],"replies":[{"embeddable":true,"href":"https:\/\/www.pr-neu.de\/newsroom\/wp-json\/wp\/v2\/comments?post=1099"}],"version-history":[{"count":5,"href":"https:\/\/www.pr-neu.de\/newsroom\/wp-json\/wp\/v2\/posts\/1099\/revisions"}],"predecessor-version":[{"id":13291,"href":"https:\/\/www.pr-neu.de\/newsroom\/wp-json\/wp\/v2\/posts\/1099\/revisions\/13291"}],"wp:featuredmedia":[{"embeddable":true,"href":"https:\/\/www.pr-neu.de\/newsroom\/wp-json\/wp\/v2\/media\/7880"}],"wp:attachment":[{"href":"https:\/\/www.pr-neu.de\/newsroom\/wp-json\/wp\/v2\/media?parent=1099"}],"wp:term":[{"taxonomy":"category","embeddable":true,"href":"https:\/\/www.pr-neu.de\/newsroom\/wp-json\/wp\/v2\/categories?post=1099"},{"taxonomy":"post_tag","embeddable":true,"href":"https:\/\/www.pr-neu.de\/newsroom\/wp-json\/wp\/v2\/tags?post=1099"}],"curies":[{"name":"wp","href":"https:\/\/api.w.org\/{rel}","templated":true}]}}