{"id":10988,"date":"2020-01-08T10:59:47","date_gmt":"2020-01-08T09:59:47","guid":{"rendered":"http:\/\/www.pr-nord.de\/newsroom\/?p=10988"},"modified":"2020-05-19T08:37:52","modified_gmt":"2020-05-19T06:37:52","slug":"gesundheit-geht-vor","status":"publish","type":"post","link":"https:\/\/www.pr-neu.de\/newsroom\/gesundheit-geht-vor\/","title":{"rendered":"Gesundheit geht vor"},"content":{"rendered":"<p>Hanno gewinnt Gesundheitspreis \u201eVorsprung!\u201c f\u00fcr Betriebe in Niedersachsen 2019<\/p>\n<p><strong>Gesundheit und Sicherheit stehen beim Dicht- und D\u00e4mmexperten Hanno seit vielen Jahren im Fokus des Mitarbeitermanagements. Nun zeichnete das Branchennetzwerk Gesundheitswirtschaft Hannover e.V. das Laatzener Unternehmen mit dem \u201eVorsprung!\u201c- Preis f\u00fcr sein nachhaltiges Gesundheitskonzept aus. \u201eHannos Erfolg bei der betrieblichen Gesundheitsf\u00f6rderung, spiegelt sich in der steten Verbesserung der k\u00f6rperlichen und psychischen Verfassung unserer Mitarbeiterinnen und Mitarbeiter wider. Daraus resultieren weniger Fehlzeiten, steigende Motivation und ein angenehmes Arbeitsklima: Eine Win-Win-Situation f\u00fcr alle Beteiligten\u201c, erkl\u00e4rt Gesch\u00e4ftsf\u00fchrer G\u00fcnter Krohn.<\/strong><\/p>\n<p>Die Gesundheit von Besch\u00e4ftigten ist eng verbunden mit der Arbeitsleistung sowie mit dem allgemeinen Wohlbefinden am Arbeitsplatz. Das in Kooperation mit der AOK entwickelte Gesundheitskonzept des Herstellers f\u00fcr Fugenabdichtungen erzielte bereits enorme Erfolge auf dem Weg zu den gesetzten Zielen: Ein sinkender Krankenstand, steigende Motivation der Besch\u00e4ftigten und eine Verbesserung des Arbeitsklimas. Diese sichtbaren Erfolge \u00fcberzeugten auch die Jury, die den Gesundheitspreis f\u00fcr Betriebe in Niedersachsen 2019 an das Unternehmen auslobte.<\/p>\n<p><strong>Die Mitarbeiter stehen an erster Stelle<\/strong><\/p>\n<p>F\u00fcr die rund 200 Mitarbeiter entwickelte Hanno bedarfsorientierte Ma\u00dfnahmen, wie die Schulung von F\u00fchrungskr\u00e4ften, einen Scherenhubwagen zur Verbesserung der Ergonomie sowie Fitnessangebote in Kooperation mit der Firma Hansefit \u2013 selbst F\u00fchrungsleitlinien und Personalentwicklungstools wurden f\u00fcr das Konzept aufgestellt. \u201eMit dem breit gef\u00e4cherten Ansatz verfolgen wir das Ziel, die Mitarbeiter individuell bei den k\u00f6rperlichen Anforderungen ihrer Arbeitspl\u00e4tze zu unterst\u00fctzen\u201c, erkl\u00e4rt die das Projekt begleitende Betriebsratsvorsitzende Simona Mieles.<br \/>\nDie Mitarbeiter von Hanno arbeiten sowohl in der Produktion von Schaum- und Kunststoff, bei der sie physisch gefordert sind, als auch in B\u00fcros, in denen die Arbeitszeit gr\u00f6\u00dftenteils im Sitzen verbracht wird. Mit seinem Gesundheitsmanagement wirkt Hanno den verschiedenen Belastungen optimal entgegen. Der \u201eVorsprung!\u201c-Preis ist daher ein weiterer Meilenstein auf dem Weg zu einer gesunden und leistungsstarken Belegschaft.<\/p>\n<hr \/>\n<p style=\"text-align: center;\"><a href=\"http:\/\/www.pr-neu.de\/newsroom\/wordpress\/wp-content\/uploads\/2020\/01\/19-14_Hanno-Werk_Mieles-Konrad-Topel_G.jpg\" target=\"_blank\" rel=\"noopener noreferrer\"><img loading=\"lazy\" decoding=\"async\" class=\"aligncenter wp-image-10989 size-medium\" src=\"http:\/\/www.pr-neu.de\/newsroom\/wordpress\/wp-content\/uploads\/2020\/01\/19-14_Hanno-Werk_Mieles-Konrad-Topel_G-300x200.jpg\" alt=\"\" width=\"300\" height=\"200\" srcset=\"https:\/\/www.pr-neu.de\/newsroom\/wordpress\/wp-content\/uploads\/2020\/01\/19-14_Hanno-Werk_Mieles-Konrad-Topel_G-300x200.jpg 300w, https:\/\/www.pr-neu.de\/newsroom\/wordpress\/wp-content\/uploads\/2020\/01\/19-14_Hanno-Werk_Mieles-Konrad-Topel_G-768x512.jpg 768w, https:\/\/www.pr-neu.de\/newsroom\/wordpress\/wp-content\/uploads\/2020\/01\/19-14_Hanno-Werk_Mieles-Konrad-Topel_G-1024x683.jpg 1024w, https:\/\/www.pr-neu.de\/newsroom\/wordpress\/wp-content\/uploads\/2020\/01\/19-14_Hanno-Werk_Mieles-Konrad-Topel_G-110x73.jpg 110w, https:\/\/www.pr-neu.de\/newsroom\/wordpress\/wp-content\/uploads\/2020\/01\/19-14_Hanno-Werk_Mieles-Konrad-Topel_G-420x280.jpg 420w, https:\/\/www.pr-neu.de\/newsroom\/wordpress\/wp-content\/uploads\/2020\/01\/19-14_Hanno-Werk_Mieles-Konrad-Topel_G-645x430.jpg 645w, https:\/\/www.pr-neu.de\/newsroom\/wordpress\/wp-content\/uploads\/2020\/01\/19-14_Hanno-Werk_Mieles-Konrad-Topel_G.jpg 1795w\" sizes=\"auto, (max-width: 300px) 100vw, 300px\" \/><\/a><\/p>\n<p style=\"text-align: center;\">Thomas Konrad (kfm. Leiter Hanno), Simona Mieles,<br \/>\n(projektbegleitende Betriebsratsvorsitzende Hanno)<br \/>\nund Stephan Topel (Leiter Buchhaltung Hanno) nahmen<br \/>\nam 26.11.2019 den Gesundheitspreis f\u00fcr Betriebe<br \/>\nin Niedersachsen 2019 \u201eVorsprung!\u201c entgegen.<br \/>\nBild: Gesundheitswirtschaft e.V.<\/p>\n<p style=\"text-align: center;\"><a href=\"http:\/\/www.pr-neu.de\/newsroom\/wordpress\/wp-content\/uploads\/2020\/01\/19-14_Hanno-Werk_Gruppenfoto_Preis_G.jpg\" target=\"_blank\" rel=\"noopener noreferrer\"><img loading=\"lazy\" decoding=\"async\" class=\"aligncenter wp-image-10990 size-medium\" src=\"http:\/\/www.pr-neu.de\/newsroom\/wordpress\/wp-content\/uploads\/2020\/01\/19-14_Hanno-Werk_Gruppenfoto_Preis_G-300x200.jpg\" alt=\"\" width=\"300\" height=\"200\" srcset=\"https:\/\/www.pr-neu.de\/newsroom\/wordpress\/wp-content\/uploads\/2020\/01\/19-14_Hanno-Werk_Gruppenfoto_Preis_G-300x200.jpg 300w, https:\/\/www.pr-neu.de\/newsroom\/wordpress\/wp-content\/uploads\/2020\/01\/19-14_Hanno-Werk_Gruppenfoto_Preis_G-768x512.jpg 768w, https:\/\/www.pr-neu.de\/newsroom\/wordpress\/wp-content\/uploads\/2020\/01\/19-14_Hanno-Werk_Gruppenfoto_Preis_G-1024x683.jpg 1024w, https:\/\/www.pr-neu.de\/newsroom\/wordpress\/wp-content\/uploads\/2020\/01\/19-14_Hanno-Werk_Gruppenfoto_Preis_G-110x73.jpg 110w, https:\/\/www.pr-neu.de\/newsroom\/wordpress\/wp-content\/uploads\/2020\/01\/19-14_Hanno-Werk_Gruppenfoto_Preis_G-420x280.jpg 420w, https:\/\/www.pr-neu.de\/newsroom\/wordpress\/wp-content\/uploads\/2020\/01\/19-14_Hanno-Werk_Gruppenfoto_Preis_G-645x430.jpg 645w, https:\/\/www.pr-neu.de\/newsroom\/wordpress\/wp-content\/uploads\/2020\/01\/19-14_Hanno-Werk_Gruppenfoto_Preis_G.jpg 1795w\" sizes=\"auto, (max-width: 300px) 100vw, 300px\" \/><\/a><\/p>\n<p style=\"text-align: center;\">(v.l.n.r.) Dr. Petra Rambow-Bertram (Vorsitzende der<br \/>\nGesundheitswirtschaft Hannover e.V., KRH Klinikum<br \/>\nRegion Hannover GMBH), Thomas Konrad (kfm. Leiter<br \/>\nHanno Werk), Stephan Topel (Leiter Buchhaltung Hanno<br \/>\nWerk), Simona Mieles (projektbegleitende Betriebsratsvorsitzende<br \/>\nHanno Werk), Cora Hermenau, (1. Regionsr\u00e4tin und<br \/>\nDezernentin f\u00fcr \u00d6ffentliche Sicherheit, IT-Koordination<br \/>\nund EU-Angelegenheiten), Frank Kettner-Nikolaus,<br \/>\n(Gesch\u00e4ftsf\u00fchrer Gesundheitswirtschaft Hannover e.V.)<br \/>\nbei der Vergabe des \u201eVorsprung!\u201c-Preises, ausgelobt<br \/>\nvom Branchennetzwerk Gesundheitswirtschaft Hannover e.V.<br \/>\nBild: Gesundheitswirtschaft e.V.<\/p>\n<hr \/>\n<p>Abdruck honorarfrei, Belegexemplar erbeten<\/p>\n","protected":false},"excerpt":{"rendered":"<p>Hanno gewinnt Gesundheitspreis \u201eVorsprung!\u201c f\u00fcr Betriebe in Niedersachsen 2019 Gesundheit und Sicherheit stehen beim Dicht- und D\u00e4mmexperten Hanno seit vielen Jahren im Fokus des Mitarbeitermanagements. Nun zeichnete das Branchennetzwerk Gesundheitswirtschaft Hannover e.V. das Laatzener Unternehmen mit dem \u201eVorsprung!\u201c- Preis f\u00fcr sein nachhaltiges Gesundheitskonzept aus. \u201eHannos Erfolg bei der betrieblichen Gesundheitsf\u00f6rderung, spiegelt sich in der steten [&hellip;]<\/p>\n","protected":false},"author":6,"featured_media":10989,"comment_status":"closed","ping_status":"open","sticky":false,"template":"","format":"standard","meta":{"footnotes":""},"categories":[655],"tags":[],"class_list":["post-10988","post","type-post","status-publish","format-standard","has-post-thumbnail","hentry","category-hanno"],"_links":{"self":[{"href":"https:\/\/www.pr-neu.de\/newsroom\/wp-json\/wp\/v2\/posts\/10988","targetHints":{"allow":["GET"]}}],"collection":[{"href":"https:\/\/www.pr-neu.de\/newsroom\/wp-json\/wp\/v2\/posts"}],"about":[{"href":"https:\/\/www.pr-neu.de\/newsroom\/wp-json\/wp\/v2\/types\/post"}],"author":[{"embeddable":true,"href":"https:\/\/www.pr-neu.de\/newsroom\/wp-json\/wp\/v2\/users\/6"}],"replies":[{"embeddable":true,"href":"https:\/\/www.pr-neu.de\/newsroom\/wp-json\/wp\/v2\/comments?post=10988"}],"version-history":[{"count":5,"href":"https:\/\/www.pr-neu.de\/newsroom\/wp-json\/wp\/v2\/posts\/10988\/revisions"}],"predecessor-version":[{"id":11575,"href":"https:\/\/www.pr-neu.de\/newsroom\/wp-json\/wp\/v2\/posts\/10988\/revisions\/11575"}],"wp:featuredmedia":[{"embeddable":true,"href":"https:\/\/www.pr-neu.de\/newsroom\/wp-json\/wp\/v2\/media\/10989"}],"wp:attachment":[{"href":"https:\/\/www.pr-neu.de\/newsroom\/wp-json\/wp\/v2\/media?parent=10988"}],"wp:term":[{"taxonomy":"category","embeddable":true,"href":"https:\/\/www.pr-neu.de\/newsroom\/wp-json\/wp\/v2\/categories?post=10988"},{"taxonomy":"post_tag","embeddable":true,"href":"https:\/\/www.pr-neu.de\/newsroom\/wp-json\/wp\/v2\/tags?post=10988"}],"curies":[{"name":"wp","href":"https:\/\/api.w.org\/{rel}","templated":true}]}}