{"id":10878,"date":"2019-11-12T08:00:28","date_gmt":"2019-11-12T07:00:28","guid":{"rendered":"http:\/\/www.pr-nord.de\/newsroom\/?p=10878"},"modified":"2020-05-19T09:09:08","modified_gmt":"2020-05-19T07:09:08","slug":"mit-bodenbeschichtungen-gegen-radon-in-innenraeumen","status":"publish","type":"post","link":"https:\/\/www.pr-neu.de\/newsroom\/mit-bodenbeschichtungen-gegen-radon-in-innenraeumen\/","title":{"rendered":"Mit Bodenbeschichtungen  gegen Radon in Innenr\u00e4umen"},"content":{"rendered":"<p><u>\u201eJede Ma\u00dfnahme gegen Radon im Geb\u00e4ude sch\u00fctzt Leben\u201c (Radon-Handbuch Deutschland, BfS)<\/u><\/p>\n<p><strong>Spezielle Bodenbeschichtungen verhindern das Eindringen von Radon aus dem Boden in Geb\u00e4ude. Dadurch bleibt die gesundheitsgef\u00e4hrdende Radon-Konzentration in Innen\u00adr\u00e4umen auch in Regionen mit hohem nat\u00fcrlichem Radon\u00advorkommen in unbedenklichen Grenzen. Premiumhersteller wie StoCretec (Kriftel) bieten Bodensysteme an, deren radondichte Wirkung durch das akkreditierte Institut IAF-Radio\u00f6kologie, Radeberg, zertifiziert worden sind. <\/strong><\/p>\n<p><strong>\u00a0<\/strong><\/p>\n<p>Radon ist ein nat\u00fcrliches Edelgas, das \u00fcberall in der Umwelt vorkommt. In einigen Regionen Deutschlands \u00fcberschreitet die Radon-Konzentration sogar den Referenzwert des deutschen Strahlenschutzes (300 Becquerel pro Kubikmeter). Es gelangt durch Gesteinsschichten aus dem Erdboden in Geb\u00e4ude und kann sich dort anreichern. Da Radon ein schweres Gas ist, steigt die Konzentration vor allem in der Luft in Bodenn\u00e4he, z.B. in Kellerr\u00e4umen, aber auch in anderen Innenr\u00e4umen. Einatmen von Radon ist bereits 1988 durch das Krebszentrum der WHO als ernstzunehmendes Krebsrisiko f\u00fcr den Menschen nachgewiesen worden. Vor den Gefahren durch Radon warnt auch das Bundesamt f\u00fcr Strahlenschutz (BfS). Daher sind vor allem in den Regionen mit hoher Belastung radondichte Bodenbeschichtungssystem zu empfehlen und in manchen R\u00e4umlichkeiten demn\u00e4chst vorgeschrieben.<\/p>\n<p><strong>Pr\u00fcfung bestanden: Radondicht <\/strong><\/p>\n<p>F\u00fcr die (vom BfS geforderte) Senkung der Radonbelastung in Geb\u00e4uden durch gezielte Wahl von Baumaterialoberfl\u00e4chen bietet StoCretec Bodenbeschichtungssysteme und Einzel\u00adprodukte an, deren Radondichtigkeit das zertifizierte Labor f\u00fcr Radionuklidanalytik und Radiologische Gutachten, IAF Radio\u00ad\u00f6kologie (Radeberg), in anerkannten Messverfahren gepr\u00fcft und best\u00e4tigt hat:<\/p>\n<p><u>Oberfl\u00e4chenschutzsystem StoCretec OS 11b.5-1<\/u><\/p>\n<p>Grundierung: StoPox GH 530<\/p>\n<p>Abstreuung: StoQuarz 0,3-0,8 mm<\/p>\n<p>Beschichtung: StoPox TEP MultiTop + 40{ab9cb22b1639c68dfef7c1751c9d63405358944ce3964465eb35eb6b5b6beaaa} StoQuarz 0,3-0,8 mm<\/p>\n<p><u>Oberfl\u00e4chenschutzsystem StoCretec OS 8.15<\/u><\/p>\n<p>Grundierung: StoPox GH 502<\/p>\n<p>Abstreuung: StoQuarz 0,3-0,8 mm<\/p>\n<p>Beschichtung: StoPox 590 EP<\/p>\n<p>Abstreuung: StoQuarz 0,3-0,8 mm<\/p>\n<p>Versiegelung: StoPox DV 100<\/p>\n<p><u>Epoxidharzbeschichtung StoPox BB OS<\/u><\/p>\n<p>Die Beschichtungen verhindern die Radon-Diffusion durch Kellerb\u00f6den und -w\u00e4nde und schlie\u00dfen die Durchl\u00e4ssigkeit und Undichtigkeit von Bodenplatten durch fugenlose Abdichtung. Risse und Fugen werden dynamisch \u00fcberbr\u00fcckt und damit versiegelt. Dies best\u00e4tigen die Zertifikate. Die Bodenbeschich\u00adtungen bieten somit unterschiedliche technische L\u00f6sungen f\u00fcr Neubau, ebenso f\u00fcr Aus- und Umbau und f\u00fcr die Sanierung.<\/p>\n<hr \/>\n<p><a href=\"http:\/\/www.pr-neu.de\/newsroom\/wordpress\/wp-content\/uploads\/2019\/11\/19-11-Karte.jpg\"><img loading=\"lazy\" decoding=\"async\" class=\"size-medium wp-image-10883 aligncenter\" src=\"http:\/\/www.pr-neu.de\/newsroom\/wordpress\/wp-content\/uploads\/2019\/11\/19-11-Karte-212x300.jpg\" alt=\"\" width=\"212\" height=\"300\" srcset=\"https:\/\/www.pr-neu.de\/newsroom\/wordpress\/wp-content\/uploads\/2019\/11\/19-11-Karte-212x300.jpg 212w, https:\/\/www.pr-neu.de\/newsroom\/wordpress\/wp-content\/uploads\/2019\/11\/19-11-Karte-768x1087.jpg 768w, https:\/\/www.pr-neu.de\/newsroom\/wordpress\/wp-content\/uploads\/2019\/11\/19-11-Karte-723x1024.jpg 723w, https:\/\/www.pr-neu.de\/newsroom\/wordpress\/wp-content\/uploads\/2019\/11\/19-11-Karte-78x110.jpg 78w, https:\/\/www.pr-neu.de\/newsroom\/wordpress\/wp-content\/uploads\/2019\/11\/19-11-Karte-297x420.jpg 297w, https:\/\/www.pr-neu.de\/newsroom\/wordpress\/wp-content\/uploads\/2019\/11\/19-11-Karte-304x430.jpg 304w\" sizes=\"auto, (max-width: 212px) 100vw, 212px\" \/><\/a><\/p>\n<p style=\"text-align: center;\">\u00dcbersichtskarte Radon-Konzentration.<\/p>\n<p style=\"text-align: center;\">Bild: Radon-Info<\/p>\n<p><a href=\"http:\/\/www.pr-neu.de\/newsroom\/wordpress\/wp-content\/uploads\/2019\/11\/19-11_Radon1_G.jpg\"><img loading=\"lazy\" decoding=\"async\" class=\"size-medium wp-image-10881 aligncenter\" src=\"http:\/\/www.pr-neu.de\/newsroom\/wordpress\/wp-content\/uploads\/2019\/11\/19-11_Radon1_G-300x300.jpg\" alt=\"\" width=\"300\" height=\"300\" srcset=\"https:\/\/www.pr-neu.de\/newsroom\/wordpress\/wp-content\/uploads\/2019\/11\/19-11_Radon1_G-300x300.jpg 300w, https:\/\/www.pr-neu.de\/newsroom\/wordpress\/wp-content\/uploads\/2019\/11\/19-11_Radon1_G-150x150.jpg 150w, https:\/\/www.pr-neu.de\/newsroom\/wordpress\/wp-content\/uploads\/2019\/11\/19-11_Radon1_G-768x770.jpg 768w, https:\/\/www.pr-neu.de\/newsroom\/wordpress\/wp-content\/uploads\/2019\/11\/19-11_Radon1_G-1021x1024.jpg 1021w, https:\/\/www.pr-neu.de\/newsroom\/wordpress\/wp-content\/uploads\/2019\/11\/19-11_Radon1_G-250x250.jpg 250w, https:\/\/www.pr-neu.de\/newsroom\/wordpress\/wp-content\/uploads\/2019\/11\/19-11_Radon1_G-125x125.jpg 125w, https:\/\/www.pr-neu.de\/newsroom\/wordpress\/wp-content\/uploads\/2019\/11\/19-11_Radon1_G-110x110.jpg 110w, https:\/\/www.pr-neu.de\/newsroom\/wordpress\/wp-content\/uploads\/2019\/11\/19-11_Radon1_G-420x420.jpg 420w, https:\/\/www.pr-neu.de\/newsroom\/wordpress\/wp-content\/uploads\/2019\/11\/19-11_Radon1_G-429x430.jpg 429w, https:\/\/www.pr-neu.de\/newsroom\/wordpress\/wp-content\/uploads\/2019\/11\/19-11_Radon1_G.jpg 1970w\" sizes=\"auto, (max-width: 300px) 100vw, 300px\" \/><\/a><\/p>\n<p style=\"text-align: center;\"><a href=\"http:\/\/www.pr-neu.de\/newsroom\/wordpress\/wp-content\/uploads\/2019\/11\/19-11_Radon2_G.jpg\"><img loading=\"lazy\" decoding=\"async\" class=\"size-medium wp-image-10882\" src=\"http:\/\/www.pr-neu.de\/newsroom\/wordpress\/wp-content\/uploads\/2019\/11\/19-11_Radon2_G-300x298.jpg\" alt=\"\" width=\"300\" height=\"298\" srcset=\"https:\/\/www.pr-neu.de\/newsroom\/wordpress\/wp-content\/uploads\/2019\/11\/19-11_Radon2_G-300x298.jpg 300w, https:\/\/www.pr-neu.de\/newsroom\/wordpress\/wp-content\/uploads\/2019\/11\/19-11_Radon2_G-150x150.jpg 150w, https:\/\/www.pr-neu.de\/newsroom\/wordpress\/wp-content\/uploads\/2019\/11\/19-11_Radon2_G-768x763.jpg 768w, https:\/\/www.pr-neu.de\/newsroom\/wordpress\/wp-content\/uploads\/2019\/11\/19-11_Radon2_G-1024x1017.jpg 1024w, https:\/\/www.pr-neu.de\/newsroom\/wordpress\/wp-content\/uploads\/2019\/11\/19-11_Radon2_G-125x125.jpg 125w, https:\/\/www.pr-neu.de\/newsroom\/wordpress\/wp-content\/uploads\/2019\/11\/19-11_Radon2_G-110x110.jpg 110w, https:\/\/www.pr-neu.de\/newsroom\/wordpress\/wp-content\/uploads\/2019\/11\/19-11_Radon2_G-420x417.jpg 420w, https:\/\/www.pr-neu.de\/newsroom\/wordpress\/wp-content\/uploads\/2019\/11\/19-11_Radon2_G-433x430.jpg 433w, https:\/\/www.pr-neu.de\/newsroom\/wordpress\/wp-content\/uploads\/2019\/11\/19-11_Radon2_G.jpg 1975w\" sizes=\"auto, (max-width: 300px) 100vw, 300px\" \/><\/a><\/p>\n<p style=\"text-align: center;\">Mit StoCretec-Beschichtungen entstehen attraktive, belastbare und radondichte B\u00f6den.<\/p>\n<p style=\"text-align: center;\">Bilder: StoCretec<\/p>\n<p>Weitere Bilder auf Anfrage.<\/p>\n<hr \/>\n<p>Abdruck honorarfrei, Belegexemplar erbeten<\/p>\n","protected":false},"excerpt":{"rendered":"<p>\u201eJede Ma\u00dfnahme gegen Radon im Geb\u00e4ude sch\u00fctzt Leben\u201c (Radon-Handbuch Deutschland, BfS) Spezielle Bodenbeschichtungen verhindern das Eindringen von Radon aus dem Boden in Geb\u00e4ude. Dadurch bleibt die gesundheitsgef\u00e4hrdende Radon-Konzentration in Innen\u00adr\u00e4umen auch in Regionen mit hohem nat\u00fcrlichem Radon\u00advorkommen in unbedenklichen Grenzen. Premiumhersteller wie StoCretec (Kriftel) bieten Bodensysteme an, deren radondichte Wirkung durch das akkreditierte Institut IAF-Radio\u00f6kologie, [&hellip;]<\/p>\n","protected":false},"author":6,"featured_media":10881,"comment_status":"closed","ping_status":"open","sticky":false,"template":"","format":"standard","meta":{"footnotes":""},"categories":[16],"tags":[],"class_list":["post-10878","post","type-post","status-publish","format-standard","has-post-thumbnail","hentry","category-stocretec"],"_links":{"self":[{"href":"https:\/\/www.pr-neu.de\/newsroom\/wp-json\/wp\/v2\/posts\/10878","targetHints":{"allow":["GET"]}}],"collection":[{"href":"https:\/\/www.pr-neu.de\/newsroom\/wp-json\/wp\/v2\/posts"}],"about":[{"href":"https:\/\/www.pr-neu.de\/newsroom\/wp-json\/wp\/v2\/types\/post"}],"author":[{"embeddable":true,"href":"https:\/\/www.pr-neu.de\/newsroom\/wp-json\/wp\/v2\/users\/6"}],"replies":[{"embeddable":true,"href":"https:\/\/www.pr-neu.de\/newsroom\/wp-json\/wp\/v2\/comments?post=10878"}],"version-history":[{"count":8,"href":"https:\/\/www.pr-neu.de\/newsroom\/wp-json\/wp\/v2\/posts\/10878\/revisions"}],"predecessor-version":[{"id":11646,"href":"https:\/\/www.pr-neu.de\/newsroom\/wp-json\/wp\/v2\/posts\/10878\/revisions\/11646"}],"wp:featuredmedia":[{"embeddable":true,"href":"https:\/\/www.pr-neu.de\/newsroom\/wp-json\/wp\/v2\/media\/10881"}],"wp:attachment":[{"href":"https:\/\/www.pr-neu.de\/newsroom\/wp-json\/wp\/v2\/media?parent=10878"}],"wp:term":[{"taxonomy":"category","embeddable":true,"href":"https:\/\/www.pr-neu.de\/newsroom\/wp-json\/wp\/v2\/categories?post=10878"},{"taxonomy":"post_tag","embeddable":true,"href":"https:\/\/www.pr-neu.de\/newsroom\/wp-json\/wp\/v2\/tags?post=10878"}],"curies":[{"name":"wp","href":"https:\/\/api.w.org\/{rel}","templated":true}]}}