{"id":10858,"date":"2019-11-04T08:00:07","date_gmt":"2019-11-04T07:00:07","guid":{"rendered":"http:\/\/www.pr-nord.de\/newsroom\/?p=10858"},"modified":"2020-05-18T15:01:57","modified_gmt":"2020-05-18T13:01:57","slug":"innen-daemmen-innovativ-wirtschaftlich-nachhaltig","status":"publish","type":"post","link":"https:\/\/www.pr-neu.de\/newsroom\/innen-daemmen-innovativ-wirtschaftlich-nachhaltig\/","title":{"rendered":"Innen d\u00e4mmen: innovativ,  wirtschaftlich, nachhaltig"},"content":{"rendered":"<p><u>KlimaKomfort-System f\u00fcr Schimmelsanierung\u00a0<\/u><u>und Innend\u00e4mmung von S\u00fcdwest<\/u><\/p>\n<p><strong>Innen d\u00e4mmen ist ideal, wenn eine Au\u00dfend\u00e4mmung nicht m\u00f6glich ist. Wichtig f\u00fcr eine dauerhafte Sanierung sind die auf das Objekt abgestimmte L\u00f6sung und perfekte Verarbeitung. Die \u201eKlimaKomfort-Systeme\u201c bieten Profi-L\u00f6sungen f\u00fcr jede bautechnische Aufgabe. Kernidee ist der Systemgedanke vom Kleber bis zur Schlussbeschichtung in Verbindung mit einem spezifisch w\u00e4hlbaren D\u00e4mmstoff. Mit einer Perlit-Platte eignet sich das System ideal f\u00fcr die Schimmelsanierung, mit dem D\u00e4mmstoff XPS steht der zeitgem\u00e4\u00dfe W\u00e4rmeschutz f\u00fcr bislang schlecht ged\u00e4mmte Altbauten im Vordergrund. So ist sogar die energetische Ert\u00fcchtigung denkmalgesch\u00fctzter Geb\u00e4ude m\u00f6glich. <\/strong><\/p>\n<p>Fast 40 Prozent der Bestandsgeb\u00e4ude k\u00f6nnen nicht von au\u00dfen ged\u00e4mmt werden. Entweder soll die Optik erhalten bleiben oder es fehlt schlicht der Platz f\u00fcr ein Fassadend\u00e4mmsystem. Dann setzt eine Energiespar-Optimierung innen an. Moderne Systeme, die Diffusion zulassen, haben die grunds\u00e4tzlichen bauphysikalischen Schwierigkeiten innenliegender Geb\u00e4ude\u00add\u00e4mmung l\u00e4ngst gemeistert und funktionieren zuverl\u00e4ssig. Grundprinzip ist ein kapillaraktiver Gesamtaufbau von D\u00e4mm\u00adplatten, Klebe- und Armierungsm\u00f6rtel. Besonders f\u00fcr feuchtig\u00adkeitsbelastete und schimmelgef\u00e4hrdete R\u00e4ume bietet das KlimaKomfort-System mit Perlit-Platten (S\u00fcdwest) eine bew\u00e4hr\u00adte L\u00f6sung aus einer Hand. Steht verbesserter W\u00e4rmeschutz im Fokus, eignet sich die Systemvariante mit XPS-D\u00e4mmplatte aufgrund der besseren D\u00e4mmeigenschaften besser. Beide Systeme verwandeln kalt-klamme Bauten in behagliche Wohnr\u00e4ume.<\/p>\n<p><strong>D\u00e4mmen mit Feuchte-Management<\/strong><\/p>\n<p>Ist Schimmel im Haus, muss schon der Gesundheit zuliebe schnell gehandelt werden Das Umweltbundesamt r\u00e4t: \u201eAuch geringe Schimmelpilzquellen im Innenraum sind aus Gr\u00fcnden des Gesundheitsschutzes zu beseitigen.\u201c<\/p>\n<p>Mineralische Schimmelsanierungsplatten aus dem Vulkan\u00adgestein Perlit regulieren die Luftfeuchtigkeit: Sie fungieren als nat\u00fcrlicher Puffer, halten also die Wandoberfl\u00e4che stets trocken und entziehen dem Schimmel so seine Wachstumsgrundlage). Als saugstarke Platten nehmen sie bis 13,7 Liter Wasser pro Quadratmeter auf und geben es bei Trockenheit wieder an die Raumluft ab. Mit dieser Speicherkapazit\u00e4t lassen sich auch extreme Feuchtespitzen (Duschen, Kochen) zuverl\u00e4ssig puffern.<\/p>\n<p>Wenn die D\u00e4mmung in erster Linie W\u00e4rmeverluste nach au\u00dfen minimieren soll, steht die \u201eKlimaKomfort Therm-Platte\u201c zu Wahl. Die XPS-Platte erreicht aufgrund des besseren W\u00e4rmeleit\u00adwertes (WLG 035) mit geringen Plattendicken die W\u00e4rme\u00add\u00e4mmeigenschaften der Perlit-Platte und spart dadurch dieser gegen\u00fcber Platz. So mindert sie effizient die W\u00e4rmeverluste. Dadurch bleibt zudem die Oberfl\u00e4chentemperatur auf der Innenseite der Au\u00dfenwand h\u00f6her \u2013 und das senkt das Risiko f\u00fcr Schimmelbildung.<\/p>\n<p><strong>Ganz nat\u00fcrlich im System<\/strong><\/p>\n<p>Zum \u201eAlles-aus-einer-Hand\u201c-System zur Innend\u00e4mmung und Schimmelsanierung von S\u00fcdwest geh\u00f6ren Kleber, Reiniger, Grundierung und Schlussbeschichtungen aus mineralischen, diffusionsoffenen Baustoffen, die in jeder Kombination zueinander passen.<\/p>\n<ul>\n<li>Als Klebe- und als Armierungsm\u00f6rtel f\u00fcr die D\u00e4mmplatten \u2013 ob Perlit oder XPS \u2013 und zur Egalisation dient der \u201eKlimaKomfort K+A-M\u00f6rtel\u201c, wasserdampfdurchl\u00e4ssig und hoch alkalisch. Der M\u00f6rtel erf\u00fcllt die strengen Anfor\u00adderungen der natureplus-Vergaberichtlinie \u201eRL0808 Minera\u00adlische Klebe- und Spachtelmassen f\u00fcr den Innenbereich\u201c \u2013 optimal f\u00fcr wohngesunde Sanierungskonzepte.<\/li>\n<li>F\u00fcr glatte Oberfl\u00e4chen ist der zementgebundene \u201eRapid Spachtel\u201c ideal. Er eignet sich f\u00fcr nahezu alle Untergr\u00fcnde (z. B. mineralische, organische und nicht saugende Unter\u00adgr\u00fcnde). Putzoberfl\u00e4chen in besonders sensiblen Bereichen lassen sich mit dem \u201eBio-innenPutz und Bio-DekorPutz F\u201c bearbeiten. Die silikatischen Farben \u201eBio-InnenSilikat\u201coder SilikatTopIn bieten sich f\u00fcr alle Oberfl\u00e4chen an.<\/li>\n<li>Vorbereiten l\u00e4sst sich die Sanierung mit \u201eFungan\u201c oder dem \u201eSchimmel-Fresser\u201c von S\u00fcdwest, zudem geh\u00f6rt eine passende Grundierung (Fixativ) zum System.<\/li>\n<\/ul>\n<p><strong>Um die Ecke gedacht<\/strong><\/p>\n<p>Eine typische Schwachstelle bei der Innend\u00e4mmung sind die \u00dcberg\u00e4nge von der Au\u00dfenwand an die Decke: Konstruktiv liegt hier zwangsl\u00e4ufig eine K\u00e4ltebr\u00fccke vor. Um ihre negative Wirkung zu minimieren, m\u00fcssten angrenzende Bauteile ebenfalls angepasst werden. Eine praktische und professionelle L\u00f6sung sind D\u00e4mmplatte in Keilform, die es zu den Systemen passend aus Perlit oder XPS gibt. So entsteht optisch der Eindruck eines ansatzlosen \u00dcbergangs. Zugleich wirkt dies dem \u201eK\u00fchlrippen-Effekt\u201c der Decken entgegen, der droht, wenn sich die D\u00e4mmung auf die Innenseite der Au\u00dfenwand beschr\u00e4nkt.<\/p>\n<p>Die D\u00e4mmsysteme werden mit g\u00e4ngigen Verfahren und Werkzeugen appliziert und lassen sich frei kombinieren. Von Zimmer zu Zimmer ist so eine andere L\u00f6sung m\u00f6glich: Dominiert im ersten Raum das Feuchtigkeits- und im Nebenraum das K\u00e4lteproblem, kann im ersten die Perlit-Platte und im zweiten die Therm-Platte eingesetzt werden.<\/p>\n<hr \/>\n<p><a href=\"http:\/\/www.pr-neu.de\/newsroom\/wordpress\/wp-content\/uploads\/2019\/10\/19-10_KK_Platte_Cutter_G.jpg\"><img loading=\"lazy\" decoding=\"async\" class=\"size-medium wp-image-10861 aligncenter\" src=\"http:\/\/www.pr-neu.de\/newsroom\/wordpress\/wp-content\/uploads\/2019\/10\/19-10_KK_Platte_Cutter_G-225x300.jpg\" alt=\"\" width=\"225\" height=\"300\" srcset=\"https:\/\/www.pr-neu.de\/newsroom\/wordpress\/wp-content\/uploads\/2019\/10\/19-10_KK_Platte_Cutter_G-225x300.jpg 225w, https:\/\/www.pr-neu.de\/newsroom\/wordpress\/wp-content\/uploads\/2019\/10\/19-10_KK_Platte_Cutter_G-768x1024.jpg 768w, https:\/\/www.pr-neu.de\/newsroom\/wordpress\/wp-content\/uploads\/2019\/10\/19-10_KK_Platte_Cutter_G-82x110.jpg 82w, https:\/\/www.pr-neu.de\/newsroom\/wordpress\/wp-content\/uploads\/2019\/10\/19-10_KK_Platte_Cutter_G-315x420.jpg 315w, https:\/\/www.pr-neu.de\/newsroom\/wordpress\/wp-content\/uploads\/2019\/10\/19-10_KK_Platte_Cutter_G-322x430.jpg 322w, https:\/\/www.pr-neu.de\/newsroom\/wordpress\/wp-content\/uploads\/2019\/10\/19-10_KK_Platte_Cutter_G.jpg 1346w\" sizes=\"auto, (max-width: 225px) 100vw, 225px\" \/><\/a><\/p>\n<p style=\"text-align: center;\">Die KlimaKomfort Perlit-Platte ist leicht, schnell und sauber zu verarbeiten. F\u00fcr den Zuschnitt gen\u00fcgt ein Cuttermesser.<\/p>\n<p><a href=\"http:\/\/www.pr-neu.de\/newsroom\/wordpress\/wp-content\/uploads\/2019\/10\/19-10_KK_Platte_Wasser_G.jpg\"><img loading=\"lazy\" decoding=\"async\" class=\"size-medium wp-image-10862 aligncenter\" src=\"http:\/\/www.pr-neu.de\/newsroom\/wordpress\/wp-content\/uploads\/2019\/10\/19-10_KK_Platte_Wasser_G-225x300.jpg\" alt=\"\" width=\"225\" height=\"300\" srcset=\"https:\/\/www.pr-neu.de\/newsroom\/wordpress\/wp-content\/uploads\/2019\/10\/19-10_KK_Platte_Wasser_G-225x300.jpg 225w, https:\/\/www.pr-neu.de\/newsroom\/wordpress\/wp-content\/uploads\/2019\/10\/19-10_KK_Platte_Wasser_G-768x1024.jpg 768w, https:\/\/www.pr-neu.de\/newsroom\/wordpress\/wp-content\/uploads\/2019\/10\/19-10_KK_Platte_Wasser_G-82x110.jpg 82w, https:\/\/www.pr-neu.de\/newsroom\/wordpress\/wp-content\/uploads\/2019\/10\/19-10_KK_Platte_Wasser_G-315x420.jpg 315w, https:\/\/www.pr-neu.de\/newsroom\/wordpress\/wp-content\/uploads\/2019\/10\/19-10_KK_Platte_Wasser_G-322x430.jpg 322w, https:\/\/www.pr-neu.de\/newsroom\/wordpress\/wp-content\/uploads\/2019\/10\/19-10_KK_Platte_Wasser_G.jpg 1346w\" sizes=\"auto, (max-width: 225px) 100vw, 225px\" \/><\/a><\/p>\n<p style=\"text-align: center;\">Die Perlit-Platten sind \u00e4u\u00dferst saugstark: Sie nehmen bis zu 13,7 Liter Wasser pro Quadratmeter auf.<\/p>\n<p><a href=\"http:\/\/www.pr-neu.de\/newsroom\/wordpress\/wp-content\/uploads\/2019\/10\/19-10-KlimaKomfort_Keil_01_G.jpg\"><img loading=\"lazy\" decoding=\"async\" class=\"size-medium wp-image-10863 aligncenter\" src=\"http:\/\/www.pr-neu.de\/newsroom\/wordpress\/wp-content\/uploads\/2019\/10\/19-10-KlimaKomfort_Keil_01_G-300x225.jpg\" alt=\"\" width=\"300\" height=\"225\" srcset=\"https:\/\/www.pr-neu.de\/newsroom\/wordpress\/wp-content\/uploads\/2019\/10\/19-10-KlimaKomfort_Keil_01_G-300x225.jpg 300w, https:\/\/www.pr-neu.de\/newsroom\/wordpress\/wp-content\/uploads\/2019\/10\/19-10-KlimaKomfort_Keil_01_G-768x576.jpg 768w, https:\/\/www.pr-neu.de\/newsroom\/wordpress\/wp-content\/uploads\/2019\/10\/19-10-KlimaKomfort_Keil_01_G-1024x767.jpg 1024w, https:\/\/www.pr-neu.de\/newsroom\/wordpress\/wp-content\/uploads\/2019\/10\/19-10-KlimaKomfort_Keil_01_G-110x82.jpg 110w, https:\/\/www.pr-neu.de\/newsroom\/wordpress\/wp-content\/uploads\/2019\/10\/19-10-KlimaKomfort_Keil_01_G-420x315.jpg 420w, https:\/\/www.pr-neu.de\/newsroom\/wordpress\/wp-content\/uploads\/2019\/10\/19-10-KlimaKomfort_Keil_01_G-574x430.jpg 574w, https:\/\/www.pr-neu.de\/newsroom\/wordpress\/wp-content\/uploads\/2019\/10\/19-10-KlimaKomfort_Keil_01_G.jpg 1772w\" sizes=\"auto, (max-width: 300px) 100vw, 300px\" \/><\/a><\/p>\n<p style=\"text-align: center;\">Keilplatten zur Deckend\u00e4mmung (hier aus Perlit) werden mit der dicken Seite zur Au\u00dfenwand verarbeitet. Sie wirken W\u00e4rmebr\u00fccken \u00fcber die Decke entgegen.<\/p>\n<p><a href=\"http:\/\/www.pr-neu.de\/newsroom\/wordpress\/wp-content\/uploads\/2019\/10\/19-10-KlimaKomfort_Keil_02_G.jpg\"><img loading=\"lazy\" decoding=\"async\" class=\"size-medium wp-image-10864 aligncenter\" src=\"http:\/\/www.pr-neu.de\/newsroom\/wordpress\/wp-content\/uploads\/2019\/10\/19-10-KlimaKomfort_Keil_02_G-300x242.jpg\" alt=\"\" width=\"300\" height=\"242\" srcset=\"https:\/\/www.pr-neu.de\/newsroom\/wordpress\/wp-content\/uploads\/2019\/10\/19-10-KlimaKomfort_Keil_02_G-300x242.jpg 300w, https:\/\/www.pr-neu.de\/newsroom\/wordpress\/wp-content\/uploads\/2019\/10\/19-10-KlimaKomfort_Keil_02_G-768x618.jpg 768w, https:\/\/www.pr-neu.de\/newsroom\/wordpress\/wp-content\/uploads\/2019\/10\/19-10-KlimaKomfort_Keil_02_G-1024x825.jpg 1024w, https:\/\/www.pr-neu.de\/newsroom\/wordpress\/wp-content\/uploads\/2019\/10\/19-10-KlimaKomfort_Keil_02_G-110x89.jpg 110w, https:\/\/www.pr-neu.de\/newsroom\/wordpress\/wp-content\/uploads\/2019\/10\/19-10-KlimaKomfort_Keil_02_G-420x338.jpg 420w, https:\/\/www.pr-neu.de\/newsroom\/wordpress\/wp-content\/uploads\/2019\/10\/19-10-KlimaKomfort_Keil_02_G-534x430.jpg 534w, https:\/\/www.pr-neu.de\/newsroom\/wordpress\/wp-content\/uploads\/2019\/10\/19-10-KlimaKomfort_Keil_02_G.jpg 1772w\" sizes=\"auto, (max-width: 300px) 100vw, 300px\" \/><\/a><\/p>\n<p style=\"text-align: center;\">Perfekte geplante Innend\u00e4mmung: Der \u201eKlimaKomfort Therm Keil\u201c sorgt f\u00fcr eine technisch sichere und optisch ansprechende L\u00f6sung, um Decken in das D\u00e4mmsystem einzubinden.<\/p>\n<hr \/>\n<p>Abdruck honorarfrei, Belegexemplar erbeten<\/p>\n","protected":false},"excerpt":{"rendered":"<p>KlimaKomfort-System f\u00fcr Schimmelsanierung\u00a0und Innend\u00e4mmung von S\u00fcdwest Innen d\u00e4mmen ist ideal, wenn eine Au\u00dfend\u00e4mmung nicht m\u00f6glich ist. Wichtig f\u00fcr eine dauerhafte Sanierung sind die auf das Objekt abgestimmte L\u00f6sung und perfekte Verarbeitung. Die \u201eKlimaKomfort-Systeme\u201c bieten Profi-L\u00f6sungen f\u00fcr jede bautechnische Aufgabe. Kernidee ist der Systemgedanke vom Kleber bis zur Schlussbeschichtung in Verbindung mit einem spezifisch w\u00e4hlbaren D\u00e4mmstoff. [&hellip;]<\/p>\n","protected":false},"author":6,"featured_media":10891,"comment_status":"closed","ping_status":"open","sticky":false,"template":"","format":"standard","meta":{"footnotes":""},"categories":[17],"tags":[],"class_list":["post-10858","post","type-post","status-publish","format-standard","has-post-thumbnail","hentry","category-sudwest"],"_links":{"self":[{"href":"https:\/\/www.pr-neu.de\/newsroom\/wp-json\/wp\/v2\/posts\/10858","targetHints":{"allow":["GET"]}}],"collection":[{"href":"https:\/\/www.pr-neu.de\/newsroom\/wp-json\/wp\/v2\/posts"}],"about":[{"href":"https:\/\/www.pr-neu.de\/newsroom\/wp-json\/wp\/v2\/types\/post"}],"author":[{"embeddable":true,"href":"https:\/\/www.pr-neu.de\/newsroom\/wp-json\/wp\/v2\/users\/6"}],"replies":[{"embeddable":true,"href":"https:\/\/www.pr-neu.de\/newsroom\/wp-json\/wp\/v2\/comments?post=10858"}],"version-history":[{"count":7,"href":"https:\/\/www.pr-neu.de\/newsroom\/wp-json\/wp\/v2\/posts\/10858\/revisions"}],"predecessor-version":[{"id":11489,"href":"https:\/\/www.pr-neu.de\/newsroom\/wp-json\/wp\/v2\/posts\/10858\/revisions\/11489"}],"wp:featuredmedia":[{"embeddable":true,"href":"https:\/\/www.pr-neu.de\/newsroom\/wp-json\/wp\/v2\/media\/10891"}],"wp:attachment":[{"href":"https:\/\/www.pr-neu.de\/newsroom\/wp-json\/wp\/v2\/media?parent=10858"}],"wp:term":[{"taxonomy":"category","embeddable":true,"href":"https:\/\/www.pr-neu.de\/newsroom\/wp-json\/wp\/v2\/categories?post=10858"},{"taxonomy":"post_tag","embeddable":true,"href":"https:\/\/www.pr-neu.de\/newsroom\/wp-json\/wp\/v2\/tags?post=10858"}],"curies":[{"name":"wp","href":"https:\/\/api.w.org\/{rel}","templated":true}]}}