{"id":10835,"date":"2019-10-17T11:13:01","date_gmt":"2019-10-17T09:13:01","guid":{"rendered":"http:\/\/www.pr-nord.de\/newsroom\/?p=10835"},"modified":"2020-05-18T15:15:42","modified_gmt":"2020-05-18T13:15:42","slug":"fach-symposium-gibt-startschuss-fuer-neue-digitale-loesungen","status":"publish","type":"post","link":"https:\/\/www.pr-neu.de\/newsroom\/fach-symposium-gibt-startschuss-fuer-neue-digitale-loesungen\/","title":{"rendered":"Fach-Symposium gibt Startschuss f\u00fcr neue digitale L\u00f6sungen"},"content":{"rendered":"<p>Als der Pionier dimmbarer Verglasung hat EControl die elektrochrome Verschattungsm\u00f6glichkeit im Glas zur Marktreife gebracht und seitdem kontinuierlich weiter entwickelt. Seinen zehnten Geburtstag hat das Plauener Unternehmen jetzt zum Anlass genommen, im Rahmen eines Fach-Symposiums den offiziellen Startschuss f\u00fcr die neue Digital-Strategie zu geben. Mit dem smarten Produkt im R\u00fccken will EControl die Einbindung der Gl\u00e4ser in digitale Steuerungskonzepte der Geb\u00e4udetechnik noch mehr in Fokus r\u00fccken und IoT-L\u00f6sungen pr\u00e4sentieren. \u201eWir haben uns bewusst daf\u00fcr entschieden, diesen Weg zusammen mit Partnern zu gehen. Damit die entwickelten L\u00f6sungen genau den Anforderungen der Anwender, Architekten und Planer entsprechen\u201c, unterstreicht EControl-Gesch\u00e4ftsf\u00fchrer Tobias John.<\/p>\n<p><strong>\u00a0<\/strong><\/p>\n<p>Die Energiebilanz eines Geb\u00e4udes und die \u00c4sthetik \u2013 sowohl beim Blick von Au\u00dfen als auch Innen \u2013 sind zwei zentrale Ankn\u00fcpfungspunkte, wo die dimmbare Verglasung Vorteile gegen\u00fcber au\u00dfenliegenden Verschattungen bietet. \u201eEControl ist ein ganz hervorragendes Beispiel f\u00fcr eine adaptive Fassade. Man kann abh\u00e4ngig von der Sonneinstrahlung oder von der Raumtemperatur das Glas selbst regeln lassen. Und das ist die Zukunft: Das Glas bestimmt selbst, wie viel Energie in den Raum reinkommt\u201c, erkl\u00e4rte Dr. Ing. Stephan Schlitzberger, Gesch\u00e4ftsf\u00fchrer ibh Ingenieurb\u00fcro, auf dem Symposium die Vorteile.<\/p>\n<p>Diese intelligente Automatisierung weiter voranzutreiben und ungenutzte Potenziale aufzudecken ist die Aufgabe f\u00fcr die unmittelbare Zukunft. Stichworte hier: \u201eK\u00fcnstliche Intelligenz, das hei\u00dft vorausschauendes Denken und smart Maintenance \u2013 da geht wahrscheinlich der Trend hin. Gerade auch im Bereich der Industrie. Generell besteht die Herausforderung in der Zukunft, eigentlich alle Systeme miteinander zu kombinieren\u201c, erl\u00e4uterte Dipl.-Ing. Christian Koch, Systemberater bei WAGO Kontakttechnik. Den Grundstein hat EControl daf\u00fcr bereits gelegt und entwickelt die L\u00f6sungen am Bedarf der Kunden entlang weiter. \u201eF\u00fcr uns ist es in vielen Bereichen eine Weiterentwicklung. Man kann in dem Glas noch weitergehen, dunkler und heller werden zum Beispiel. Aber in dem smarten Bereich liegen die Potenziale, die man sehr schnell absch\u00f6pfen kann und dem Kunden, zum Beispiel \u00fcber ein Software-Update, zus\u00e4tzliche Funktionen erm\u00f6glicht\u201c, betonte John, dass die Entwicklung begonnen hat. Mit den Fachvortr\u00e4gen und Workshops hat das Fach-Symposium neuen Impulse gesetzt, die adaptive Geb\u00e4udeh\u00fclle in smarten Geb\u00e4uden als feste Gr\u00f6\u00dfe zu etablieren und zugleich den Startschuss f\u00fcr die n\u00e4chsten Schritte gegeben, um die Entwicklungs-Ziele umzusetzen.<\/p>\n<p>Eine Zusammenfassung der Veranstaltung sowie einen Podcast mit den Fach-Vortr\u00e4gen finden Sie hier: <a href=\"http:\/\/econtrol-glas.de\/download-symposium\" target=\"_blank\" rel=\"noopener noreferrer\">http:\/\/econtrol-glas.de\/download-symposium<\/a><\/p>\n<hr \/>\n<p style=\"text-align: center;\"><a href=\"http:\/\/www.pr-neu.de\/newsroom\/wordpress\/wp-content\/uploads\/2019\/10\/19-04_EControl_Fachsymposium_G.jpg\" target=\"_blank\" rel=\"noopener noreferrer\"><img loading=\"lazy\" decoding=\"async\" class=\"aligncenter wp-image-10832 size-medium\" src=\"http:\/\/www.pr-neu.de\/newsroom\/wordpress\/wp-content\/uploads\/2019\/10\/19-04_EControl_Fachsymposium_G-200x300.jpg\" alt=\"\" width=\"200\" height=\"300\" \/><\/a>EControl-Gesch\u00e4ftsf\u00fchrer Tobias John stellte die L\u00f6sungen vor, die die adaptiven Gl\u00e4ser des Unternehmens aus Plauen bieten. Durch den elektrochromen Effekt tragen die EControl-Gl\u00e4ser einen gro\u00dfen Teil zum Energiemanagement von Geb\u00e4uden teil.<\/p>\n<p style=\"text-align: center;\"><a href=\"http:\/\/www.pr-neu.de\/newsroom\/wordpress\/wp-content\/uploads\/2019\/10\/19-04_EControl_Fachsymposium_2_G.jpg\" target=\"_blank\" rel=\"noopener noreferrer\"><img loading=\"lazy\" decoding=\"async\" class=\"aligncenter wp-image-10831 size-medium\" src=\"http:\/\/www.pr-neu.de\/newsroom\/wordpress\/wp-content\/uploads\/2019\/10\/19-04_EControl_Fachsymposium_2_G-300x200.jpg\" alt=\"\" width=\"300\" height=\"200\" \/><\/a>Bei einer F\u00fchrung durch die Produktionshallen, erkl\u00e4rte Thomas Groneick (Mitte), aus dem EControl-Vertriebsteam, die Funktion und den Aufbau der smarten Scheiben.<\/p>\n<p style=\"text-align: center;\"><strong>Alle Fotos<\/strong>: EControl-Glas<\/p>\n<hr \/>\n<p><strong>R\u00fcckfragen beantwortet gern<\/strong><\/p>\n<table width=\"532\">\n<tbody>\n<tr>\n<td valign=\"top\" width=\"260\" height=\"25\"><strong>EControl-Glas<\/strong> GmbH &amp; Co. KG<br \/>\nThomas Groneick<br \/>\nTel.: + 49 0173 \/ 46 76 22 6<br \/>\nE-Mail: <a href=\"&#x6d;&#97;i&#x6c;&#116;o&#x3a;&#118;e&#x72;&#x74;&#114;&#x69;&#x65;&#98;&#64;&#x65;&#99;o&#x6e;&#116;r&#x6f;&#x6c;&#45;&#x67;&#x6c;&#97;s&#x2e;&#100;e\">&#118;&#x65;r&#116;&#x72;i&#101;&#x62;&#64;&#101;&#x63;o&#110;&#x74;&#114;&#x6f;&#x6c;&#45;&#x67;&#x6c;&#97;&#x73;&#46;&#100;&#x65;<\/a><\/td>\n<td colspan=\"3\" valign=\"top\" width=\"260\" height=\"21\"><\/td>\n<\/tr>\n<\/tbody>\n<\/table>\n<p>Abdruck honorarfrei, Belegexemplar erbeten an<\/p>\n","protected":false},"excerpt":{"rendered":"<p>Als der Pionier dimmbarer Verglasung hat EControl die elektrochrome Verschattungsm\u00f6glichkeit im Glas zur Marktreife gebracht und seitdem kontinuierlich weiter entwickelt. Seinen zehnten Geburtstag hat das Plauener Unternehmen jetzt zum Anlass genommen, im Rahmen eines Fach-Symposiums den offiziellen Startschuss f\u00fcr die neue Digital-Strategie zu geben. Mit dem smarten Produkt im R\u00fccken will EControl die Einbindung der [&hellip;]<\/p>\n","protected":false},"author":6,"featured_media":0,"comment_status":"closed","ping_status":"open","sticky":false,"template":"","format":"standard","meta":{"footnotes":""},"categories":[25],"tags":[],"class_list":["post-10835","post","type-post","status-publish","format-standard","hentry","category-econtrol"],"_links":{"self":[{"href":"https:\/\/www.pr-neu.de\/newsroom\/wp-json\/wp\/v2\/posts\/10835","targetHints":{"allow":["GET"]}}],"collection":[{"href":"https:\/\/www.pr-neu.de\/newsroom\/wp-json\/wp\/v2\/posts"}],"about":[{"href":"https:\/\/www.pr-neu.de\/newsroom\/wp-json\/wp\/v2\/types\/post"}],"author":[{"embeddable":true,"href":"https:\/\/www.pr-neu.de\/newsroom\/wp-json\/wp\/v2\/users\/6"}],"replies":[{"embeddable":true,"href":"https:\/\/www.pr-neu.de\/newsroom\/wp-json\/wp\/v2\/comments?post=10835"}],"version-history":[{"count":7,"href":"https:\/\/www.pr-neu.de\/newsroom\/wp-json\/wp\/v2\/posts\/10835\/revisions"}],"predecessor-version":[{"id":11525,"href":"https:\/\/www.pr-neu.de\/newsroom\/wp-json\/wp\/v2\/posts\/10835\/revisions\/11525"}],"wp:attachment":[{"href":"https:\/\/www.pr-neu.de\/newsroom\/wp-json\/wp\/v2\/media?parent=10835"}],"wp:term":[{"taxonomy":"category","embeddable":true,"href":"https:\/\/www.pr-neu.de\/newsroom\/wp-json\/wp\/v2\/categories?post=10835"},{"taxonomy":"post_tag","embeddable":true,"href":"https:\/\/www.pr-neu.de\/newsroom\/wp-json\/wp\/v2\/tags?post=10835"}],"curies":[{"name":"wp","href":"https:\/\/api.w.org\/{rel}","templated":true}]}}